{"id":171513,"date":"2025-12-01T08:24:31","date_gmt":"2025-12-01T08:24:31","guid":{"rendered":"https:\/\/www.europesays.com\/pt\/171513\/"},"modified":"2025-12-01T08:24:31","modified_gmt":"2025-12-01T08:24:31","slug":"perdidos-de-amor-marisa-e-pedro-trocam-beijos-apaixonados-as-escondidas-tvi-player","status":"publish","type":"post","link":"https:\/\/www.europesays.com\/pt\/171513\/","title":{"rendered":"Perdidos de amor, Marisa e Pedro trocam beijos apaixonados \u00e0s escondidas &#8211; TVI Player"},"content":{"rendered":"<ol>\n<li><a href=\"https:\/\/news.google.com\/rss\/articles\/CBMipAFBVV95cUxQQXdhVHUyUlJoUGNIZzl0eHJwNk84bHh1aEx1Vk1IWHUzdVBCX0w2T09xVXgyRzJjSlNpRFNvalVvNmZFUVNlcWlDblZMVVdmWlR3T3pIZ0xheHJxM2hVUjhEN1V4LU85UVlZWG1EbXJWTHctVlBBSmk4QW5kZW9SOGF4Tlk0ZzlLdFRral9ueDc2Q2Y0TVZ3eW9UUGlxdFBYYVZRYQ?oc=5\" target=\"_blank\" rel=\"nofollow noopener\">Perdidos de amor, Marisa e Pedro trocam beijos apaixonados \u00e0s escondidas<\/a>&nbsp;&nbsp;TVI Player<\/li>\n<li><a href=\"https:\/\/news.google.com\/rss\/articles\/CBMiswFBVV95cUxQcHlsd1I2LUp3eHRSSmI4V2d4RjVVaE03eTNiMUNwZ2t5dmRwTEJrdzB5aUlxbXlzLUwwSWFITEFFcDh4aUY3Q3VFc0FzOVNERHNUSkFldEEzQVNPdTIybWtZNlllMWxuOGtsYVE1RXJoOW43Q1FqN0tOTi1yRVh4QlFBWkhWNXdwR2FtOEdHV2w2MmVUZXpicWZWeFdVLXY2akk1MHRhTGpUQUNqX016V2dtSQ?oc=5\" target=\"_blank\" rel=\"nofollow noopener\">Marisa e Pedro trocam beijos e declara\u00e7\u00f5es e s\u00e3o interrompidos pela Voz: &#8220;N\u00e3o podem sussurrar&#8230;&#8221;<\/a>&nbsp;&nbsp;Hiper Fm<\/li>\n<li><a href=\"https:\/\/news.google.com\/rss\/articles\/CBMipwFBVV95cUxNaVkxa2hnVjQ1TGVrSWFIOUJzb2ZuTVhLWjYtWno0aXFwVUtkSDlqVFlzV053Y0RJbWl0bXhlYkRSQWRUNXFfWWtzVExTOUZIMmhqZmtHVUNNV2dqc1JzYzVQRHc1RmtWNmJ1aWhQbHJDMVZfOTlkS204OWx3ZTNWSzJDbGJSaDcxQURBakhac290VElqNEhER0JJNFMyNzdsMzBzTDd1UQ?oc=5\" target=\"_blank\" rel=\"nofollow noopener\">Surpresa na casa do Secret Story 9: beijos, juras de amor\u2026 e um aviso inesperado da Voz<\/a>&nbsp;&nbsp;infocul.pt<\/li>\n<li><a href=\"https:\/\/news.google.com\/rss\/articles\/CBMiwwFBVV95cUxOaXpqU0pGdDZPbHN3eXlyWXctM0h0QVdEUjZpWEV6ZHdNOE9ocDUzTE5hamNtMEFWU0NXVmxZUGR3OEt1R2VzN21LUWI2UlhyU3VGMlcyWUJqUzZXS1Nmd2c0akhRMGhWbWw0anBRODJRQUJaTHYtRjk3UHJjUml2SHVaZXNOaEtVTU45aWt4OFUwOXRqM1dsazY4a3BvZzQtckY0ZUsxY21jMUV6NFhDUThrQndUMGI0X2FOcHBPM01FQUnSAcgBQVVfeXFMTXVIQ2c5c29VNy1EMFoxSFAwdDhmSF9pVi1YZnE4WUpHOUdKZ3hSa0ZSQ25zZXBBUG5CMWVUcnFadlJoOXdmOXhURmREMXh4Vmk0czZnMlJaV1ZmZGxibDZZT3dHdEFkUlFvWEF2WnJ4QWNHaU5CWF9kRU5PTkZPMmlHUGtLX3lzUDBNNTJnSEtfX1B6TVBxbHlXem5pRlc4UG1CVERXNUZubUVrbUNyQXZVLXZjTVdaTU1vbFVzdU9WN3FxR1k2ZDU?oc=5\" target=\"_blank\" rel=\"nofollow noopener\">Pedro pediu Marisa em namoro. E h\u00e1 v\u00eddeo do momento in\u00e9dito e mais do que especial<\/a>&nbsp;&nbsp;TVI<\/li>\n<li><a href=\"https:\/\/news.google.com\/rss\/articles\/CBMi5AFBVV95cUxONGJ6RWRfeXZVbkgtdWJmNEo4Q3o1cUg0Rk5kRlRXSGZSNHUzYzMzM2hnYXBhMU9QbGxEcHJTQkVyRlJab2I0ekFUbjNPbFVuOFdKclpySmRtVEowSzZoWlBZY1lNYzNZWGVuaks1UFFfVWFxUloycEtGZGtxN2dMOEpudnYtMXJCWU8wVFNDZDdjZ3h5WDFHbHpHUVNBUm5RRmlibWFzOExmbTFZVlhPcW9JQUJ0WUhwdmR6OHp5eDRCeEtRbGxoYVBpNWFVNW9uSG45bE05azVCTUV2NVhrdklBWko?oc=5\" target=\"_blank\" rel=\"nofollow noopener\">&#8220;Queres namorar comigo?&#8221;: fora de &#8220;Secret Story&#8221;, Marisa vive momento \u00fanico!<\/a>&nbsp;&nbsp;SELFIE<\/li>\n<\/ol>\n","protected":false},"excerpt":{"rendered":"Perdidos de amor, Marisa e Pedro trocam beijos apaixonados \u00e0s escondidas&nbsp;&nbsp;TVI Player Marisa e Pedro trocam beijos e&hellip;\n","protected":false},"author":2,"featured_media":171514,"comment_status":"","ping_status":"","sticky":false,"template":"","format":"standard","meta":{"footnotes":""},"categories":[142],"tags":[114,115,19184,14646,32,33,151],"class_list":{"0":"post-171513","1":"post","2":"type-post","3":"status-publish","4":"format-standard","5":"has-post-thumbnail","7":"category-tv","8":"tag-entertainment","9":"tag-entretenimento","10":"tag-marisa","11":"tag-pedro","12":"tag-portugal","13":"tag-pt","14":"tag-tv"},"share_on_mastodon":{"url":"https:\/\/pubeurope.com\/@pt\/115643355180090455","error":""},"_links":{"self":[{"href":"https:\/\/www.europesays.com\/pt\/wp-json\/wp\/v2\/posts\/171513","targetHints":{"allow":["GET"]}}],"collection":[{"href":"https:\/\/www.europesays.com\/pt\/wp-json\/wp\/v2\/posts"}],"about":[{"href":"https:\/\/www.europesays.com\/pt\/wp-json\/wp\/v2\/types\/post"}],"author":[{"embeddable":true,"href":"https:\/\/www.europesays.com\/pt\/wp-json\/wp\/v2\/users\/2"}],"replies":[{"embeddable":true,"href":"https:\/\/www.europesays.com\/pt\/wp-json\/wp\/v2\/comments?post=171513"}],"version-history":[{"count":0,"href":"https:\/\/www.europesays.com\/pt\/wp-json\/wp\/v2\/posts\/171513\/revisions"}],"wp:featuredmedia":[{"embeddable":true,"href":"https:\/\/www.europesays.com\/pt\/wp-json\/wp\/v2\/media\/171514"}],"wp:attachment":[{"href":"https:\/\/www.europesays.com\/pt\/wp-json\/wp\/v2\/media?parent=171513"}],"wp:term":[{"taxonomy":"category","embeddable":true,"href":"https:\/\/www.europesays.com\/pt\/wp-json\/wp\/v2\/categories?post=171513"},{"taxonomy":"post_tag","embeddable":true,"href":"https:\/\/www.europesays.com\/pt\/wp-json\/wp\/v2\/tags?post=171513"}],"curies":[{"name":"wp","href":"https:\/\/api.w.org\/{rel}","templated":true}]}}