{"id":171515,"date":"2025-12-01T08:28:09","date_gmt":"2025-12-01T08:28:09","guid":{"rendered":"https:\/\/www.europesays.com\/pt\/171515\/"},"modified":"2025-12-01T08:28:09","modified_gmt":"2025-12-01T08:28:09","slug":"menopausa-uma-nova-fronteira-para-as-marcas-empresas","status":"publish","type":"post","link":"https:\/\/www.europesays.com\/pt\/171515\/","title":{"rendered":"Menopausa, uma nova fronteira para as marcas | Empresas"},"content":{"rendered":"\n<p class=\" content-text__container \" data-track-category=\"Link no Texto\" data-track-links=\"\"> A menopausa, \u201cum dos segredos mais bem guardados da nossa sociedade\u201d, como define a neurocientista Lisa Mosconi no best-seller \u201cO c\u00e9rebro e a menopausa\u201d, come\u00e7a a emergir como uma das fronteiras promissoras da ind\u00fastria de consumo. Ap\u00f3s d\u00e9cadas de sil\u00eancio e estigmatiza\u00e7\u00e3o, rem\u00e9dios, cosm\u00e9ticos, plataformas de sa\u00fade, podcasts e at\u00e9 programas sobre menopausa nas empresas n\u00e3o param de surgir. <\/p>\n","protected":false},"excerpt":{"rendered":"A menopausa, \u201cum dos segredos mais bem guardados da nossa sociedade\u201d, como define a neurocientista Lisa Mosconi no&hellip;\n","protected":false},"author":2,"featured_media":171516,"comment_status":"","ping_status":"","sticky":false,"template":"","format":"standard","meta":{"footnotes":""},"categories":[86],"tags":[726,35924,35925,116,35923,24617,3083,4560,33196,32,33,117],"class_list":{"0":"post-171515","1":"post","2":"type-post","3":"status-publish","4":"format-standard","5":"has-post-thumbnail","7":"category-saude","8":"tag-brasil","9":"tag-cosmeticos","10":"tag-cultura-e-arte","11":"tag-health","12":"tag-industria-de-consumo","13":"tag-livros-leitura","14":"tag-medicamentos","15":"tag-menopausa","16":"tag-oms-organizacao-mundial-da-saude","17":"tag-portugal","18":"tag-pt","19":"tag-saude"},"share_on_mastodon":{"url":"https:\/\/pubeurope.com\/@pt\/115643370908204777","error":""},"_links":{"self":[{"href":"https:\/\/www.europesays.com\/pt\/wp-json\/wp\/v2\/posts\/171515","targetHints":{"allow":["GET"]}}],"collection":[{"href":"https:\/\/www.europesays.com\/pt\/wp-json\/wp\/v2\/posts"}],"about":[{"href":"https:\/\/www.europesays.com\/pt\/wp-json\/wp\/v2\/types\/post"}],"author":[{"embeddable":true,"href":"https:\/\/www.europesays.com\/pt\/wp-json\/wp\/v2\/users\/2"}],"replies":[{"embeddable":true,"href":"https:\/\/www.europesays.com\/pt\/wp-json\/wp\/v2\/comments?post=171515"}],"version-history":[{"count":0,"href":"https:\/\/www.europesays.com\/pt\/wp-json\/wp\/v2\/posts\/171515\/revisions"}],"wp:featuredmedia":[{"embeddable":true,"href":"https:\/\/www.europesays.com\/pt\/wp-json\/wp\/v2\/media\/171516"}],"wp:attachment":[{"href":"https:\/\/www.europesays.com\/pt\/wp-json\/wp\/v2\/media?parent=171515"}],"wp:term":[{"taxonomy":"category","embeddable":true,"href":"https:\/\/www.europesays.com\/pt\/wp-json\/wp\/v2\/categories?post=171515"},{"taxonomy":"post_tag","embeddable":true,"href":"https:\/\/www.europesays.com\/pt\/wp-json\/wp\/v2\/tags?post=171515"}],"curies":[{"name":"wp","href":"https:\/\/api.w.org\/{rel}","templated":true}]}}