{"id":171529,"date":"2025-12-01T08:52:35","date_gmt":"2025-12-01T08:52:35","guid":{"rendered":"https:\/\/www.europesays.com\/pt\/171529\/"},"modified":"2025-12-01T08:52:35","modified_gmt":"2025-12-01T08:52:35","slug":"amizade-para-a-vida-pedro-e-leandro-fazem-planos-para-quando-sairem-da-casa","status":"publish","type":"post","link":"https:\/\/www.europesays.com\/pt\/171529\/","title":{"rendered":"Amizade para a vida? Pedro e Leandro fazem planos para quando sa\u00edrem da casa"},"content":{"rendered":"<p>\t\t\t\t\t\t\t\t\t\t<img decoding=\"async\" src=\"https:\/\/www.europesays.com\/pt\/wp-content\/uploads\/2025\/12\/320.webp\" alt=\"Hilariante: Ap\u00f3s discuss\u00e3o com Liliana, Leandro fala sozinho, ou melhor, com os portugueses\" width=\"320\" height=\"180\" loading=\"lazy\"\/><\/p>\n<p>\t\t\t\t\t\t\t\t\t\t\t\t\t00:06:02<\/p>\n<p>\t\t\t\t\t\t\t\t\t\t\tHilariante: Ap\u00f3s discuss\u00e3o com Liliana, Leandro fala sozinho, ou melhor, com os portugueses<\/p>\n<p>\t\t\t\t\t\t\t\t\t\t\tS\u00e1bado, 29 nov 2025<\/p>\n<p>\t\t\t\t\t\t\t\t\t<a href=\"https:\/\/tviplayer.iol.pt\/programa\/secret-story\/66d83c2dd34ea1acf26df8b7\/video\/692b3e310cf28fe430486e85\" aria-label=\"Hilariante: Ap\u00f3s discuss\u00e3o com Liliana, Leandro fala sozinho, ou melhor, com os portugueses\" title=\"Hilariante: Ap\u00f3s discuss\u00e3o com Liliana, Leandro fala sozinho, ou melhor, com os portugueses\" rel=\"nofollow noopener\" target=\"_blank\"><\/p>\n","protected":false},"excerpt":{"rendered":"00:06:02 Hilariante: Ap\u00f3s discuss\u00e3o com Liliana, Leandro fala sozinho, ou melhor, com os portugueses S\u00e1bado, 29 nov 2025\n","protected":false},"author":2,"featured_media":171530,"comment_status":"","ping_status":"","sticky":false,"template":"","format":"standard","meta":{"footnotes":""},"categories":[142],"tags":[114,115,12397,14646,32,33,151],"class_list":{"0":"post-171529","1":"post","2":"type-post","3":"status-publish","4":"format-standard","5":"has-post-thumbnail","7":"category-tv","8":"tag-entertainment","9":"tag-entretenimento","10":"tag-leandro","11":"tag-pedro","12":"tag-portugal","13":"tag-pt","14":"tag-tv"},"share_on_mastodon":{"url":"https:\/\/pubeurope.com\/@pt\/115643465491675984","error":""},"_links":{"self":[{"href":"https:\/\/www.europesays.com\/pt\/wp-json\/wp\/v2\/posts\/171529","targetHints":{"allow":["GET"]}}],"collection":[{"href":"https:\/\/www.europesays.com\/pt\/wp-json\/wp\/v2\/posts"}],"about":[{"href":"https:\/\/www.europesays.com\/pt\/wp-json\/wp\/v2\/types\/post"}],"author":[{"embeddable":true,"href":"https:\/\/www.europesays.com\/pt\/wp-json\/wp\/v2\/users\/2"}],"replies":[{"embeddable":true,"href":"https:\/\/www.europesays.com\/pt\/wp-json\/wp\/v2\/comments?post=171529"}],"version-history":[{"count":0,"href":"https:\/\/www.europesays.com\/pt\/wp-json\/wp\/v2\/posts\/171529\/revisions"}],"wp:featuredmedia":[{"embeddable":true,"href":"https:\/\/www.europesays.com\/pt\/wp-json\/wp\/v2\/media\/171530"}],"wp:attachment":[{"href":"https:\/\/www.europesays.com\/pt\/wp-json\/wp\/v2\/media?parent=171529"}],"wp:term":[{"taxonomy":"category","embeddable":true,"href":"https:\/\/www.europesays.com\/pt\/wp-json\/wp\/v2\/categories?post=171529"},{"taxonomy":"post_tag","embeddable":true,"href":"https:\/\/www.europesays.com\/pt\/wp-json\/wp\/v2\/tags?post=171529"}],"curies":[{"name":"wp","href":"https:\/\/api.w.org\/{rel}","templated":true}]}}