{"id":171531,"date":"2025-12-01T08:56:10","date_gmt":"2025-12-01T08:56:10","guid":{"rendered":"https:\/\/www.europesays.com\/pt\/171531\/"},"modified":"2025-12-01T08:56:10","modified_gmt":"2025-12-01T08:56:10","slug":"hiv-casais-em-que-so-um-tem-o-virus-vivem-sem-transmissao-01-12-2025-equilibrio","status":"publish","type":"post","link":"https:\/\/www.europesays.com\/pt\/171531\/","title":{"rendered":"HIV: Casais em que s\u00f3 um tem o v\u00edrus vivem sem transmiss\u00e3o &#8211; 01\/12\/2025 &#8211; Equil\u00edbrio"},"content":{"rendered":"<p>&#8220;Quando eu recebi o diagn\u00f3stico, minha m\u00e3e disse: \u2018Est\u00e1 tudo bem, mas voc\u00ea nunca pode falar para ningu\u00e9m, porque isso vai te fechar muitas portas\u2019&#8221;, conta o produtor Victor Bebiano, 28. Em 2015, ele recebeu o <a href=\"https:\/\/www1.folha.uol.com.br\/equilibrioesaude\/2024\/01\/o-que-sao-as-infeccoes-sexualmente-transmissiveis-e-como-se-proteger-delas.shtml\" rel=\"nofollow noopener\" target=\"\">resultado positivo para o HIV<\/a>. &#8220;Foi desesperador.&#8221;<\/p>\n<p>Dez anos depois, Victor fala abertamente sobre a vida com o HIV em suas redes sociais, inclusive em um curta que dirigiu. &#8220;Muito pelo contr\u00e1rio. Milhares de portas se abriram na minha vida, eu conheci pessoas, viajei, realizei coisas que eu nunca imaginei&#8221;, reflete.<\/p>\n<p>Desde 2023, ele namora o bailarino Larry Anjos, 28. O relacionamento deles \u00e9 sorodiferente, ou seja, apenas Victor vive com o v\u00edrus.<a href=\"https:\/\/www1.folha.uol.com.br\/equilibrioesaude\/2024\/11\/hiv-95-das-pessoas-diagnosticadas-no-brasil-nao-transmitem-a-doenca.shtml\" rel=\"nofollow noopener\" target=\"\"> Seguindo o tratamento, ele n\u00e3o transmite mais o HIV<\/a>.<\/p>\n<p>Isso ocorre porque o uso di\u00e1rio da <a href=\"https:\/\/www1.folha.uol.com.br\/equilibrioesaude\/2025\/09\/jovens-de-15-a-29-anos-sao-os-que-mais-usam-maquinas-de-prep-de-prevencao-ao-hiv-no-metro-de-sao-paulo.shtml\" rel=\"nofollow noopener\" target=\"\">medica\u00e7\u00e3o disponibilizada pelo SUS <\/a>(Sistema \u00danico de Sa\u00fade) reduz a carga viral at\u00e9 que ela n\u00e3o seja mais detectada em um exame de sangue e nem possa ser transmitida, mesmo em rela\u00e7\u00f5es sexuais ou outras situa\u00e7\u00f5es de risco. Esse desenvolvimento ficou conhecido pela sigla i = i, isto \u00e9, indetect\u00e1vel \u00e9 igual a intransmiss\u00edvel.<\/p>\n<p>Victor passou quatro anos sem saber desse conceito, o que o fez achar que poderia transmitir o v\u00edrus para sempre e s\u00f3 poderia se relacionar com outra pessoa com HIV ou com o uso de preservativo. Com o conhecimento, mudou a forma de encarar a vida.<\/p>\n<p>Antes de Larry, teve outros relacionamentos sorodiferentes. No primeiro, sentiu receio em contar de cara que vivia com o HIV, ent\u00e3o levou o ex-namorado a um servi\u00e7o de <a href=\"https:\/\/www1.folha.uol.com.br\/folha-topicos\/saude\/\" rel=\"nofollow noopener\" target=\"_blank\">sa\u00fade<\/a> para acompanhar uma consulta. Ao final, a rea\u00e7\u00e3o temida se mostrou positiva, e ele n\u00e3o teve mais medo de falar sobre a sorologia com futuros parceiros.<\/p>\n<p>&#8220;Hoje, se uma pessoa me rejeitasse ou tivesse algum preconceito, eu teria consci\u00eancia de que o problema n\u00e3o est\u00e1 em mim, e sim nessa pessoa e na falta de informa\u00e7\u00e3o que faz com que ela me julgue dessa forma&#8221;, diz.<\/p>\n<p>A influenciadora J\u00e9ssica Mattar, 34, tamb\u00e9m pensa assim. Ela recebeu o diagn\u00f3stico em 2022 e em todos os relacionamentos que teve desde ent\u00e3o, n\u00e3o hesitou em contar sobre a condi\u00e7\u00e3o antes mesmo de dar o primeiro beijo.<\/p>\n<p>&#8220;Sempre preferi levar um fora do que dar uma deixa para preconceituosos me cobrarem de algo que eles n\u00e3o entendem&#8221;, afirma.<\/p>\n<p>Casada com o encarregado Tiago Lu\u00eds, 22 \u2014que n\u00e3o vive com o v\u00edrus\u2014, desde 2023, ela diz que a demora no diagn\u00f3stico a levou a ficar internada e precisar de transfus\u00e3o de plaquetas.<\/p>\n<p>Conforme os m\u00e9dicos descartavam possibilidades, J\u00e9ssica pesquisou na internet, viu que poderia ser uma infec\u00e7\u00e3o pelo HIV e quis fazer o teste.<\/p>\n<p>&#8220;Antes de pedir o teste, falei para a m\u00e9dica que estava com medo. Ela me respondeu: \u2018Voc\u00ea tem medo de morrer ou de viver?\u2019&#8221;, conta.<\/p>\n<p>Com o resultado positivo, ela iniciou o tratamento e, desde ent\u00e3o, n\u00e3o teve mais intercorr\u00eancias do tipo.<\/p>\n<p>Muito distante do coquetel de rem\u00e9dios da d\u00e9cada de 1990, o tratamento antirretroviral (TARV) de hoje consiste em apenas um ou dois comprimidos di\u00e1rios, a depender do caso e da disponibilidade da unidade de sa\u00fade \u2014700 mil pessoas tomam os rem\u00e9dios no Brasil, segundo o <a href=\"https:\/\/www1.folha.uol.com.br\/folha-topicos\/ministerio-da-saude\/\" rel=\"nofollow noopener\" target=\"_blank\">Minist\u00e9rio da Sa\u00fade<\/a>.<\/p>\n<p>A estrat\u00e9gia tem aceita\u00e7\u00e3o alta e poucos pacientes relatam efeitos colaterais. Tomando diariamente as medica\u00e7\u00f5es, demora, em geral, at\u00e9 seis meses at\u00e9 que o v\u00edrus fique indetect\u00e1vel e o paciente n\u00e3o o transmita mais.<\/p>\n<p>Na outra ponta dos relacionamentos, Larry e Tiago n\u00e3o tiveram problemas em entender seus parceiros.<\/p>\n<p>&#8220;Para mim n\u00e3o impactou&#8221;, diz Larry. &#8220;Acho que at\u00e9 por conta de eu ser uma pessoa trans, eu tive que explicar muita coisa para os outros. Eles tamb\u00e9m me colocam nesse lugar distante da bolha deles.&#8221;<\/p>\n<p>Ele diz que em relacionamentos, sempre gostou que a outra pessoa quisesse saber mais sobre a transsexualidade, e, por isso, foi f\u00e1cil ter a mesma postura de se interessar e pesquisar sobre o assunto com um parceiro com HIV.<\/p>\n<p>Tiago tamb\u00e9m n\u00e3o se assustou quando J\u00e9ssica contou sobre o diagn\u00f3stico, ainda no primeiro encontro. Ele tem um tio que vive com HIV e que teve sequelas devido \u00e0 <a href=\"https:\/\/www1.folha.uol.com.br\/folha-topicos\/aids\/\" rel=\"nofollow noopener\" target=\"_blank\">Aids<\/a>, por isso j\u00e1 tinha conhecimento e viu a situa\u00e7\u00e3o com normalidade.<\/p>\n<p>J\u00e9ssica e Tiago t\u00eam dois filhos, de 1 e 2 anos.Ela j\u00e1 tinha duas filhas de um relacionamento anterior (e antes do HIV), de 13 e 16 anos.<a href=\"https:\/\/www1.folha.uol.com.br\/colunas\/redesocial\/2019\/07\/viver-e-amar-com-hiv-ha-25-anos-o-virus-nao-mata-o-desejo.shtml\" rel=\"nofollow noopener\" target=\"\"> J\u00e9ssica relata que as gesta\u00e7\u00f5es ap\u00f3s o diagn\u00f3stico n\u00e3o tiveram diferen\u00e7as em rela\u00e7\u00e3o \u00e0s outras<\/a>, pois j\u00e1 estava indetect\u00e1vel e fazia acompanhamento m\u00e9dico regular.<\/p>\n<p>A primeira gesta\u00e7\u00e3o ap\u00f3s o HIV veio quase exatamente um ano ap\u00f3s o diagn\u00f3stico, lembra. &#8220;Pensei: \u2018Ano passado recebi um positivo que n\u00e3o queria, nesse ano foi um positivo para a vida\u2019.&#8221;<\/p>\n<p>Como \u00e9 feito o diagn\u00f3stico do HIV?<\/p>\n<p>xistem autotestes vendidos em farm\u00e1cias que se parecem com um medidor de glicemia para diab\u00e9ticos, com uma picada de agulha no dedo, mas, em geral, deve-se buscar o servi\u00e7o de sa\u00fade do munic\u00edpio e realizar o exame de sangue.<\/p>\n<p>Se o primeiro resultado vier positivo, \u00e9 feito um exame confirmat\u00f3rio e, ent\u00e3o, dado o diagn\u00f3stico e iniciado o tratamento.<\/p>\n<p>Nos servi\u00e7os de sa\u00fade, \u00e9 poss\u00edvel testar e tratar tamb\u00e9m outras infec\u00e7\u00f5es sexualmente transmiss\u00edveis (ISTs), como a s\u00edfilis e as hepatites.<\/p>\n<p>Como funciona o tratamento?<\/p>\n<p>O <a href=\"https:\/\/www1.folha.uol.com.br\/folha-topicos\/sus\/\" rel=\"nofollow noopener\" target=\"_blank\">SUS<\/a> disponibiliza um tratamento em terapias de um ou dois comprimidos que devem ser tomados diariamente. Os rem\u00e9dios n\u00e3o s\u00e3o vendidos em farm\u00e1cias comuns e s\u00f3 podem ser acessados pelo servi\u00e7o de sa\u00fade p\u00fablica.<\/p>\n<p>&#8220;\u00c9 uma terapia muito eficaz, com baix\u00edssimos efeitos colaterais. E, uma vez diagnosticado o HIV, em m\u00e9dia em at\u00e9 6 meses, o paciente se torna negativo se usar o antirretroviral&#8221;, diz David Lewi, infectologista do Einstein Hospital Israelita.<\/p>\n<p>&#8220;Isso faz com que n\u00e3o se transmita mais o v\u00edrus em outros relacionamentos, e, ao mesmo tempo, com que o sistema imune seja preservado. \u00c9 muito importante&#8221;, completa.<\/p>\n<p>Al\u00e9m dos comprimidos, \u00e9 importante que se mantenha uma rotina de exames e consultas m\u00e9dicas (no geral a cada seis meses) para garantir que o v\u00edrus est\u00e1 indetect\u00e1vel e o paciente, saud\u00e1vel.<\/p>\n<p>Me interessei por uma pessoa que faz tratamento contra o HIV, ela pode me transmitir o v\u00edrus?<\/p>\n<p>Se a pessoa estiver seguindo o tratamento corretamente e j\u00e1 estiver indetect\u00e1vel, n\u00e3o.<\/p>\n<p>&#8220;A pessoa indetect\u00e1vel \u00e9 aquela vivendo com o v\u00edrus do HIV que segue o tratamento adequado, o que mant\u00e9m a quantidade de c\u00f3pias do v\u00edrus no sangue muito baixa. Quando esse estado \u00e9 observado por mais de seis meses, o risco de transmiss\u00e3o por via sexual \u00e9 igual a zero&#8221;, diz Carla Kobayashi, m\u00e9dica infectologista do hospital S\u00edrio-Liban\u00eas.<\/p>\n<p>&#8220;O parceiro negativo n\u00e3o precisa ter nenhuma rotina diferente no dia-a-dia com o parceiro positivo. Na realidade, hoje, um casal sorodiferente n\u00e3o tem uma vida sexual muito diferente de casais de mesma sorologia&#8221;, afirma Lewi.<\/p>\n<p>As recomenda\u00e7\u00f5es s\u00e3o as mesmas para pessoas com ou sem o v\u00edrus. Uso de camisinha, equipamentos de prote\u00e7\u00e3o, no caso de enfermeiros e tatuadores, por exemplo, e testagem regular para quem tem a vida sexual ativa.<\/p>\n<p>Caso o parceiro sem HIV deseje, \u00e9 poss\u00edvel usar a PrEP (Profilaxia Pr\u00e9-Exposi\u00e7\u00e3o), uma terapia com comprimidos que evitam que o v\u00edrus se instale caso haja algum contato.<\/p>\n<p>Se houver exposi\u00e7\u00e3o ao v\u00edrus, ou uma suspeita, \u00e9 poss\u00edvel tomar a PEP (Profilaxia P\u00f3s-Exposi\u00e7\u00e3o), um tratamento com comprimidos por 28 dias que deve ser buscado nos servi\u00e7os de sa\u00fade em at\u00e9 72 h ap\u00f3s o epis\u00f3dio de exposi\u00e7\u00e3o.<\/p>\n<p>Vou precisar tomar a Prep sempre? E camisinha?<\/p>\n<p>A escolha pelo m\u00e9todo de preven\u00e7\u00e3o deve ser discutida entre o casal e o m\u00e9dico de confian\u00e7a, considerando aspectos como o modelo de relacionamento (aberto ou fechado) e os h\u00e1bitos de cada um.<\/p>\n<p>&#8220;Vai depender de v\u00e1rios fatores. Pode haver recomenda\u00e7\u00e3o da PrEP principalmente se esse parceiro que vive com o v\u00edrus do HIV ainda n\u00e3o for indetect\u00e1vel&#8221;, ressalta Kobayashi.<\/p>\n<p>&#8220;Existe um conceito de que de tr\u00eas meses a seis meses ap\u00f3s uma carga viral negativa, com a continua\u00e7\u00e3o do tratamento, esses casais poderiam n\u00e3o usar preservativos durante a rela\u00e7\u00e3o sexual sem risco de contamina\u00e7\u00e3o para o parceiro negativo&#8221;, diz Lewi.<\/p>\n<p>Kobayashi afirma que o parceiro sem HIV pode ajudar apoiando o outro, acompanhando nas consultas, lembrando da medica\u00e7\u00e3o e incentivando na continuidade do tratamento.<\/p>\n<p>E se quisermos ter filhos?<\/p>\n<p>&#8220;O principal cuidado \u00e9 manter o tratamento. Quando se mant\u00e9m o tratamento adequado, conseguimos seguir com indica\u00e7\u00e3o do aleitamento, at\u00e9 discutir a via de parto, que n\u00e3o precisa ser ces\u00e1rea em todos os casos. O principal cuidado da gestante \u00e9 fazer o acompanhamento adequado&#8221;, explica Kobayashi.<\/p>\n<p>Ela adiciona que hoje em dia, com os cuidados de pr\u00e9-natal sendo seguidos, o risco de transmiss\u00e3o vertical do HIV da m\u00e3e para o filho no momento do parto \u00e9 de menos de 2%.<\/p>\n<p>Quando a pessoa que tem o HIV n\u00e3o \u00e9 quem vai gestar, os cuidado s\u00e3o mais f\u00e1ceis, segundo a infectologista.<\/p>\n<p>&#8220;Vamos sempre buscar que esse parceiro tenha carga viral indetect\u00e1vel para falar sobre a melhor forma de concep\u00e7\u00e3o para esse casal, que pode ser o n\u00e3o uso do preservativo, o que \u00e9 poss\u00edvel com os exames negativos&#8221;, acrescenta<\/p>\n","protected":false},"excerpt":{"rendered":"&#8220;Quando eu recebi o diagn\u00f3stico, minha m\u00e3e disse: \u2018Est\u00e1 tudo bem, mas voc\u00ea nunca pode falar para ningu\u00e9m,&hellip;\n","protected":false},"author":2,"featured_media":171532,"comment_status":"","ping_status":"","sticky":false,"template":"","format":"standard","meta":{"footnotes":""},"categories":[86],"tags":[9397,1031,1029,236,116,1175,1208,1703,32,33,1978,117,1030,216,4483],"class_list":{"0":"post-171531","1":"post","2":"type-post","3":"status-publish","4":"format-standard","5":"has-post-thumbnail","7":"category-saude","8":"tag-aids","9":"tag-autocuidado","10":"tag-cuide-se","11":"tag-folha","12":"tag-health","13":"tag-hiv","14":"tag-medicina","15":"tag-ministerio-da-saude","16":"tag-portugal","17":"tag-pt","18":"tag-relacionamento","19":"tag-saude","20":"tag-saude-mental","21":"tag-sexo","22":"tag-sus"},"share_on_mastodon":{"url":"https:\/\/pubeurope.com\/@pt\/115643480960622943","error":""},"_links":{"self":[{"href":"https:\/\/www.europesays.com\/pt\/wp-json\/wp\/v2\/posts\/171531","targetHints":{"allow":["GET"]}}],"collection":[{"href":"https:\/\/www.europesays.com\/pt\/wp-json\/wp\/v2\/posts"}],"about":[{"href":"https:\/\/www.europesays.com\/pt\/wp-json\/wp\/v2\/types\/post"}],"author":[{"embeddable":true,"href":"https:\/\/www.europesays.com\/pt\/wp-json\/wp\/v2\/users\/2"}],"replies":[{"embeddable":true,"href":"https:\/\/www.europesays.com\/pt\/wp-json\/wp\/v2\/comments?post=171531"}],"version-history":[{"count":0,"href":"https:\/\/www.europesays.com\/pt\/wp-json\/wp\/v2\/posts\/171531\/revisions"}],"wp:featuredmedia":[{"embeddable":true,"href":"https:\/\/www.europesays.com\/pt\/wp-json\/wp\/v2\/media\/171532"}],"wp:attachment":[{"href":"https:\/\/www.europesays.com\/pt\/wp-json\/wp\/v2\/media?parent=171531"}],"wp:term":[{"taxonomy":"category","embeddable":true,"href":"https:\/\/www.europesays.com\/pt\/wp-json\/wp\/v2\/categories?post=171531"},{"taxonomy":"post_tag","embeddable":true,"href":"https:\/\/www.europesays.com\/pt\/wp-json\/wp\/v2\/tags?post=171531"}],"curies":[{"name":"wp","href":"https:\/\/api.w.org\/{rel}","templated":true}]}}