{"id":171549,"date":"2025-12-01T09:25:45","date_gmt":"2025-12-01T09:25:45","guid":{"rendered":"https:\/\/www.europesays.com\/pt\/171549\/"},"modified":"2025-12-01T09:25:45","modified_gmt":"2025-12-01T09:25:45","slug":"ninguem-faz-isto-antes-de-montar-a-arvore-de-natal-mas-faz-toda-a-diferenca-dois-as-10","status":"publish","type":"post","link":"https:\/\/www.europesays.com\/pt\/171549\/","title":{"rendered":"Ningu\u00e9m faz isto antes de montar a \u00e1rvore de Natal, mas faz toda a diferen\u00e7a &#8211; Dois \u00e0s 10"},"content":{"rendered":"<p>                        Todos queremos que a nossa \u00e1rvore de Natal fique perfeita, mas h\u00e1 um passo que quase ningu\u00e9m lembra antes de come\u00e7ar a decora\u00e7\u00e3o. <\/p>\n<p>Montar a <strong>\u00e1rvore de Natal<\/strong> \u00e9 um dos momentos mais aguardados de dezembro. No entanto, existe um passo que muitas pessoas ignoram, mas que pode fazer uma grande diferen\u00e7a, especialmente para quem tem alergias ou problemas respirat\u00f3rios: <strong>lavar a \u00e1rvore <\/strong>antes de a montar.<\/p>\n<p>\u00c0 primeira vista, a ideia pode parecer estranha, mas faz todo o sentido. <a href=\"https:\/\/www.instagram.com\/p\/DRcykhLjABL\/\" rel=\"nofollow noopener\" target=\"_blank\"><strong>St\u00e9phanie de Kort<\/strong><\/a>, influencer especializada em dicas dom\u00e9sticas e seguida por mais de 700 mil pessoas no Instagram, publicou recentemente um <a href=\"https:\/\/www.instagram.com\/reel\/DRcykhLjABL\/?utm_source=ig_embed\" rel=\"nofollow noopener\" target=\"_blank\">v\u00eddeo<\/a> em que mostra um m\u00e9todo eficaz para limpar a \u00e1rvore, e a quantidade de sujidade que sai \u00e9 realmente impressionante.<\/p>\n<p>St\u00e9phanie explica detalhadamente como devemos agir. <strong>\u00abN\u00e3o conseguem imaginar a minha cara quando vi a sujidade que saiu da minha \u00e1rvore\u00bb<\/strong>, escreveu a influencer. E, de facto, tem raz\u00e3o: <strong>as<\/strong> <strong>\u00e1rvores artificiais acumulam p\u00f3, \u00e1caros e outros alerg\u00e9nios<\/strong> durante os 11 meses em que permanecem guardadas.\u00a0<\/p>\n<p>Para lavar a \u00e1rvore, St\u00e9phanie sugere primeiro <strong>molhar bem toda a estrutura ou os ramos<\/strong>. Se tiver banheira, pode us\u00e1-la, mas a base do chuveiro funciona igualmente bem, ou ainda uma mangueira no jardim ou no p\u00e1tio. De seguida, deve<strong> aplicar um produto de limpeza multiusos em spray<\/strong>, como um <strong>limpa-vidros<\/strong> ou um <strong>detergente neutro dilu\u00eddo<\/strong>, garantindo que cobre todas as superf\u00edcies. \u00c9 importante <strong>deixar o produto atuar durante cerca de 10 minutos<\/strong>, de forma a soltar a sujidade acumulada. Depois, deve <strong>enxaguar cuidadosamente com \u00e1gua limpa<\/strong>, removendo por completo o produto e os res\u00edduos. Por fim, deve <strong>deixar a \u00e1rvore a secar completamente<\/strong>, seja ao ar livre ou numa divis\u00e3o bem ventilada, antes de ser montada.<\/p>\n<p>                    <script async src=\"\/\/www.instagram.com\/embed.js\"><\/script><\/p>\n","protected":false},"excerpt":{"rendered":"Todos queremos que a nossa \u00e1rvore de Natal fique perfeita, mas h\u00e1 um passo que quase ningu\u00e9m lembra&hellip;\n","protected":false},"author":2,"featured_media":171550,"comment_status":"","ping_status":"","sticky":false,"template":"","format":"standard","meta":{"footnotes":""},"categories":[85],"tags":[35039,329,166,3412,3406,3409,801,3410,3411,3407,3408,114,115,3413,338,32,33],"class_list":{"0":"post-171549","1":"post","2":"type-post","3":"status-publish","4":"format-standard","5":"has-post-thumbnail","7":"category-entretenimento","8":"tag-arvore-de-natal","9":"tag-claudio-ramos","10":"tag-cristina-ferreira","11":"tag-dois-10","12":"tag-dois-a-s-10-dois-a-s-10","13":"tag-dois-a-s-dez","14":"tag-dois-as-10","15":"tag-dois-as-dez","16":"tag-dois-dez","17":"tag-doisas10","18":"tag-doisasdez","19":"tag-entertainment","20":"tag-entretenimento","21":"tag-manha-tvi","22":"tag-maria-botelho-moniz","23":"tag-portugal","24":"tag-pt"},"share_on_mastodon":{"url":"https:\/\/pubeurope.com\/@pt\/115643595070433778","error":""},"_links":{"self":[{"href":"https:\/\/www.europesays.com\/pt\/wp-json\/wp\/v2\/posts\/171549","targetHints":{"allow":["GET"]}}],"collection":[{"href":"https:\/\/www.europesays.com\/pt\/wp-json\/wp\/v2\/posts"}],"about":[{"href":"https:\/\/www.europesays.com\/pt\/wp-json\/wp\/v2\/types\/post"}],"author":[{"embeddable":true,"href":"https:\/\/www.europesays.com\/pt\/wp-json\/wp\/v2\/users\/2"}],"replies":[{"embeddable":true,"href":"https:\/\/www.europesays.com\/pt\/wp-json\/wp\/v2\/comments?post=171549"}],"version-history":[{"count":0,"href":"https:\/\/www.europesays.com\/pt\/wp-json\/wp\/v2\/posts\/171549\/revisions"}],"wp:featuredmedia":[{"embeddable":true,"href":"https:\/\/www.europesays.com\/pt\/wp-json\/wp\/v2\/media\/171550"}],"wp:attachment":[{"href":"https:\/\/www.europesays.com\/pt\/wp-json\/wp\/v2\/media?parent=171549"}],"wp:term":[{"taxonomy":"category","embeddable":true,"href":"https:\/\/www.europesays.com\/pt\/wp-json\/wp\/v2\/categories?post=171549"},{"taxonomy":"post_tag","embeddable":true,"href":"https:\/\/www.europesays.com\/pt\/wp-json\/wp\/v2\/tags?post=171549"}],"curies":[{"name":"wp","href":"https:\/\/api.w.org\/{rel}","templated":true}]}}