{"id":171555,"date":"2025-12-01T09:38:08","date_gmt":"2025-12-01T09:38:08","guid":{"rendered":"https:\/\/www.europesays.com\/pt\/171555\/"},"modified":"2025-12-01T09:38:08","modified_gmt":"2025-12-01T09:38:08","slug":"jovem-que-morreu-em-pedrogao-grande-era-aluna-da-universidade-da-maia","status":"publish","type":"post","link":"https:\/\/www.europesays.com\/pt\/171555\/","title":{"rendered":"Jovem que morreu em Pedr\u00f3g\u00e3o Grande era aluna da Universidade da Maia"},"content":{"rendered":"<p data-remotead-prev-elm=\"true\" data-remotead-elm-id=\"inread\">&#8220;Meus amores, voc\u00eas partiram sem se despedirem de n\u00f3s. Porque me abandonaste, meu anjo? Porque fizeste isto comigo? Sem ti, tudo \u00e9 um vazio. N\u00e3o merecia que me deixasses. Amo-te.&#8221; Foi neste registo emotivo que a m\u00e3e de Iara publicou uma mensagem no Facebook. A irm\u00e3 tamb\u00e9m lhe prestou homenagem nesta rede social: &#8220;Descansa em paz, minha vida. \u00c9s o meu orgulho. Amo-te muito, minha irm\u00e3&#8221;.<\/p>\n<p>A dire\u00e7\u00e3o da Associa\u00e7\u00e3o de Estudantes da Universidade da Maia usou o Instagram para comunicar o falecimento de Iara Ribeiro. &#8220;Lamentamos profundamente a sua partida t\u00e3o prematura e tr\u00e1gica&#8221;, l\u00ea-se na nota de pesar. &#8220;Neste momento de dor, expressamos as nossas mais sinceras condol\u00eancias \u00e0 fam\u00edlia, aos amigos e a todos os colegas que partilharam com ela o percurso acad\u00e9mico e pessoal. Que encontrem for\u00e7a e conforto neste momento dif\u00edcil.&#8221;<\/p>\n<p>O casal de jovens morreu, ap\u00f3s o carro onde se encontrava ter entrado na piscina flutuante da Albufeira do Cabril, ap\u00f3s percorrer uma rampa muito inclinada, numa zona onde existem quatro restaurantes e cafetarias. No local, existe uma segunda estrada, com menos inclina\u00e7\u00e3o, que d\u00e1 acesso ao clube n\u00e1utico, e \u00e9 utilizada para transportar os barcos at\u00e9 ao cais.<\/p>\n<p>Paulo Mariano, comandante dos Bombeiros de Cernache do Bonjardim, adianta ao JN que participaram nas opera\u00e7\u00f5es com um ve\u00edculo com quatro operacionais, dois dos quais mergulhadores, que resgataram os corpos do interior de um Volkswagen Golf. &#8220;A viatura estava submersa, mas \u00e0 vista. Ap\u00f3s a montagem dos meios de seguran\u00e7a e reunidas as condi\u00e7\u00f5es para poder mergulhar, a opera\u00e7\u00e3o durou cerca de 30 a 40 minutos.&#8221;<\/p>\n","protected":false},"excerpt":{"rendered":"&#8220;Meus amores, voc\u00eas partiram sem se despedirem de n\u00f3s. Porque me abandonaste, meu anjo? Porque fizeste isto comigo?&hellip;\n","protected":false},"author":2,"featured_media":171556,"comment_status":"","ping_status":"","sticky":false,"template":"","format":"standard","meta":{"footnotes":""},"categories":[8],"tags":[27,28,22831,15,16,14,25,26,21,22,12,13,19,20,2409,9942,32,23,24,33,17,18,29,30,31,35926],"class_list":{"0":"post-171555","1":"post","2":"type-post","3":"status-publish","4":"format-standard","5":"has-post-thumbnail","7":"category-principais-noticias","8":"tag-breaking-news","9":"tag-breakingnews","10":"tag-concelho-maia","11":"tag-featured-news","12":"tag-featurednews","13":"tag-headlines","14":"tag-latest-news","15":"tag-latestnews","16":"tag-main-news","17":"tag-mainnews","18":"tag-news","19":"tag-noticias","20":"tag-noticias-principais","21":"tag-noticiasprincipais","22":"tag-obito","23":"tag-pedrogao-grande","24":"tag-portugal","25":"tag-principais-noticias","26":"tag-principaisnoticias","27":"tag-pt","28":"tag-top-stories","29":"tag-topstories","30":"tag-ultimas","31":"tag-ultimas-noticias","32":"tag-ultimasnoticias","33":"tag-universidade-da-maia"},"share_on_mastodon":{"url":"https:\/\/pubeurope.com\/@pt\/115643646311666266","error":""},"_links":{"self":[{"href":"https:\/\/www.europesays.com\/pt\/wp-json\/wp\/v2\/posts\/171555","targetHints":{"allow":["GET"]}}],"collection":[{"href":"https:\/\/www.europesays.com\/pt\/wp-json\/wp\/v2\/posts"}],"about":[{"href":"https:\/\/www.europesays.com\/pt\/wp-json\/wp\/v2\/types\/post"}],"author":[{"embeddable":true,"href":"https:\/\/www.europesays.com\/pt\/wp-json\/wp\/v2\/users\/2"}],"replies":[{"embeddable":true,"href":"https:\/\/www.europesays.com\/pt\/wp-json\/wp\/v2\/comments?post=171555"}],"version-history":[{"count":0,"href":"https:\/\/www.europesays.com\/pt\/wp-json\/wp\/v2\/posts\/171555\/revisions"}],"wp:featuredmedia":[{"embeddable":true,"href":"https:\/\/www.europesays.com\/pt\/wp-json\/wp\/v2\/media\/171556"}],"wp:attachment":[{"href":"https:\/\/www.europesays.com\/pt\/wp-json\/wp\/v2\/media?parent=171555"}],"wp:term":[{"taxonomy":"category","embeddable":true,"href":"https:\/\/www.europesays.com\/pt\/wp-json\/wp\/v2\/categories?post=171555"},{"taxonomy":"post_tag","embeddable":true,"href":"https:\/\/www.europesays.com\/pt\/wp-json\/wp\/v2\/tags?post=171555"}],"curies":[{"name":"wp","href":"https:\/\/api.w.org\/{rel}","templated":true}]}}