{"id":171563,"date":"2025-12-01T09:50:06","date_gmt":"2025-12-01T09:50:06","guid":{"rendered":"https:\/\/www.europesays.com\/pt\/171563\/"},"modified":"2025-12-01T09:50:06","modified_gmt":"2025-12-01T09:50:06","slug":"paulo-portas-espera-que-uma-invasao-terrestre-na-venezuela-nao-aconteca-e-um-regime-com-armas-distribuidas-e-conta-com-milicias-populares","status":"publish","type":"post","link":"https:\/\/www.europesays.com\/pt\/171563\/","title":{"rendered":"Paulo Portas espera que uma invas\u00e3o terrestre na Venezuela &#8220;n\u00e3o aconte\u00e7a&#8221;. &#8220;\u00c9 um regime com armas distribu\u00eddas e conta com mil\u00edcias populares&#8221;"},"content":{"rendered":"<p>\t                Quanto \u00e0 sa\u00edda de Maduro, o comentador considerou que seria muito bem recebida pela popula\u00e7\u00e3o, recordando o impacto da crise no pa\u00eds<\/p>\n<p style=\"margin-bottom:11px\">A Venezuela transformou-se num \u201cnovo foco de tens\u00e3o ou pelo menos uma tens\u00e3o mais amea\u00e7adora\u201d, alertou Paulo Portas este domingo. No seu habitual espa\u00e7o de an\u00e1lise, no Jornal Nacional da TVI, do mesmo grupo da CNN Portugal, o comentador destacou os riscos que a crise representa para os cerca de 300 mil portugueses que ainda vivem no pa\u00eds, sobretudo os da Madeira, muitos deles pequenos comerciantes com prest\u00edgio na restaura\u00e7\u00e3o, que t\u00eam &#8220;tentado sobreviver num regime em deteriora\u00e7\u00e3o&#8221; liderado por Nicol\u00e1s Maduro.<\/p>\n<p>Para Paulo Portas a presen\u00e7a militar norte-americana na regi\u00e3o tem uma explica\u00e7\u00e3o. \u201cOs americanos colocaram uma for\u00e7a naval e, n\u00e3o s\u00f3, bastante expressiva nas imedia\u00e7\u00f5es da Venezuela, e isso n\u00e3o \u00e9, obviamente, para atingir pequenas embarca\u00e7\u00f5es, ainda que sofisticadas, que possam levar droga. Para isso, a for\u00e7a a\u00e9rea ou o drone s\u00e3o suficientes\u201d, explica. O comentador aponta tr\u00eas cen\u00e1rios poss\u00edveis: bloqueios mar\u00edtimos ou a\u00e9reos, uma negocia\u00e7\u00e3o para a sa\u00edda de Maduro ou uma invas\u00e3o terrestre, considerando todos eles problem\u00e1ticos por raz\u00f5es diferentes.<\/p>\n<p>Sobre os bloqueios, Portas \u00e9 claro em afirmar que afetam sobretudo os mais vulner\u00e1veis. \u201cOs bloqueios nunca prejudicaram os oligarcas, que continuam a ter rem\u00e9dios, continuam a ter refei\u00e7\u00f5es, continuam a ter muito mais do que o b\u00e1sico. Os bloqueios prejudicam os mais pobres em qualquer sociedade\u201d. Al\u00e9m disso, alerta que os Estados Unidos n\u00e3o podem abusar da extraterritorialidade. \u201cEles t\u00eam todo o direito de vetar interfer\u00eancias no seu espa\u00e7o a\u00e9reo, mas comportar-se como o dono do espa\u00e7o a\u00e9reo de outro pa\u00eds abre precedentes, como \u00e9 evidente\u201d.<\/p>\n<p>Quanto \u00e0 sa\u00edda de Maduro, o comentador considerou que seria muito bem recebida pela popula\u00e7\u00e3o, recordando o impacto da crise no pa\u00eds. \u201cA Venezuela perdeu entre 7 e 8 milh\u00f5es de pessoas, hoje \u00e9 uma popula\u00e7\u00e3o de cerca de 28 milh\u00f5es, j\u00e1 foi muito mais, e as pessoas mais jovens, abaixo dos 40 anos, quase todas fugiram, porque n\u00e3o t\u00eam nenhuma expectativa de futuro ali\u201d. Apesar de ainda deter as maiores reservas de petr\u00f3leo do mundo, a produ\u00e7\u00e3o di\u00e1ria do pa\u00eds caiu drasticamente, de v\u00e1rios milh\u00f5es de barris para menos de um milh\u00e3o. \u201cA Venezuela \u00e9 hoje muito mais pobre comparativamente do que era antes do regime bolivariano\u201d, acrescentou.<\/p>\n<p>Perante consecutivas amea\u00e7as de Trump de invadir o pa\u00eds por via terreste, Paulo Portas alerta para a complexidade da opera\u00e7\u00e3o. \u201cA Venezuela tem um regime com armas distribu\u00eddas bairro a bairro, com mil\u00edcias populares, portanto eu espero que a expectativa de qualquer invas\u00e3o terrestre n\u00e3o aconte\u00e7a\u201d, real\u00e7a, sublinhando o paradoxo da influ\u00eancia norte-americana. \u201cObviamente isso seria a doutrina Monroe, ao contr\u00e1rio, os americanos usaram a doutrina Monroe para, diziam eles, evitar as interfer\u00eancias dos europeus na Am\u00e9rica Latina, agora parecem us\u00e1-las para aumentar a sua pr\u00f3pria influ\u00eancia\u201d.<\/p>\n","protected":false},"excerpt":{"rendered":"Quanto \u00e0 sa\u00edda de Maduro, o comentador considerou que seria muito bem recebida pela popula\u00e7\u00e3o, recordando o impacto&hellip;\n","protected":false},"author":2,"featured_media":171564,"comment_status":"","ping_status":"","sticky":false,"template":"","format":"standard","meta":{"footnotes":""},"categories":[50],"tags":[609,836,611,27,28,607,608,333,832,604,135,610,476,413,15,16,301,830,14,603,25,26,570,21,22,831,833,62,834,12,13,19,20,835,602,13449,52,32,23,24,35161,17,18,29,30,31,3023,63,64,65],"class_list":{"0":"post-171563","1":"post","2":"type-post","3":"status-publish","4":"format-standard","5":"has-post-thumbnail","7":"category-mundo","8":"tag-alerta","9":"tag-analise","10":"tag-ao-minuto","11":"tag-breaking-news","12":"tag-breakingnews","13":"tag-cnn","14":"tag-cnn-portugal","15":"tag-comentadores","16":"tag-costa","17":"tag-crime","18":"tag-desporto","19":"tag-direto","20":"tag-economia","21":"tag-eua","22":"tag-featured-news","23":"tag-featurednews","24":"tag-governo","25":"tag-guerra","26":"tag-headlines","27":"tag-justica","28":"tag-latest-news","29":"tag-latestnews","30":"tag-live","31":"tag-main-news","32":"tag-mainnews","33":"tag-mais-vistas","34":"tag-marcelo","35":"tag-mundo","36":"tag-negocios","37":"tag-news","38":"tag-noticias","39":"tag-noticias-principais","40":"tag-noticiasprincipais","41":"tag-opiniao","42":"tag-pais","43":"tag-paulo-portas","44":"tag-politica","45":"tag-portugal","46":"tag-principais-noticias","47":"tag-principaisnoticias","48":"tag-tensao","49":"tag-top-stories","50":"tag-topstories","51":"tag-ultimas","52":"tag-ultimas-noticias","53":"tag-ultimasnoticias","54":"tag-venezuela","55":"tag-world","56":"tag-world-news","57":"tag-worldnews"},"share_on_mastodon":{"url":"","error":""},"_links":{"self":[{"href":"https:\/\/www.europesays.com\/pt\/wp-json\/wp\/v2\/posts\/171563","targetHints":{"allow":["GET"]}}],"collection":[{"href":"https:\/\/www.europesays.com\/pt\/wp-json\/wp\/v2\/posts"}],"about":[{"href":"https:\/\/www.europesays.com\/pt\/wp-json\/wp\/v2\/types\/post"}],"author":[{"embeddable":true,"href":"https:\/\/www.europesays.com\/pt\/wp-json\/wp\/v2\/users\/2"}],"replies":[{"embeddable":true,"href":"https:\/\/www.europesays.com\/pt\/wp-json\/wp\/v2\/comments?post=171563"}],"version-history":[{"count":0,"href":"https:\/\/www.europesays.com\/pt\/wp-json\/wp\/v2\/posts\/171563\/revisions"}],"wp:featuredmedia":[{"embeddable":true,"href":"https:\/\/www.europesays.com\/pt\/wp-json\/wp\/v2\/media\/171564"}],"wp:attachment":[{"href":"https:\/\/www.europesays.com\/pt\/wp-json\/wp\/v2\/media?parent=171563"}],"wp:term":[{"taxonomy":"category","embeddable":true,"href":"https:\/\/www.europesays.com\/pt\/wp-json\/wp\/v2\/categories?post=171563"},{"taxonomy":"post_tag","embeddable":true,"href":"https:\/\/www.europesays.com\/pt\/wp-json\/wp\/v2\/tags?post=171563"}],"curies":[{"name":"wp","href":"https:\/\/api.w.org\/{rel}","templated":true}]}}