{"id":171565,"date":"2025-12-01T09:51:11","date_gmt":"2025-12-01T09:51:11","guid":{"rendered":"https:\/\/www.europesays.com\/pt\/171565\/"},"modified":"2025-12-01T09:51:11","modified_gmt":"2025-12-01T09:51:11","slug":"um-morto-e-um-ferido-grave-em-despiste-de-moto-quatro-em-mogadouro","status":"publish","type":"post","link":"https:\/\/www.europesays.com\/pt\/171565\/","title":{"rendered":"Um morto e um ferido grave em despiste de moto-quatro em Mogadouro"},"content":{"rendered":"<p data-remotead-prev-elm=\"true\" data-remotead-elm-id=\"inread\">&#8220;O acidente resultou de um despiste de uma moto-quatro \u00e0 entrada da aldeia de Bemposta e do qual resultaram um morto e um ferido grave. A v\u00edtima mortal \u00e9 um homem de 80 anos a quem foram feitas manobras de reanima\u00e7\u00e3o, acabando por n\u00e3o resistir aos ferimentos e vindo a falecer no Servi\u00e7o de Urg\u00eancia B\u00e1sica [SUB] do Centro de Sa\u00fade de Mogadouro&#8221;, explicou o comandante dos Bombeiros de Mogadouro, Lu\u00eds Azevedo.<\/p>\n<p>J\u00e1 o ferido grave \u00e9 uma mulher de 47 anos, que foi transportada de ambul\u00e2ncia para o Hospital de Bragan\u00e7a. O alerta foi dado \u00e0s 16.39 horas.<\/p>\n<p>No local estiveram quatro bombeiros, apoiados por duas ambul\u00e2ncias, a que se juntou a ambul\u00e2ncia de suporte imediato de vida (SIV) do Instituto Nacional de Emerg\u00eancia M\u00e9dica (INEM), estacionada na SUB de Mogadouro.<\/p>\n<p>A GNR de Mogadouro tomou conta da ocorr\u00eancia.<\/p>\n","protected":false},"excerpt":{"rendered":"&#8220;O acidente resultou de um despiste de uma moto-quatro \u00e0 entrada da aldeia de Bemposta e do qual&hellip;\n","protected":false},"author":2,"featured_media":171566,"comment_status":"","ping_status":"","sticky":false,"template":"","format":"standard","meta":{"footnotes":""},"categories":[10],"tags":[27,28,35927,55,15,16,14,25,26,21,22,35928,12,13,19,20,32,23,24,33,17,18,29,30,31],"class_list":{"0":"post-171565","1":"post","2":"type-post","3":"status-publish","4":"format-standard","5":"has-post-thumbnail","7":"category-portugal","8":"tag-breaking-news","9":"tag-breakingnews","10":"tag-concelho-mogadouro","11":"tag-despiste","12":"tag-featured-news","13":"tag-featurednews","14":"tag-headlines","15":"tag-latest-news","16":"tag-latestnews","17":"tag-main-news","18":"tag-mainnews","19":"tag-moto-quatro","20":"tag-news","21":"tag-noticias","22":"tag-noticias-principais","23":"tag-noticiasprincipais","24":"tag-portugal","25":"tag-principais-noticias","26":"tag-principaisnoticias","27":"tag-pt","28":"tag-top-stories","29":"tag-topstories","30":"tag-ultimas","31":"tag-ultimas-noticias","32":"tag-ultimasnoticias"},"share_on_mastodon":{"url":"https:\/\/pubeurope.com\/@pt\/115643697370881209","error":""},"_links":{"self":[{"href":"https:\/\/www.europesays.com\/pt\/wp-json\/wp\/v2\/posts\/171565","targetHints":{"allow":["GET"]}}],"collection":[{"href":"https:\/\/www.europesays.com\/pt\/wp-json\/wp\/v2\/posts"}],"about":[{"href":"https:\/\/www.europesays.com\/pt\/wp-json\/wp\/v2\/types\/post"}],"author":[{"embeddable":true,"href":"https:\/\/www.europesays.com\/pt\/wp-json\/wp\/v2\/users\/2"}],"replies":[{"embeddable":true,"href":"https:\/\/www.europesays.com\/pt\/wp-json\/wp\/v2\/comments?post=171565"}],"version-history":[{"count":0,"href":"https:\/\/www.europesays.com\/pt\/wp-json\/wp\/v2\/posts\/171565\/revisions"}],"wp:featuredmedia":[{"embeddable":true,"href":"https:\/\/www.europesays.com\/pt\/wp-json\/wp\/v2\/media\/171566"}],"wp:attachment":[{"href":"https:\/\/www.europesays.com\/pt\/wp-json\/wp\/v2\/media?parent=171565"}],"wp:term":[{"taxonomy":"category","embeddable":true,"href":"https:\/\/www.europesays.com\/pt\/wp-json\/wp\/v2\/categories?post=171565"},{"taxonomy":"post_tag","embeddable":true,"href":"https:\/\/www.europesays.com\/pt\/wp-json\/wp\/v2\/tags?post=171565"}],"curies":[{"name":"wp","href":"https:\/\/api.w.org\/{rel}","templated":true}]}}