{"id":171567,"date":"2025-12-01T09:52:16","date_gmt":"2025-12-01T09:52:16","guid":{"rendered":"https:\/\/www.europesays.com\/pt\/171567\/"},"modified":"2025-12-01T09:52:16","modified_gmt":"2025-12-01T09:52:16","slug":"rubio-quer-acordo-que-garanta-soberania-e-independencia-da-ucrania","status":"publish","type":"post","link":"https:\/\/www.europesays.com\/pt\/171567\/","title":{"rendered":"Rubio quer acordo que garanta soberania e independ\u00eancia da Ucr\u00e2nia"},"content":{"rendered":"<p>O Secret\u00e1rio de Estado norte-americano, Marco Rubio, afirmou que \u201co objetivo final&#8221; das negocia\u00e7\u00f5es que est\u00e3o a decorrer este domingo, 30 de novembro, nos Estados Unidos com uma delega\u00e7\u00e3o ucraniana &#8220;obviamente, n\u00e3o \u00e9 apenas o fim da guerra\u201d, conforme cita a ag\u00eancia The Associated Press.<\/p>\n<p><strong>Para Rubio, &#8220;tamb\u00e9m se trata de garantir um fim para a guerra que deixe a Ucr\u00e2nia soberana e independente, com a oportunidade de alcan\u00e7ar prosperidade real&#8221;<\/strong>, completou o chefe da diplomacia do administra\u00e7\u00e3o de Donald Trump.<\/p>\n<p>\u201cN\u00e3o se trata apenas de acordos de paz\u201d, afirmou Rubio numa curta conversa com a imprensa. Rustem Umerov, chefe do Conselho de Seguran\u00e7a da Ucr\u00e2nia, respondeu ao secret\u00e1rio, segundo a AP, a demonstrar a gratid\u00e3o de seu pa\u00eds pelos esfor\u00e7os para o fim da guerra.<\/p>\n<p>\u201cOs EUA est\u00e3o a ouvir-nos\u201d, disse Umerov. \u201cOs EUA est\u00e3oa apoiar-nos. Os EUA est\u00e3o a trabalhar ao nosso lado.\u201d<\/p>\n<p>Do lado americano, participam no encontro, na Florida, al\u00e9m de Rubio, o enviado especial Steve Witkoff e o genro de Trump, Jared Kushner. O foco do grupo passa por ajustar a estrutura do plano de paz norte-americano, com 28 pontos, j\u00e1 enviado \u00e0 R\u00fassia e que dever\u00e1 ser discutido em Moscovo.<\/p>\n<p><strong>&#8220;Foram-nos comunicados os principais par\u00e2metros e haver\u00e1 uma discuss\u00e3o em Moscovo na pr\u00f3xima semana&#8221;, <a aria-label=\"content\" target=\"_blank\" href=\"https:\/\/www.dn.pt\/internacional\/delegao-da-ucrnia-nos-eua-este-fim-de-semana-para-discutir-plano-de-paz\" rel=\"nofollow noopener\">avan\u00e7ou o porta-voz do Kremlin, Dmitry Peskov<\/a>, durante a sua confer\u00eancia de imprensa h\u00e1 dois dias.<\/strong><\/p>\n<p>O presidente da Ucr\u00e2nia, Volodymyr Zelensky, afirmou, logo que a sua delega\u00e7\u00e3o chegou aos EUA, que considera \u201cvi\u00e1vel\u201d alcan\u00e7ar \u201cnos pr\u00f3ximos dias\u201d um acordo para um \u201cfim digno\u201d da guerra com a R\u00fassia.<\/p>\n<p><strong>\u201cOs norte-americanos est\u00e3o a mostrar uma abordagem construtiva e \u00e9 poss\u00edvel que nos pr\u00f3ximos dias sejam concretizados os passos para determinar como p\u00f4r um fim digno \u00e0 guerra\u201d<\/strong>\u00a0afirmou Zelensky, no seu habitual discurso ao fim de cada dia.<\/p>\n","protected":false},"excerpt":{"rendered":"O Secret\u00e1rio de Estado norte-americano, Marco Rubio, afirmou que \u201co objetivo final&#8221; das negocia\u00e7\u00f5es que est\u00e3o a decorrer&hellip;\n","protected":false},"author":2,"featured_media":171568,"comment_status":"","ping_status":"","sticky":false,"template":"","format":"standard","meta":{"footnotes":""},"categories":[8],"tags":[27,28,92,235,15,16,889,14,6390,25,26,21,22,18507,12,13,19,20,32,23,24,33,839,17,18,29,30,31],"class_list":{"0":"post-171567","1":"post","2":"type-post","3":"status-publish","4":"format-standard","5":"has-post-thumbnail","7":"category-principais-noticias","8":"tag-breaking-news","9":"tag-breakingnews","10":"tag-donald-trump","11":"tag-estados-unidos","12":"tag-featured-news","13":"tag-featurednews","14":"tag-guerra-na-ucrania","15":"tag-headlines","16":"tag-invasao-da-ucrania-pela-russia","17":"tag-latest-news","18":"tag-latestnews","19":"tag-main-news","20":"tag-mainnews","21":"tag-marco-rubio","22":"tag-news","23":"tag-noticias","24":"tag-noticias-principais","25":"tag-noticiasprincipais","26":"tag-portugal","27":"tag-principais-noticias","28":"tag-principaisnoticias","29":"tag-pt","30":"tag-russia","31":"tag-top-stories","32":"tag-topstories","33":"tag-ultimas","34":"tag-ultimas-noticias","35":"tag-ultimasnoticias"},"share_on_mastodon":{"url":"https:\/\/pubeurope.com\/@pt\/115643701446371097","error":""},"_links":{"self":[{"href":"https:\/\/www.europesays.com\/pt\/wp-json\/wp\/v2\/posts\/171567","targetHints":{"allow":["GET"]}}],"collection":[{"href":"https:\/\/www.europesays.com\/pt\/wp-json\/wp\/v2\/posts"}],"about":[{"href":"https:\/\/www.europesays.com\/pt\/wp-json\/wp\/v2\/types\/post"}],"author":[{"embeddable":true,"href":"https:\/\/www.europesays.com\/pt\/wp-json\/wp\/v2\/users\/2"}],"replies":[{"embeddable":true,"href":"https:\/\/www.europesays.com\/pt\/wp-json\/wp\/v2\/comments?post=171567"}],"version-history":[{"count":0,"href":"https:\/\/www.europesays.com\/pt\/wp-json\/wp\/v2\/posts\/171567\/revisions"}],"wp:featuredmedia":[{"embeddable":true,"href":"https:\/\/www.europesays.com\/pt\/wp-json\/wp\/v2\/media\/171568"}],"wp:attachment":[{"href":"https:\/\/www.europesays.com\/pt\/wp-json\/wp\/v2\/media?parent=171567"}],"wp:term":[{"taxonomy":"category","embeddable":true,"href":"https:\/\/www.europesays.com\/pt\/wp-json\/wp\/v2\/categories?post=171567"},{"taxonomy":"post_tag","embeddable":true,"href":"https:\/\/www.europesays.com\/pt\/wp-json\/wp\/v2\/tags?post=171567"}],"curies":[{"name":"wp","href":"https:\/\/api.w.org\/{rel}","templated":true}]}}