{"id":171579,"date":"2025-12-01T10:05:13","date_gmt":"2025-12-01T10:05:13","guid":{"rendered":"https:\/\/www.europesays.com\/pt\/171579\/"},"modified":"2025-12-01T10:05:13","modified_gmt":"2025-12-01T10:05:13","slug":"costa-trouxe-novidades-e-harmonia-ao-conselho-europeu-mas-esbarrou-nalguns-obstaculos-diario-de-noticias","status":"publish","type":"post","link":"https:\/\/www.europesays.com\/pt\/171579\/","title":{"rendered":"Costa trouxe novidades e harmonia ao Conselho Europeu, mas esbarrou nalguns obst\u00e1culos &#8211; Di\u00e1rio de Not\u00edcias"},"content":{"rendered":"<ol>\n<li><a href=\"https:\/\/news.google.com\/rss\/articles\/CBMitwFBVV95cUxNX2lYa1U2QXVOYkFyVkhrbE9WTENhNTdIemlITS1BbWVEZkp5LXdpVFFpQjcyU2sxdXIyMUNjWkNkNF9QS3NQTWw0bnNkc194LU9FTVViZThTajZiakFkN05PV3RZUmw4TlZKR2ZFVjNQR2xWdXpwTGhBbF9MbjdaZUw5bXJpbmZOaEY3UExSRlprczdZenN3RHdfQ3VKa1JKUjlteHNybFhydFphWm9EQ2dwcW9rYTA?oc=5\" target=\"_blank\" rel=\"nofollow noopener\">Costa trouxe novidades e harmonia ao Conselho Europeu, mas esbarrou nalguns obst\u00e1culos<\/a>&nbsp;&nbsp;Di\u00e1rio de Not\u00edcias<\/li>\n<li><a href=\"https:\/\/news.google.com\/rss\/articles\/CBMi5gFBVV95cUxNUHpfdGZKa0JmTkpNdVZ5WHI1WjRwWjB1aU4yTjNBQ0pqZ085UldMWGdGVXUzVFMteHRLN2FIUnZVV1BRWlY2bW9RNFNEdmtMNVNVNGRVMkI5ajZsTHZwSFJOc1lNUDg5NENacXpuNk5kcUUyRURtbnVmMzVmMHNIT1NOdVJTNkYta01oSW12aTd2Y1pwU0xRYkNfZlE5V3RreGxWNGtNMFVDc2RDbzBHaEhlbHQ2Um5JdUtLTFBKQU1KczdWR0Z4a0xkZUw4ZGJtNFRfTjdLT0R3ODAtRzB2LThYSkRkQQ?oc=5\" target=\"_blank\" rel=\"nofollow noopener\">Ant\u00f3nio Costa admite que Donald Trump foi o \u201cmaior desafio\u201d de um ano \u201cexigente\u201d \u00e0 frente do Conselho Europeu<\/a>&nbsp;&nbsp;Renascen\u00e7a<\/li>\n<li><a href=\"https:\/\/news.google.com\/rss\/articles\/CBMitAFBVV95cUxOZlU4cGlfMnh4RV83S2lTbWNsMzhlTmtfX0JuQUZwMDdEbXcxRnhpd3F4d2JhSVZBa1daUDRETV8tRnU1VGlsZVdPLXhWSWZNOVcxTmlER2pjLXhvWE1fTXRQQ2t5alo0VnFqZXg5RktEWldPRGZNSEdJN204SW92UjJ5V2N2cE9EbkNvVzROaEY5RVIzbkE3RGVCQzAxM0luS2JiTjhyeTlmaWJnRXVlXzZOZzU?oc=5\" target=\"_blank\" rel=\"nofollow noopener\">Ano de Costa entre guerra tarif\u00e1ria e exclus\u00e3o na solu\u00e7\u00e3o ucraniana<\/a>&nbsp;&nbsp;Not\u00edcias ao Minuto<\/li>\n<li><a href=\"https:\/\/news.google.com\/rss\/articles\/CBMi0AFBVV95cUxNRnB2ZEN1cmRfeXZsQjVuYXFlRHN1RnFFYmNabm5Iekx4UE5yNklvbEhiRVluWENic3BaSmtQNVNydGVJMVlMcFN5TVFHZy00MFNGWlJ6UnhyTDdJWlJVcGk0dVBHWmZqYnBnWDBzQU1IWWFRcTNScThQMGtncG03OWhqV2pIY18wM01LZWkwSVVsREZJZmNtcDg1SXc4LWVTSnhFdHlmZXE5SHBXQmNJMmZ5aEotU19MVGp6ZmZOWXgxVE1sY2hqMGRhNW5HNEhv?oc=5\" target=\"_blank\" rel=\"nofollow noopener\">Ant\u00f3nio Costa em entrevista: \u201cA UE tamb\u00e9m ter\u00e1 de falar com a R\u00fassia\u201d<\/a>&nbsp;&nbsp;Expresso<\/li>\n<li><a href=\"https:\/\/news.google.com\/rss\/articles\/CBMilgFBVV95cUxQQ3ZTQlAyM05ncnRRVWJ6QkE4aG5mS1VGZkViNzB3Y01pQ25ZMTh2N3FITFpycHFURkxsV1ljRnRqNVltSFR6VzlvelFTQ09KeFdNeXduTTlTa0pSeU9TSVZHNktsOWxpVTY2WnVIcTFJQWRLTWZ2blZvRXpHUlpzbFpFaURBejVhcWJhNlY4TDVlLVN4NGc?oc=5\" target=\"_blank\" rel=\"nofollow noopener\">Costa reunir\u00e1 l\u00edderes da UE para retiro em Limburgo em Fevereiro<\/a>&nbsp;&nbsp;diariodafeira.com<\/li>\n<\/ol>\n","protected":false},"excerpt":{"rendered":"Costa trouxe novidades e harmonia ao Conselho Europeu, mas esbarrou nalguns obst\u00e1culos&nbsp;&nbsp;Di\u00e1rio de Not\u00edcias Ant\u00f3nio Costa admite que&hellip;\n","protected":false},"author":2,"featured_media":171580,"comment_status":"","ping_status":"","sticky":false,"template":"","format":"standard","meta":{"footnotes":""},"categories":[50],"tags":[6953,27,28,7962,15,16,14,82,25,26,21,22,62,12,13,19,20,23,24,17,18,29,30,31,63,64,65],"class_list":{"0":"post-171579","1":"post","2":"type-post","3":"status-publish","4":"format-standard","5":"has-post-thumbnail","7":"category-mundo","8":"tag-antonio-costa","9":"tag-breaking-news","10":"tag-breakingnews","11":"tag-conselho-europeu","12":"tag-featured-news","13":"tag-featurednews","14":"tag-headlines","15":"tag-internacional","16":"tag-latest-news","17":"tag-latestnews","18":"tag-main-news","19":"tag-mainnews","20":"tag-mundo","21":"tag-news","22":"tag-noticias","23":"tag-noticias-principais","24":"tag-noticiasprincipais","25":"tag-principais-noticias","26":"tag-principaisnoticias","27":"tag-top-stories","28":"tag-topstories","29":"tag-ultimas","30":"tag-ultimas-noticias","31":"tag-ultimasnoticias","32":"tag-world","33":"tag-world-news","34":"tag-worldnews"},"share_on_mastodon":{"url":"https:\/\/pubeurope.com\/@pt\/115643752429541653","error":""},"_links":{"self":[{"href":"https:\/\/www.europesays.com\/pt\/wp-json\/wp\/v2\/posts\/171579","targetHints":{"allow":["GET"]}}],"collection":[{"href":"https:\/\/www.europesays.com\/pt\/wp-json\/wp\/v2\/posts"}],"about":[{"href":"https:\/\/www.europesays.com\/pt\/wp-json\/wp\/v2\/types\/post"}],"author":[{"embeddable":true,"href":"https:\/\/www.europesays.com\/pt\/wp-json\/wp\/v2\/users\/2"}],"replies":[{"embeddable":true,"href":"https:\/\/www.europesays.com\/pt\/wp-json\/wp\/v2\/comments?post=171579"}],"version-history":[{"count":0,"href":"https:\/\/www.europesays.com\/pt\/wp-json\/wp\/v2\/posts\/171579\/revisions"}],"wp:featuredmedia":[{"embeddable":true,"href":"https:\/\/www.europesays.com\/pt\/wp-json\/wp\/v2\/media\/171580"}],"wp:attachment":[{"href":"https:\/\/www.europesays.com\/pt\/wp-json\/wp\/v2\/media?parent=171579"}],"wp:term":[{"taxonomy":"category","embeddable":true,"href":"https:\/\/www.europesays.com\/pt\/wp-json\/wp\/v2\/categories?post=171579"},{"taxonomy":"post_tag","embeddable":true,"href":"https:\/\/www.europesays.com\/pt\/wp-json\/wp\/v2\/tags?post=171579"}],"curies":[{"name":"wp","href":"https:\/\/api.w.org\/{rel}","templated":true}]}}