{"id":171581,"date":"2025-12-01T10:06:31","date_gmt":"2025-12-01T10:06:31","guid":{"rendered":"https:\/\/www.europesays.com\/pt\/171581\/"},"modified":"2025-12-01T10:06:31","modified_gmt":"2025-12-01T10:06:31","slug":"mulher-morre-em-colisao-na-a11-em-barcelos","status":"publish","type":"post","link":"https:\/\/www.europesays.com\/pt\/171581\/","title":{"rendered":"Mulher morre em colis\u00e3o na A11 em Barcelos"},"content":{"rendered":"<p data-remotead-prev-elm=\"true\" data-remotead-elm-id=\"inread\">Do sinistro resultou, ainda, um ferido grave, uma mulher de 34 anos que entrou em paragem cardiorespirat\u00f3ria, revertida no local, e que foi transportado para a unidade hospitalar de Braga. Houve, tamb\u00e9m, um ferido ligeiro, encaminhado para o hospital de Barcelos.<\/p>\n<p>As opera\u00e7\u00f5es de socorro mobilizaram um amplo dispositivo: os Bombeiros Volunt\u00e1rios de Barcelinhos com 13 operacionais e cinco viaturas; os Bombeiros Volunt\u00e1rios de Barcelos com dois elementos e um ve\u00edculo; e os Bombeiros Sapadores de Braga com oito operacionais e um ve\u00edculo. No terreno estiveram igualmente as equipas das duas VMER do INEM, de Braga e Barcelos.<\/p>\n<p>O N\u00facleo de Investiga\u00e7\u00e3o Criminal de Acidentes de Via\u00e7\u00e3o da GNR tomou conta da ocorr\u00eancia e est\u00e1 a apurar as circunst\u00e2ncias do acidente.<\/p>\n","protected":false},"excerpt":{"rendered":"Do sinistro resultou, ainda, um ferido grave, uma mulher de 34 anos que entrou em paragem cardiorespirat\u00f3ria, revertida&hellip;\n","protected":false},"author":2,"featured_media":171582,"comment_status":"","ping_status":"","sticky":false,"template":"","format":"standard","meta":{"footnotes":""},"categories":[10],"tags":[33813,27,28,21189,15,16,35930,14,25,26,21,22,12,13,19,20,32,23,24,33,17,18,29,30,31],"class_list":{"0":"post-171581","1":"post","2":"type-post","3":"status-publish","4":"format-standard","5":"has-post-thumbnail","7":"category-portugal","8":"tag-acidente-rodoviario","9":"tag-breaking-news","10":"tag-breakingnews","11":"tag-concelho-barcelos","12":"tag-featured-news","13":"tag-featurednews","14":"tag-ferido-grave","15":"tag-headlines","16":"tag-latest-news","17":"tag-latestnews","18":"tag-main-news","19":"tag-mainnews","20":"tag-news","21":"tag-noticias","22":"tag-noticias-principais","23":"tag-noticiasprincipais","24":"tag-portugal","25":"tag-principais-noticias","26":"tag-principaisnoticias","27":"tag-pt","28":"tag-top-stories","29":"tag-topstories","30":"tag-ultimas","31":"tag-ultimas-noticias","32":"tag-ultimasnoticias"},"share_on_mastodon":{"url":"https:\/\/pubeurope.com\/@pt\/115643756210091893","error":""},"_links":{"self":[{"href":"https:\/\/www.europesays.com\/pt\/wp-json\/wp\/v2\/posts\/171581","targetHints":{"allow":["GET"]}}],"collection":[{"href":"https:\/\/www.europesays.com\/pt\/wp-json\/wp\/v2\/posts"}],"about":[{"href":"https:\/\/www.europesays.com\/pt\/wp-json\/wp\/v2\/types\/post"}],"author":[{"embeddable":true,"href":"https:\/\/www.europesays.com\/pt\/wp-json\/wp\/v2\/users\/2"}],"replies":[{"embeddable":true,"href":"https:\/\/www.europesays.com\/pt\/wp-json\/wp\/v2\/comments?post=171581"}],"version-history":[{"count":0,"href":"https:\/\/www.europesays.com\/pt\/wp-json\/wp\/v2\/posts\/171581\/revisions"}],"wp:featuredmedia":[{"embeddable":true,"href":"https:\/\/www.europesays.com\/pt\/wp-json\/wp\/v2\/media\/171582"}],"wp:attachment":[{"href":"https:\/\/www.europesays.com\/pt\/wp-json\/wp\/v2\/media?parent=171581"}],"wp:term":[{"taxonomy":"category","embeddable":true,"href":"https:\/\/www.europesays.com\/pt\/wp-json\/wp\/v2\/categories?post=171581"},{"taxonomy":"post_tag","embeddable":true,"href":"https:\/\/www.europesays.com\/pt\/wp-json\/wp\/v2\/tags?post=171581"}],"curies":[{"name":"wp","href":"https:\/\/api.w.org\/{rel}","templated":true}]}}