{"id":171605,"date":"2025-12-01T10:47:17","date_gmt":"2025-12-01T10:47:17","guid":{"rendered":"https:\/\/www.europesays.com\/pt\/171605\/"},"modified":"2025-12-01T10:47:17","modified_gmt":"2025-12-01T10:47:17","slug":"sporting-goleia-estrela-da-amadora","status":"publish","type":"post","link":"https:\/\/www.europesays.com\/pt\/171605\/","title":{"rendered":"Sporting goleia Estrela da Amadora"},"content":{"rendered":"<p>O avan\u00e7ado colombiano Luis Su\u00e1rez fez o segundo e o quarto golos dos bicampe\u00f5es nacionais, aos 11 e 54 minutos, enquanto Eduardo Quaresma (7) e Fresneda (25) se estrearam a marcar nesta \u00e9poca, mas foi a a\u00e7\u00e3o de Trinc\u00e3o que permitiu aos \u2018le\u00f5es\u2019 resolverem, em apenas 25 minutos, a partida disputada no Est\u00e1dio Jos\u00e9 Alvalade e come\u00e7arem, desde logo, a pensar no d\u00e9rbi.<\/p>\n<p>O internacional portugu\u00eas fez a assist\u00eancia para os dois primeiros golos do Sporting e sofreu a falta que esteve na origem do terceiro, n\u00e3o tendo participa\u00e7\u00e3o decisiva apenas no quarto golo, j\u00e1 na segunda parte, embora a bola tamb\u00e9m tenha passado pelos seus p\u00e9s no in\u00edcio da constru\u00e7\u00e3o do lance.<\/p>\n<p>Um dia ap\u00f3s a vit\u00f3ria tangencial do Benfica (2-1), na visita ao Nacional, a equipa orientada por Rui Borges restabeleceu, assim, a vantagem de tr\u00eas pontos sobre o velho rival e colocou press\u00e3o sobre o FC Porto, que defronta hoje o Estoril Praia.<\/p>\n<p>Possivelmente para gerir a condi\u00e7\u00e3o f\u00edsica de Diomande, para a visita \u00e0 Luz, Eduardo Quaresma foi a \u2018surpresa\u2019 na equipa do Sporting e justificou a aposta com um cabeceamento certeiro (7), a fazer o 1-0, num livre lateral batido por Trinc\u00e3o, no lado esquerdo, fazendo o seu primeiro golo da \u00e9poca na primeira vez em que foi titular no campeonato.<\/p>\n<p>Trinc\u00e3o voltou, depois, a ter um papel decisivo no lance do 2-0, apontado por Luis Su\u00e1rez (11), ao tabelar duas vezes com o colombiano em zona frontal, para deix\u00e1-lo na \u2018cara\u2019 de Renan Ribeiro para ampliar o marcador.<\/p>\n<p>O internacional portugu\u00eas s\u00f3 n\u00e3o apontou, ele mesmo, o terceiro dos \u2018le\u00f5es\u2019 porque, aos 13 minutos, fez o mais \u2018dif\u00edcil\u2019 ao atirar ao lado do poste direito de Renan Ribeiro, depois de roubar a bola em zona adiantada do terreno e, na passada, driblar um advers\u00e1rio no interior da \u00e1rea.<\/p>\n<p>Mas voltou a ter um papel determinante no 3-0, ao sofrer a falta que permitiu a Fresneda (25), tamb\u00e9m de cabe\u00e7a, fazer igualmente o seu primeiro golo nesta \u00e9poca pelo seu clube, assistido por Geny Catamo, a finalizar um lance estudado de bola parada dos \u2018le\u00f5es\u2019.<\/p>\n<p>A vantagem de 3-0 ao intervalo era mais do que justificada, tamb\u00e9m porque o Estrela da Amadora foi quase inexistente ofensivamente: nesse per\u00edodo s\u00f3 rematou duas vezes, ambas de fora da \u00e1rea, por Lopes Cabral (41), ao lado, e por Abraham Marcus (43), \u00e0 \u2018figura\u2019 de Rui Silva.<\/p>\n<p>O encontro estava, por isso, \u2018resolvido\u2019, o que permitiu a Rui Borges come\u00e7ar, desde logo, a pensar na visita ao Benfica, mesmo antes de fazer entrar Pedro Gon\u00e7alves para o lugar de Geny Catamo, aos 60 minutos, les\u00e3o muscular que o afastou dos relvados desde o in\u00edcio do m\u00eas.<\/p>\n<p>Nesse sentido, o t\u00e9cnico retirou tamb\u00e9m o \u2018amarelado\u2019 Maxi Ara\u00fajo, ao intervalo, e lan\u00e7ou Matheus Reis, que iniciou o lance do 4-0 ao descobrir Morita bem posicionado para, com um toque de classe, isolar Luis Su\u00e1rez (54) para o \u2018bis\u2019.<\/p>\n<p>A gest\u00e3o f\u00edsica do plantel, tendo em vista o encontro de sexta-feira, prosseguiu com as sa\u00eddas, aos 78 minutos, de Trinc\u00e3o e do capit\u00e3o Hjulmand, dois dos jogadores com mais minutos de utiliza\u00e7\u00e3o nesta \u00e9poca e que deram os seus lugares a Alisson e Kochorashvili, respetivamente.<\/p>\n<p>Os bicampe\u00f5es nacionais somaram, assim, a quarta vit\u00f3ria consecutiva na I Liga, ap\u00f3s o empate com o Sporting de Braga, no in\u00edcio de outubro, com um \u2018saldo\u2019 de 10-1 em golos neste per\u00edodo e seguem para o d\u00e9rbi com a possibilidade de deixar o Benfica a seis pontos, em caso de vit\u00f3ria, al\u00e9m de n\u00e3o cederem na persegui\u00e7\u00e3o ao FC Porto, que lidera o campeonato.<br \/>&#13;<\/p>\n","protected":false},"excerpt":{"rendered":"O avan\u00e7ado colombiano Luis Su\u00e1rez fez o segundo e o quarto golos dos bicampe\u00f5es nacionais, aos 11 e&hellip;\n","protected":false},"author":2,"featured_media":171606,"comment_status":"","ping_status":"","sticky":false,"template":"","format":"standard","meta":{"footnotes":""},"categories":[87],"tags":[135,13,32,33,420,421,134],"class_list":{"0":"post-171605","1":"post","2":"type-post","3":"status-publish","4":"format-standard","5":"has-post-thumbnail","7":"category-desporto","8":"tag-desporto","9":"tag-noticias","10":"tag-portugal","11":"tag-pt","12":"tag-rtp","13":"tag-rtp-noticias","14":"tag-sports"},"share_on_mastodon":{"url":"https:\/\/pubeurope.com\/@pt\/115643917573855907","error":""},"_links":{"self":[{"href":"https:\/\/www.europesays.com\/pt\/wp-json\/wp\/v2\/posts\/171605","targetHints":{"allow":["GET"]}}],"collection":[{"href":"https:\/\/www.europesays.com\/pt\/wp-json\/wp\/v2\/posts"}],"about":[{"href":"https:\/\/www.europesays.com\/pt\/wp-json\/wp\/v2\/types\/post"}],"author":[{"embeddable":true,"href":"https:\/\/www.europesays.com\/pt\/wp-json\/wp\/v2\/users\/2"}],"replies":[{"embeddable":true,"href":"https:\/\/www.europesays.com\/pt\/wp-json\/wp\/v2\/comments?post=171605"}],"version-history":[{"count":0,"href":"https:\/\/www.europesays.com\/pt\/wp-json\/wp\/v2\/posts\/171605\/revisions"}],"wp:featuredmedia":[{"embeddable":true,"href":"https:\/\/www.europesays.com\/pt\/wp-json\/wp\/v2\/media\/171606"}],"wp:attachment":[{"href":"https:\/\/www.europesays.com\/pt\/wp-json\/wp\/v2\/media?parent=171605"}],"wp:term":[{"taxonomy":"category","embeddable":true,"href":"https:\/\/www.europesays.com\/pt\/wp-json\/wp\/v2\/categories?post=171605"},{"taxonomy":"post_tag","embeddable":true,"href":"https:\/\/www.europesays.com\/pt\/wp-json\/wp\/v2\/tags?post=171605"}],"curies":[{"name":"wp","href":"https:\/\/api.w.org\/{rel}","templated":true}]}}