{"id":171609,"date":"2025-12-01T10:50:12","date_gmt":"2025-12-01T10:50:12","guid":{"rendered":"https:\/\/www.europesays.com\/pt\/171609\/"},"modified":"2025-12-01T10:50:12","modified_gmt":"2025-12-01T10:50:12","slug":"iphone-16-atinge-menor-preco-historico-e-se-torna-melhor-opcao-em-dezembro","status":"publish","type":"post","link":"https:\/\/www.europesays.com\/pt\/171609\/","title":{"rendered":"iPhone 16 atinge menor pre\u00e7o hist\u00f3rico e se torna melhor op\u00e7\u00e3o em dezembro"},"content":{"rendered":"<p>A <strong>Amazon <\/strong>liberou uma promo\u00e7\u00e3o incr\u00edvel do <a class=\"tg-link-manual\" href=\"https:\/\/www.oficinadanet.com.br\/smartphones\/apple-iphone-16\" rel=\"nofollow noopener\" target=\"_blank\"><strong>iPhone 16<\/strong><\/a>. O aparelho, que antes custava R$ 7.799, agora est\u00e1 dispon\u00edvel por <strong>R$ 3.932<\/strong>, uma <strong>redu\u00e7\u00e3o de 49%<\/strong><strong\/>. Considerando que esse \u00e9 o menor pre\u00e7o j\u00e1 registrado por nosso sistema, o aparelho se torna uma excelente escolha para quem procura um <a class=\"lib tg-lib\" href=\"https:\/\/www.oficinadanet.com.br\/iphone\" rel=\"nofollow noopener\" target=\"_blank\">iPhone<\/a> com desempenho de ponta, c\u00e2meras de qualidade e resist\u00eancia \u00e0 \u00e1gua.<\/p>\n<p>O que o iPhone 16 oferece<\/p>\n<p>Com tela <strong>Super Retina XDR OLED de 6,1 polegadas<\/strong> (2556 x 1179 pixels), o <strong>iPhone 16<\/strong> traz o processador <strong>Apple A18<\/strong> com CPU de 6 n\u00facleos e GPU de 5 n\u00facleos, al\u00e9m de <strong>8\u202fGB de RAM<\/strong> e op\u00e7\u00f5es de <strong>128 GB<\/strong>, <strong>256 GB <\/strong>ou <strong>512\u202fGB<\/strong>.<\/p>\n<p>            &#13;<br \/>\n                    &#13;<br \/>\n                        &#13;<br \/>\n                        &#13;<br \/>\n                        &#13;<br \/>\n                        &#13;<br \/>\n                        <img decoding=\"async\" loading=\"lazy\" width=\"330\" height=\"186\" src=\"https:\/\/www.europesays.com\/pt\/wp-content\/uploads\/2025\/12\/20251111-155916-10.jpg\"  alt=\"iPhone 16\" title=\"iPhone 16\"\/>&#13;<br \/>\n                    iPhone 16&#13;<\/p>\n<p>A c\u00e2mera principal de <strong>48\u202fMP<\/strong> traz estabiliza\u00e7\u00e3o \u00f3ptica (<a href=\"https:\/\/www.oficinadanet.com.br\/ofertas\/OIS\" class=\"lib tg-lib\" rel=\"nofollow  noopener\" target=\"_blank\">OIS<\/a>), enquanto a <a class=\"lib tg-lib\" href=\"https:\/\/www.oficinadanet.com.br\/smartphones\/36853-quais-sao-as-lentes-de-celular\" rel=\"nofollow noopener\" target=\"_blank\">ultrawide<\/a> tem <strong>12 MP<\/strong> com foco autom\u00e1tico e modo macro. A lente dedicada \u00e0 selfies \u00e9 de <strong>12\u202fMP<\/strong>. O aparelho filma em at\u00e9 <strong>4K a 60 fps com HDR<\/strong>.<\/p>\n<p>A bateria de <strong>3.561\u202fmAh<\/strong> oferece recargas via <strong>USB\u2011C<\/strong> (at\u00e9 <strong>25W <\/strong>com <a href=\"https:\/\/www.oficinadanet.com.br\/onresponde\/64647-magsafe-como-funciona\" class=\"lib tg-lib\" rel=\"nofollow  noopener\" target=\"_blank\">MagSafe<\/a>) e Qi2 (<strong>15W<\/strong>). O sistema operacional \u00e9 o <strong>iOS 18<\/strong> com suporte ao <strong>Apple Intelligence<\/strong>.<\/p>\n<ul>\n<li><b>Prote\u00e7\u00e3o \u00c1gua:<\/b> IP68<\/li>\n<li><b>Sistema:<\/b> iOS 18<\/li>\n<li><b>Processador:<\/b> Apple A18 Pro (3 nm)<\/li>\n<li><b>Armazenamento:<\/b> <a href=\"https:\/\/www.oficinadanet.com.br\/smartphones\/buscar?armazenamento-interno=128-Gb\" rel=\"nofollow noopener\" target=\"_blank\">128 GB<\/a>, <a href=\"https:\/\/www.oficinadanet.com.br\/smartphones\/buscar?armazenamento-interno=256-gb\" rel=\"nofollow noopener\" target=\"_blank\">256 GB<\/a> e <a href=\"https:\/\/www.oficinadanet.com.br\/smartphones\/buscar?armazenamento-interno=512-gb\" rel=\"nofollow noopener\" target=\"_blank\">512 GB<\/a><\/li>\n<li><b>Tela &#8211; Tipo:<\/b> LTPO Super Retina XDR OLED<\/li>\n<li><b>Tela &#8211; Tamanho:<\/b> 6.1<\/li>\n<li><b>Tela &#8211; Resolu\u00e7\u00e3o:<\/b> 1179 x 2556 pixels<\/li>\n<li><b>C\u00e2mera principal:<\/b> 48 MP, f\/1.6, 26mm (wide), 1\/1.56<\/li>\n<li><b>C\u00e2m. Selfie:<\/b> 12 MP, f\/1.9, 23mm (wide), 1\/3.6<\/li>\n<li><b>Bateria:<\/b> <a href=\"https:\/\/www.oficinadanet.com.br\/smartphones\/buscar?bateria=3561-mah\" rel=\"nofollow noopener\" target=\"_blank\">3561 mAh<\/a><\/li>\n<li><b>Carregador:<\/b> N\u00e3o espec\u00edficado<\/li>\n<li><b>Carrega sem fios?:<\/b> 25W (MagSafe) e 15W<\/li>\n<p>&#13;\n            <\/ul>\n<p class=\"obj-spec-simples-full\">Apple iPhone 16  &#8211; <a href=\"https:\/\/www.oficinadanet.com.br\/smartphones\/apple-iphone-16\" rel=\"nofollow noopener\" target=\"_blank\"> Veja aqui a ficha t\u00e9cnica completa<\/a><\/p>\n<p>Onde est\u00e1 a oferta?<\/p>\n<p>            &#13;<br \/>\n                    &#13;<br \/>\n                        &#13;<br \/>\n                        &#13;<br \/>\n                        &#13;<br \/>\n                        &#13;<br \/>\n                        <img decoding=\"async\" loading=\"lazy\" width=\"330\" height=\"147\" src=\"https:\/\/www.europesays.com\/pt\/wp-content\/uploads\/2025\/12\/iphone16-amazon-4.png\"  alt=\"Oferta do iPhone 16\" title=\"Oferta do iPhone 16\"\/>&#13;<br \/>\n                    Oferta do iPhone 16&#13;<\/p>\n<p>O<strong> iPhone 16<\/strong> de <strong>128 GB<\/strong> est\u00e1 dispon\u00edvel por <strong>R$ 3.932 \u00e0 vista no Pix<\/strong>, mas para atingir esse valor, \u00e9 preciso utilizar o <strong>cupom &#8220;SMART200&#8221;<\/strong> na tela de pagamento acessar a promo\u00e7\u00e3o pelo <strong>app da Amazon<\/strong>. D\u00e1 para parcelar por <strong>R$ 4.965 <\/strong>em <strong>at\u00e9 12x de R$ 370,77 sem juros<\/strong>.<\/p>\n<p><a class=\"button-main btn-main d-block text-center\" href=\"https:\/\/www.oficinadanet.com.br\/go\/wmbktg\" target=\"_blank\" rel=\"nofollow noopener\">Compre o iPhone 16 com desconto na Amazon<\/a><\/p>\n<p><strong>Ofertas em tempo real<\/strong> \ud83d\udd25<\/p>\n<p>N\u00e3o perca nenhuma promo\u00e7\u00e3o! Acompanhe nossos canais:<\/p>\n<p>Vale a pena comprar o iPhone 16?<\/p>\n<p>Sim, vale a pena comprar o <strong>iPhone 16<\/strong>. Gra\u00e7as ao chip A18, ele entrega uma performance de alto n\u00edvel, al\u00e9m de trazer c\u00e2meras avan\u00e7adas para quem gosta de fotos e v\u00eddeos de qualidade, bem como recursos de <a class=\"lib tg-lib\" href=\"https:\/\/www.oficinadanet.com.br\/inteligencia-artificial\" rel=\"nofollow noopener\" target=\"_blank\">intelig\u00eancia artificial<\/a> por meio do <a class=\"lib tg-lib\" href=\"https:\/\/www.oficinadanet.com.br\/apple\" rel=\"nofollow noopener\" target=\"_blank\">Apple<\/a> Intelligence.<\/p>\n<p><strong>\u2705 Pr\u00f3s<\/strong><\/p>\n<ul>\n<li>Chip A18;<\/li>\n<li>C\u00e2mera de 48\u202fMP com OIS + ultrawide de 12 MP;<\/li>\n<li>Tela Super <a class=\"lib tg-lib\" href=\"https:\/\/www.oficinadanet.com.br\/apple\/31719-o-que-e-uma-tela-retina\" rel=\"nofollow noopener\" target=\"_blank\">Retina<\/a> XDR OLED de 6,1\u2033 com <a class=\"lib tg-lib\" href=\"https:\/\/www.oficinadanet.com.br\/apple\/42356-tudo-sobre-dynamic-island\" rel=\"nofollow noopener\" target=\"_blank\">Dynamic Island<\/a> e brilho de at\u00e9 2.000 <a href=\"https:\/\/www.oficinadanet.com.br\/onresponde\/64224-o-que-significa-nits-brilho-da-tela\" class=\"lib tg-lib\" rel=\"nofollow  noopener\" target=\"_blank\">nits<\/a>;<\/li>\n<li>iOS 18 com Apple Intelligence, Action Button e Camera Control;<\/li>\n<li>Wi\u2011Fi 7, <a class=\"lib tg-lib\" href=\"https:\/\/www.oficinadanet.com.br\/onresponde\/47839-usb-tipos-geracores-diferencas\" rel=\"nofollow noopener\" target=\"_blank\">USB<\/a>-C e <a class=\"lib tg-lib\" href=\"https:\/\/www.oficinadanet.com.br\/tecnologia\/42732-ip-explicando-resistencia-a-agua\" rel=\"nofollow noopener\" target=\"_blank\">IP68<\/a>.<\/li>\n<\/ul>\n<p><strong>\u274c Contras<\/strong><\/p>\n<ul>\n<li>Taxa de atualiza\u00e7\u00e3o de 60\u202fHz;<\/li>\n<li>Sem lente teleobjetiva;<\/li>\n<li>Aus\u00eancia de entrada para fones de ouvido.<\/li>\n<\/ul>\n","protected":false},"excerpt":{"rendered":"A Amazon liberou uma promo\u00e7\u00e3o incr\u00edvel do iPhone 16. O aparelho, que antes custava R$ 7.799, agora est\u00e1&hellip;\n","protected":false},"author":2,"featured_media":171610,"comment_status":"","ping_status":"","sticky":false,"template":"","format":"standard","meta":{"footnotes":""},"categories":[84],"tags":[247,109,107,108,249,19651,13,2061,32,33,105,103,104,954,106,110],"class_list":{"0":"post-171609","1":"post","2":"type-post","3":"status-publish","4":"format-standard","5":"has-post-thumbnail","7":"category-ciencia-e-tecnologia","8":"tag-apple","9":"tag-ciencia","10":"tag-ciencia-e-tecnologia","11":"tag-cienciaetecnologia","12":"tag-iphone","13":"tag-iphone-16","14":"tag-noticias","15":"tag-ofertas","16":"tag-portugal","17":"tag-pt","18":"tag-science","19":"tag-science-and-technology","20":"tag-scienceandtechnology","21":"tag-smartphones","22":"tag-technology","23":"tag-tecnologia"},"share_on_mastodon":{"url":"https:\/\/pubeurope.com\/@pt\/115643929547869405","error":""},"_links":{"self":[{"href":"https:\/\/www.europesays.com\/pt\/wp-json\/wp\/v2\/posts\/171609","targetHints":{"allow":["GET"]}}],"collection":[{"href":"https:\/\/www.europesays.com\/pt\/wp-json\/wp\/v2\/posts"}],"about":[{"href":"https:\/\/www.europesays.com\/pt\/wp-json\/wp\/v2\/types\/post"}],"author":[{"embeddable":true,"href":"https:\/\/www.europesays.com\/pt\/wp-json\/wp\/v2\/users\/2"}],"replies":[{"embeddable":true,"href":"https:\/\/www.europesays.com\/pt\/wp-json\/wp\/v2\/comments?post=171609"}],"version-history":[{"count":0,"href":"https:\/\/www.europesays.com\/pt\/wp-json\/wp\/v2\/posts\/171609\/revisions"}],"wp:featuredmedia":[{"embeddable":true,"href":"https:\/\/www.europesays.com\/pt\/wp-json\/wp\/v2\/media\/171610"}],"wp:attachment":[{"href":"https:\/\/www.europesays.com\/pt\/wp-json\/wp\/v2\/media?parent=171609"}],"wp:term":[{"taxonomy":"category","embeddable":true,"href":"https:\/\/www.europesays.com\/pt\/wp-json\/wp\/v2\/categories?post=171609"},{"taxonomy":"post_tag","embeddable":true,"href":"https:\/\/www.europesays.com\/pt\/wp-json\/wp\/v2\/tags?post=171609"}],"curies":[{"name":"wp","href":"https:\/\/api.w.org\/{rel}","templated":true}]}}