{"id":171614,"date":"2025-12-01T10:58:14","date_gmt":"2025-12-01T10:58:14","guid":{"rendered":"https:\/\/www.europesays.com\/pt\/171614\/"},"modified":"2025-12-01T10:58:14","modified_gmt":"2025-12-01T10:58:14","slug":"secret-story-revelado-o-segredo-de-leandro-em-plena-gala","status":"publish","type":"post","link":"https:\/\/www.europesays.com\/pt\/171614\/","title":{"rendered":"&#8220;Secret Story&#8221;: revelado o segredo de Leandro&#8230; em plena gala!"},"content":{"rendered":"<p>&#8220;<a href=\"https:\/\/tvi.iol.pt\/secretstory\/\" target=\"_blank\" wbo-id=\"59\" rel=\"nofollow noopener\">Secret Story &#8211; Casa dos Segredos<\/a>&#8221; est\u00e1 ao rubro. Na gala deste domingo, dia 30, o bot\u00e3o dos segredos voltou a tocar, j\u00e1 que Marisa quis desvendar o mist\u00e9rio que esconde Leandro. &#8220;Fui assaltado \u00e0 m\u00e3o armada&#8221; foi a aposta da concorrente, que decidiu avan\u00e7ar com a inten\u00e7\u00e3o de desvendar o segredo.<\/p>\n<p>Entretanto, a Voz pronunciou-se&#8230; e confirmou que este \u00e9 mesmo o segredo de Leandro.<\/p>\n<p>&#8220;Foi aos 19 anos. Perto da C\u00e2mara do Porto, em plena Avenida dos Aliados. Foi de noite e eram dois indiv\u00edduos encapuzados e apontaram-me uma navalha. N\u00e3o reagi. Entreguei todo o dinheiro que tinha. Entretanto, dirigi-me \u00e0 esquadra para apresentar queixa&#8221;, recordou, de seguida, o jovem, em conversa com Cristina Ferreira.<\/p>\n<p>Veja, agora, algumas das melhores imagens de Leandro e Marisa nas galerias de fotografias que prepar\u00e1mos para si.<\/p>\n","protected":false},"excerpt":{"rendered":"&#8220;Secret Story &#8211; Casa dos Segredos&#8221; est\u00e1 ao rubro. Na gala deste domingo, dia 30, o bot\u00e3o dos&hellip;\n","protected":false},"author":2,"featured_media":165600,"comment_status":"","ping_status":"","sticky":false,"template":"","format":"standard","meta":{"footnotes":""},"categories":[142],"tags":[2632,114,115,980,12397,19184,619,32,33,1014,1315,1012,151,162],"class_list":{"0":"post-171614","1":"post","2":"type-post","3":"status-publish","4":"format-standard","5":"has-post-thumbnail","7":"category-tv","8":"tag-casa-dos-segredos","9":"tag-entertainment","10":"tag-entretenimento","11":"tag-famosos","12":"tag-leandro","13":"tag-marisa","14":"tag-nacional","15":"tag-portugal","16":"tag-pt","17":"tag-reality-show","18":"tag-secret-story","19":"tag-selfie","20":"tag-tv","21":"tag-tvi"},"share_on_mastodon":{"url":"https:\/\/pubeurope.com\/@pt\/115643960677724284","error":""},"_links":{"self":[{"href":"https:\/\/www.europesays.com\/pt\/wp-json\/wp\/v2\/posts\/171614","targetHints":{"allow":["GET"]}}],"collection":[{"href":"https:\/\/www.europesays.com\/pt\/wp-json\/wp\/v2\/posts"}],"about":[{"href":"https:\/\/www.europesays.com\/pt\/wp-json\/wp\/v2\/types\/post"}],"author":[{"embeddable":true,"href":"https:\/\/www.europesays.com\/pt\/wp-json\/wp\/v2\/users\/2"}],"replies":[{"embeddable":true,"href":"https:\/\/www.europesays.com\/pt\/wp-json\/wp\/v2\/comments?post=171614"}],"version-history":[{"count":0,"href":"https:\/\/www.europesays.com\/pt\/wp-json\/wp\/v2\/posts\/171614\/revisions"}],"wp:featuredmedia":[{"embeddable":true,"href":"https:\/\/www.europesays.com\/pt\/wp-json\/wp\/v2\/media\/165600"}],"wp:attachment":[{"href":"https:\/\/www.europesays.com\/pt\/wp-json\/wp\/v2\/media?parent=171614"}],"wp:term":[{"taxonomy":"category","embeddable":true,"href":"https:\/\/www.europesays.com\/pt\/wp-json\/wp\/v2\/categories?post=171614"},{"taxonomy":"post_tag","embeddable":true,"href":"https:\/\/www.europesays.com\/pt\/wp-json\/wp\/v2\/tags?post=171614"}],"curies":[{"name":"wp","href":"https:\/\/api.w.org\/{rel}","templated":true}]}}