{"id":171632,"date":"2025-12-01T11:21:17","date_gmt":"2025-12-01T11:21:17","guid":{"rendered":"https:\/\/www.europesays.com\/pt\/171632\/"},"modified":"2025-12-01T11:21:17","modified_gmt":"2025-12-01T11:21:17","slug":"sargento-da-gnr-suspeito-de-corrupcao-ia-comprar-herdade-no-alentejo","status":"publish","type":"post","link":"https:\/\/www.europesays.com\/pt\/171632\/","title":{"rendered":"Sargento da GNR suspeito de corrup\u00e7\u00e3o ia comprar herdade no Alentejo"},"content":{"rendered":"<p data-remotead-prev-elm=\"true\" data-remotead-elm-id=\"inread\">Nas buscas a que foi sujeito em Gondomar, onde reside, a Pol\u00edcia Judici\u00e1ria apreendeu um contrato de promessa de compra e venda de uma herdade alentejana, de 160 mil euros, assinado pelo pr\u00f3prio. Al\u00e9m disso, as autoridades tamb\u00e9m lhe confiscaram um Mercedes CLE, um Audi A5 Cabriolet, um Land Rover, documentos banc\u00e1rios de um dep\u00f3sito de 17 mil euros e manuscritos sobre contabilidade, detalhando uma entrega de 12835 euros ao tenente, tamb\u00e9m detido na opera\u00e7\u00e3o.<\/p>\n","protected":false},"excerpt":{"rendered":"Nas buscas a que foi sujeito em Gondomar, onde reside, a Pol\u00edcia Judici\u00e1ria apreendeu um contrato de promessa&hellip;\n","protected":false},"author":2,"featured_media":171633,"comment_status":"","ping_status":"","sticky":false,"template":"","format":"standard","meta":{"footnotes":""},"categories":[10],"tags":[1564,27,28,4469,35150,15,16,2002,14,603,25,26,21,22,12,13,19,20,32,23,24,33,17,18,29,30,31],"class_list":{"0":"post-171632","1":"post","2":"type-post","3":"status-publish","4":"format-standard","5":"has-post-thumbnail","7":"category-portugal","8":"tag-beja","9":"tag-breaking-news","10":"tag-breakingnews","11":"tag-corrupcao","12":"tag-exploracao-laboral","13":"tag-featured-news","14":"tag-featurednews","15":"tag-gnr","16":"tag-headlines","17":"tag-justica","18":"tag-latest-news","19":"tag-latestnews","20":"tag-main-news","21":"tag-mainnews","22":"tag-news","23":"tag-noticias","24":"tag-noticias-principais","25":"tag-noticiasprincipais","26":"tag-portugal","27":"tag-principais-noticias","28":"tag-principaisnoticias","29":"tag-pt","30":"tag-top-stories","31":"tag-topstories","32":"tag-ultimas","33":"tag-ultimas-noticias","34":"tag-ultimasnoticias"},"share_on_mastodon":{"url":"https:\/\/pubeurope.com\/@pt\/115644051386112579","error":""},"_links":{"self":[{"href":"https:\/\/www.europesays.com\/pt\/wp-json\/wp\/v2\/posts\/171632","targetHints":{"allow":["GET"]}}],"collection":[{"href":"https:\/\/www.europesays.com\/pt\/wp-json\/wp\/v2\/posts"}],"about":[{"href":"https:\/\/www.europesays.com\/pt\/wp-json\/wp\/v2\/types\/post"}],"author":[{"embeddable":true,"href":"https:\/\/www.europesays.com\/pt\/wp-json\/wp\/v2\/users\/2"}],"replies":[{"embeddable":true,"href":"https:\/\/www.europesays.com\/pt\/wp-json\/wp\/v2\/comments?post=171632"}],"version-history":[{"count":0,"href":"https:\/\/www.europesays.com\/pt\/wp-json\/wp\/v2\/posts\/171632\/revisions"}],"wp:featuredmedia":[{"embeddable":true,"href":"https:\/\/www.europesays.com\/pt\/wp-json\/wp\/v2\/media\/171633"}],"wp:attachment":[{"href":"https:\/\/www.europesays.com\/pt\/wp-json\/wp\/v2\/media?parent=171632"}],"wp:term":[{"taxonomy":"category","embeddable":true,"href":"https:\/\/www.europesays.com\/pt\/wp-json\/wp\/v2\/categories?post=171632"},{"taxonomy":"post_tag","embeddable":true,"href":"https:\/\/www.europesays.com\/pt\/wp-json\/wp\/v2\/tags?post=171632"}],"curies":[{"name":"wp","href":"https:\/\/api.w.org\/{rel}","templated":true}]}}