{"id":171638,"date":"2025-12-01T11:24:14","date_gmt":"2025-12-01T11:24:14","guid":{"rendered":"https:\/\/www.europesays.com\/pt\/171638\/"},"modified":"2025-12-01T11:24:14","modified_gmt":"2025-12-01T11:24:14","slug":"irreverencia-de-maurizio-cattelan-esta-para-quem-quiser-ver-em-serralves-ate-janeiro","status":"publish","type":"post","link":"https:\/\/www.europesays.com\/pt\/171638\/","title":{"rendered":"Irrever\u00eancia de Maurizio Cattelan est\u00e1 para quem quiser ver em Serralves at\u00e9 janeiro"},"content":{"rendered":"<p>A ousadia de Maurizio Cattelan instalou-se em Serralves e h\u00e1 muito mais para descobrir al\u00e9m da c\u00e9lebre banana presa \u00e0 parede. &#8220;Sussurro&#8221;, a grande retrospectiva dedicada ao provocador artista italiano, re\u00fane 26 pe\u00e7as e ocupa a Casa de Serralves, onde poder\u00e1 ser visitada at\u00e9 18 de janeiro. Philippe Vergne, diretor art\u00edstico do museu, fala do refinado sentido de humor de Cattelan.<\/p>\n","protected":false},"excerpt":{"rendered":"A ousadia de Maurizio Cattelan instalou-se em Serralves e h\u00e1 muito mais para descobrir al\u00e9m da c\u00e9lebre banana&hellip;\n","protected":false},"author":2,"featured_media":171639,"comment_status":"","ping_status":"","sticky":false,"template":"","format":"standard","meta":{"footnotes":""},"categories":[144],"tags":[207,205,206,203,201,202,35933,204,114,115,698,35934,32,33],"class_list":{"0":"post-171638","1":"post","2":"type-post","3":"status-publish","4":"format-standard","5":"has-post-thumbnail","7":"category-arte-e-design","8":"tag-arte","9":"tag-arte-e-design","10":"tag-artedesign","11":"tag-arts","12":"tag-arts-and-design","13":"tag-artsanddesign","14":"tag-casa-de-serralves","15":"tag-design","16":"tag-entertainment","17":"tag-entretenimento","18":"tag-exposicao","19":"tag-maurizio-cattelan","20":"tag-portugal","21":"tag-pt"},"share_on_mastodon":{"url":"https:\/\/pubeurope.com\/@pt\/115644062954808280","error":""},"_links":{"self":[{"href":"https:\/\/www.europesays.com\/pt\/wp-json\/wp\/v2\/posts\/171638","targetHints":{"allow":["GET"]}}],"collection":[{"href":"https:\/\/www.europesays.com\/pt\/wp-json\/wp\/v2\/posts"}],"about":[{"href":"https:\/\/www.europesays.com\/pt\/wp-json\/wp\/v2\/types\/post"}],"author":[{"embeddable":true,"href":"https:\/\/www.europesays.com\/pt\/wp-json\/wp\/v2\/users\/2"}],"replies":[{"embeddable":true,"href":"https:\/\/www.europesays.com\/pt\/wp-json\/wp\/v2\/comments?post=171638"}],"version-history":[{"count":0,"href":"https:\/\/www.europesays.com\/pt\/wp-json\/wp\/v2\/posts\/171638\/revisions"}],"wp:featuredmedia":[{"embeddable":true,"href":"https:\/\/www.europesays.com\/pt\/wp-json\/wp\/v2\/media\/171639"}],"wp:attachment":[{"href":"https:\/\/www.europesays.com\/pt\/wp-json\/wp\/v2\/media?parent=171638"}],"wp:term":[{"taxonomy":"category","embeddable":true,"href":"https:\/\/www.europesays.com\/pt\/wp-json\/wp\/v2\/categories?post=171638"},{"taxonomy":"post_tag","embeddable":true,"href":"https:\/\/www.europesays.com\/pt\/wp-json\/wp\/v2\/tags?post=171638"}],"curies":[{"name":"wp","href":"https:\/\/api.w.org\/{rel}","templated":true}]}}