{"id":17164,"date":"2025-08-05T14:37:35","date_gmt":"2025-08-05T14:37:35","guid":{"rendered":"https:\/\/www.europesays.com\/pt\/17164\/"},"modified":"2025-08-05T14:37:35","modified_gmt":"2025-08-05T14:37:35","slug":"quer-trocar-o-fogao-forno-ou-esquentador-de-casa-saiba-como-funciona-o-programa-e-lar","status":"publish","type":"post","link":"https:\/\/www.europesays.com\/pt\/17164\/","title":{"rendered":"Quer trocar o fog\u00e3o, forno ou esquentador de casa? Saiba como funciona o programa E-Lar"},"content":{"rendered":"<p class=\"category\"><a href=\"https:\/\/sicnoticias.pt\/pais\" rel=\"nofollow noopener\" target=\"_blank\">Pa\u00eds<\/a><\/p>\n<p class=\"g-article-lead lead\" data-field=\"lead\">O programa E-Lar funciona da seguinte maneira: qualquer pessoa que tenha fog\u00f5es, fornos e esquentadores a g\u00e1s pode troc\u00e1-los por modelos el\u00e9tricos de elevada efici\u00eancia energ\u00e9tica. Basta submeter uma candidatura para ter acesso a um voucher digital. O que muda s\u00e3o os valores disponibilizados, diferentes consoante a vulnerabilidade das pessoas.<\/p>\n<p><img decoding=\"async\" src=\"https:\/\/www.europesays.com\/pt\/wp-content\/uploads\/2025\/08\/1754404655_924_original.webp\" alt=\"Quer trocar o fog\u00e3o, forno ou esquentador de casa? Saiba como funciona o programa E-Lar\"\/><\/p>\n<p>SEAN GLADWELL<\/p>\n<p><strong>A ministra do Ambiente e da Energia, Maria da Gra\u00e7a Carvalho, apresentou esta ter\u00e7a-feira o E-Lar, um programa aberto para todos, que pretende dar (ou ajudar na compra de) eletrodom\u00e9sticos eficientes a cerca de 30 mil fam\u00edlias.<\/strong><\/p>\n<blockquote>\n<p>&#8220;Damos in\u00edcio a um novo cap\u00edtulo na pol\u00edtica da efici\u00eancia energ\u00e9tica e da descarboniza\u00e7\u00e3o&#8221;, diz Maria da Gra\u00e7a Carvalho, que promete &#8220;uma resposta direta e simples \u00e0s pessoas que ainda dependem de equipamentos a g\u00e1s&#8221;.<\/p>\n<\/blockquote>\n<p>O programa funciona da seguinte maneira: qualquer pessoa que tenha fog\u00f5es, fornos e esquentadores a g\u00e1s pode troc\u00e1-los por modelos el\u00e9tricos de elevada efici\u00eancia energ\u00e9tica. <strong>Basta submeter uma candidatura para ter acesso a um voucher digital. O que muda s\u00e3o os valores, diferentes para dois grupos, consoante a vulnerabilidade das pessoas<\/strong>.<\/p>\n<p>  Programa disponibiliza 40 milh\u00f5es de euros  <\/p>\n<p><strong>&#8220;Os apoios m\u00e1ximos para a troca dos tr\u00eas equipamentos n\u00e3o poder\u00e3o ultrapassar os 1.683 euros para as pessoas e fam\u00edlias carenciadas<\/strong>. <strong>Para o outro grupo, que inclui todas as pessoas, ser\u00e3o no m\u00e1ximo 1.100 euros<\/strong>&#8220;, revela a ministra do Ambiente e da Energia, afirmando que \u201co objetivo \u00e9 converter 40 milh\u00f5es de euros em eletrodom\u00e9sticos muito mais eficientes\u201d.<\/p>\n<p>No total, o E-Lar disponibiliza 30 milh\u00f5es de euros do Plano de Recupera\u00e7\u00e3o e Resili\u00eancia (PRR), divididos em 20 milh\u00f5es de euros para os mais vulner\u00e1veis, atrav\u00e9s dos &#8220;Bairros + Sustent\u00e1veis&#8221; e as fam\u00edlias que t\u00eam direito a Tarifa Social de Eletricidade, e 10 milh\u00f5es para as restantes pessoas. No entanto, o programa pode chegar aos 40 milh\u00f5es de euros, com mais 10 milh\u00f5es do Fundo Ambiental.<\/p>\n<p><strong>Valores m\u00e1ximos para pessoas vulner\u00e1veis:<\/strong><\/p>\n<ul>\n<li>Placa el\u00e9trica de indu\u00e7\u00e3o: 369 euros<\/li>\n<li>Placa el\u00e9trica convencional: 179 euros<\/li>\n<li>Conjunto de placa e forno: 738 euros<\/li>\n<li>Forno el\u00e9trico: 369 euros<\/li>\n<li>Termoacumulador el\u00e9trico: 615 euros<\/li>\n<\/ul>\n<p><strong>Valores m\u00e1ximos para pessoas n\u00e3o vulner\u00e1veis:<\/strong><\/p>\n<ul>\n<li>Placa el\u00e9trica de indu\u00e7\u00e3o: 300 euros<\/li>\n<li>Placa el\u00e9trica convencional: 146 euros<\/li>\n<li>Conjunto de placa e forno: 600 euros<\/li>\n<li>Forno el\u00e9trico: 300 euros<\/li>\n<li>Termoacumulador el\u00e9trico: 500 euros<\/li>\n<\/ul>\n<p>  Quando abrem as candidaturas?  <\/p>\n<p>No dia 18 de agosto, vai abrir um concurso para os fornecedores dos equipamentos. A 30 de setembro, as pessoas poder\u00e3o candidatar-se individualmente no <a href=\"https:\/\/www.fundoambiental.pt\/\" target=\"_blank\" rel=\"noopener noreferrer nofollow\">site do Fundo Ambiental<\/a>.<\/p>\n<blockquote>\n<p>\u201cOs pedidos v\u00e3o ser analisados muito rapidamente e ser\u00e1 dado o voucher digital, que as pessoas poder\u00e3o levar aos fornecedores\u201d, diz a ministra.<\/p>\n<\/blockquote>\n<p>Depois de emitido, o voucher ter\u00e1 de ser utilizado no prazo m\u00e1ximo de 60 dias.<\/p>\n","protected":false},"excerpt":{"rendered":"Pa\u00eds O programa E-Lar funciona da seguinte maneira: qualquer pessoa que tenha fog\u00f5es, fornos e esquentadores a g\u00e1s&hellip;\n","protected":false},"author":2,"featured_media":17165,"comment_status":"","ping_status":"","sticky":false,"template":"","format":"standard","meta":{"footnotes":""},"categories":[83],"tags":[88,89,90,32,33],"class_list":{"0":"post-17164","1":"post","2":"type-post","3":"status-publish","4":"format-standard","5":"has-post-thumbnail","7":"category-empresas","8":"tag-business","9":"tag-economy","10":"tag-empresas","11":"tag-portugal","12":"tag-pt"},"share_on_mastodon":{"url":"","error":""},"_links":{"self":[{"href":"https:\/\/www.europesays.com\/pt\/wp-json\/wp\/v2\/posts\/17164","targetHints":{"allow":["GET"]}}],"collection":[{"href":"https:\/\/www.europesays.com\/pt\/wp-json\/wp\/v2\/posts"}],"about":[{"href":"https:\/\/www.europesays.com\/pt\/wp-json\/wp\/v2\/types\/post"}],"author":[{"embeddable":true,"href":"https:\/\/www.europesays.com\/pt\/wp-json\/wp\/v2\/users\/2"}],"replies":[{"embeddable":true,"href":"https:\/\/www.europesays.com\/pt\/wp-json\/wp\/v2\/comments?post=17164"}],"version-history":[{"count":0,"href":"https:\/\/www.europesays.com\/pt\/wp-json\/wp\/v2\/posts\/17164\/revisions"}],"wp:featuredmedia":[{"embeddable":true,"href":"https:\/\/www.europesays.com\/pt\/wp-json\/wp\/v2\/media\/17165"}],"wp:attachment":[{"href":"https:\/\/www.europesays.com\/pt\/wp-json\/wp\/v2\/media?parent=17164"}],"wp:term":[{"taxonomy":"category","embeddable":true,"href":"https:\/\/www.europesays.com\/pt\/wp-json\/wp\/v2\/categories?post=17164"},{"taxonomy":"post_tag","embeddable":true,"href":"https:\/\/www.europesays.com\/pt\/wp-json\/wp\/v2\/tags?post=17164"}],"curies":[{"name":"wp","href":"https:\/\/api.w.org\/{rel}","templated":true}]}}