{"id":171646,"date":"2025-12-01T11:36:09","date_gmt":"2025-12-01T11:36:09","guid":{"rendered":"https:\/\/www.europesays.com\/pt\/171646\/"},"modified":"2025-12-01T11:36:09","modified_gmt":"2025-12-01T11:36:09","slug":"em-choque-apos-saber-a-verdade-dylan-reage-pela-primeira-vez-ao-segredo-de-pedro-e-marisa-secret-story","status":"publish","type":"post","link":"https:\/\/www.europesays.com\/pt\/171646\/","title":{"rendered":"Em choque ap\u00f3s saber a verdade, Dylan reage pela primeira vez ao segredo de Pedro e Marisa &#8211; Secret Story"},"content":{"rendered":"<p style=\"margin-bottom:11px\">Dylan ficou em \u00abchoque total\u00bb ao <a href=\"https:\/\/tvi.iol.pt\/secretstory\/dylan\/pedro\/o-que-ninguem-viu-esta-foi-a-reacao-de-dylan-ao-descobrir-o-segredo-de-marisa-e-pedro\" rel=\"nofollow noopener\" target=\"_blank\">descobrir o segredo mais badalado do Secret Story<\/a>, o segredo do Pedro e da Marisa. Confrontado com a verdade, o concorrente, que acabou expulso na gala deste domingo, ficou de boca aberta.<\/p>\n<p>Na primeira entrevista que deu ap\u00f3s o fim da gala, Dylan acabou a admitir que os dois rivais est\u00e3o a conseguir esconder bem o segredo. \u00abFoi um choque total, n\u00e3o estava de todo \u00e0 espera est\u00e3o a fazer as coisas muito bem-feitas bem feitas\u2026\u00bb, declarou.<\/p>\n<p>Recorde-se que Pedro e Marisa s\u00e3o casados e t\u00eam dois filhos em comum. \u00a0<\/p>\n<p>Veja aqui as primeiras declara\u00e7\u00f5es de Dylan sobre este segredo:\u00a0<\/p>\n<p>O que ningu\u00e9m viu! Esta foi a rea\u00e7\u00e3o de Dylan ao descobrir o segredo de Marisa e Pedro <\/p>\n<p style=\"margin-bottom:11px\">Dylan foi o concorrente expulso na gala deste domingo do Secret Story. Ao chegar a est\u00fadio, o jovem mostrou-se surpreendido com o resultado da vota\u00e7\u00e3o e foi confrontado com a opini\u00e3o dos comentadores, Fl\u00e1vio Furtado e Bruna Gomes. Depois, Dylan juntou-se aos outros ex-concorrentes na plateia e foi quando as nomea\u00e7\u00f5es estavam a decorrer que ter\u00e1 sido confrontado com o segredo que mais tem dado que falar: que Pedro e Marisa s\u00e3o casados e t\u00eam dois filhos em comum.<\/p>\n<p>Nas imagens da plateia \u00e9 poss\u00edvel ver Dylan a ficar completamente surpreendido e de boca aberta, enquanto Sandro lhe conta alguns detalhes.<\/p>\n<p>\u00a0<\/p>\n<p><a href=\"https:\/\/x.com\/_salvador1906\/status\/1995294750405189910\" rel=\"nofollow\">Veja\u00a0 aqui o v\u00eddeo: \u00a0<\/a><\/p>\n<blockquote class=\"twitter-tweet\" data-media-max-width=\"560\">\n<p lang=\"pt\">A rea\u00e7\u00e3o do dylan ao saber que o Pedro e a Marisa s\u00e3o um casal <a href=\"https:\/\/twitter.com\/hashtag\/sstvi?src=hash&amp;ref_src=twsrc%5Etfw\" rel=\"nofollow noopener\" target=\"_blank\">#sstvi<\/a> <a href=\"https:\/\/t.co\/iiiuqgb3eI\" rel=\"nofollow\">pic.twitter.com\/iiiuqgb3eI<\/a><\/p>\n<p> \u2014 salvadormataloto_ (@_salvador1906) <a href=\"https:\/\/twitter.com\/_salvador1906\/status\/1995294750405189910?ref_src=twsrc%5Etfw\" rel=\"nofollow noopener\" target=\"_blank\">December 1, 2025<\/a>\n<\/p><\/blockquote>\n<p>                        <script async src=\"https:\/\/platform.twitter.com\/widgets.js\" charset=\"utf-8\"><\/script><\/p>\n","protected":false},"excerpt":{"rendered":"Dylan ficou em \u00abchoque total\u00bb ao descobrir o segredo mais badalado do Secret Story, o segredo do Pedro&hellip;\n","protected":false},"author":2,"featured_media":171647,"comment_status":"","ping_status":"","sticky":false,"template":"","format":"standard","meta":{"footnotes":""},"categories":[85],"tags":[19105,114,115,19184,19795,14646,32,33,19793,19794],"class_list":{"0":"post-171646","1":"post","2":"type-post","3":"status-publish","4":"format-standard","5":"has-post-thumbnail","7":"category-entretenimento","8":"tag-dylan","9":"tag-entertainment","10":"tag-entretenimento","11":"tag-marisa","12":"tag-misterios-reality-show-tvi","13":"tag-pedro","14":"tag-portugal","15":"tag-pt","16":"tag-segredos-concorrentes","17":"tag-segredos-revelados"},"share_on_mastodon":{"url":"","error":""},"_links":{"self":[{"href":"https:\/\/www.europesays.com\/pt\/wp-json\/wp\/v2\/posts\/171646","targetHints":{"allow":["GET"]}}],"collection":[{"href":"https:\/\/www.europesays.com\/pt\/wp-json\/wp\/v2\/posts"}],"about":[{"href":"https:\/\/www.europesays.com\/pt\/wp-json\/wp\/v2\/types\/post"}],"author":[{"embeddable":true,"href":"https:\/\/www.europesays.com\/pt\/wp-json\/wp\/v2\/users\/2"}],"replies":[{"embeddable":true,"href":"https:\/\/www.europesays.com\/pt\/wp-json\/wp\/v2\/comments?post=171646"}],"version-history":[{"count":0,"href":"https:\/\/www.europesays.com\/pt\/wp-json\/wp\/v2\/posts\/171646\/revisions"}],"wp:featuredmedia":[{"embeddable":true,"href":"https:\/\/www.europesays.com\/pt\/wp-json\/wp\/v2\/media\/171647"}],"wp:attachment":[{"href":"https:\/\/www.europesays.com\/pt\/wp-json\/wp\/v2\/media?parent=171646"}],"wp:term":[{"taxonomy":"category","embeddable":true,"href":"https:\/\/www.europesays.com\/pt\/wp-json\/wp\/v2\/categories?post=171646"},{"taxonomy":"post_tag","embeddable":true,"href":"https:\/\/www.europesays.com\/pt\/wp-json\/wp\/v2\/tags?post=171646"}],"curies":[{"name":"wp","href":"https:\/\/api.w.org\/{rel}","templated":true}]}}