{"id":171656,"date":"2025-12-01T11:42:29","date_gmt":"2025-12-01T11:42:29","guid":{"rendered":"https:\/\/www.europesays.com\/pt\/171656\/"},"modified":"2025-12-01T11:42:29","modified_gmt":"2025-12-01T11:42:29","slug":"claudio-ramos-a-preocupacao-que-sentiu-quando-soube-que-ia-trabalhar-com-cristina-ferreira-nas-manhas-da-tvi","status":"publish","type":"post","link":"https:\/\/www.europesays.com\/pt\/171656\/","title":{"rendered":"Cl\u00e1udio Ramos &#8211; A &#8220;preocupa\u00e7\u00e3o&#8221; que sentiu quando soube que ia trabalhar com Cristina Ferreira nas manh\u00e3s da TVI"},"content":{"rendered":"<p><strong>Cl\u00e1udio Ramos<\/strong> foi o mais recente convidado do podcast &#8216;Bate P\u00e9&#8217;, de <strong>Mafalda Castro<\/strong> e<strong> Rui Sim\u00f5es<\/strong>. Entre v\u00e1rios temas, a estrela da <strong>TVI <\/strong>falou sobre a parceria com <strong>Cristina Ferreira<\/strong>, que \u00e9 tamb\u00e9m diretora de Entretenimento e Fic\u00e7\u00e3o da esta\u00e7\u00e3o. Vale lembrar que, quando trabalhavam juntos na <strong>SIC<\/strong>, Cl\u00e1udio era o &#8220;vizinho&#8221;\u00a0de Cristina, o que levou Mafalda a questionar se n\u00e3o teve &#8220;medo&#8221;\u00a0de voltar a assumir essa posi\u00e7\u00e3o no matutino que hoje apresentam juntos, o<strong> Dois \u00e0s 10<\/strong>.<\/p>\n<p>&#8220;Tive, tive. Tivemos uma conversa. Eu quando fui \u2018vizinho\u2019 da Cristina tinha muita no\u00e7\u00e3o de que eu era um figurante especial que, de repente, se tornou especial porque a qu\u00edmica funcionou muito bem. <strong>Quando me disseram \u2013 foi a Cristina que me disse que ia fazer o programa comigo \u2013 eu pensei: \u2018Ah, fixe, porque eu dou-me muito bem com ela e aquilo vai voltar\u2019. Mas depois pensei [que] aquilo n\u00e3o pode voltar porque se aquilo volta eu estou a dar passos atr\u00e1s<\/strong>&#8220;, contou, acrescentando que existiu uma conversa entre os dois.<\/p>\n<blockquote>\n<p><strong>Leia ainda: <\/strong>Cl\u00e1udio Ramos <a href=\"https:\/\/www.novagente.pt\/claudio-ramos-assume-atitude-polemica-em-casamentos-nao-se-arrepende-nao-me-envergonho\" rel=\"nofollow noopener\" target=\"_blank\">assume atitude pol\u00e9mica em casamentos e n\u00e3o se arrepende: &#8220;N\u00e3o me envergonho&#8221;<\/a><\/p>\n<\/blockquote>\n<p>&#8220;A minha preocupa\u00e7\u00e3o era: \u2018Espera, eu n\u00e3o posso dar passos atr\u00e1s\u2019. E ent\u00e3o \u00e9 conversar, \u00e9 eu e a Cristina falarmos e dizermos: <strong>\u2018Aqui somos colegas de trabalho em paridade, a fazer a mesma coisa. Depois da uma da tarde e antes das dez da manh\u00e3, \u00e9 a minha diretora&#8217;.<\/strong>\u00a0E\u00a0\u00e9 assim que acontece\u201d, revelou, refor\u00e7ando que, at\u00e9 ent\u00e3o, n\u00e3o houve um \u00fanico programa em que sentisse que a colega n\u00e3o o estava respeitar enquanto profissional.<\/p>\n<p>Cl\u00e1udio revelou ainda que o segredo para trabalhar em dupla \u00e9 respeitar o espa\u00e7o e o sil\u00eancio do outro.<\/p>\n<p>Cl\u00e1udio Ramos detalha conviv\u00eancia com Cristina Ferreira<\/p>\n<p>Texto: Beatriz Soares; Fotos: Arquivo Impala e Redes Sociais.\u00a0<\/p>\n<p class=\"intagram-text\">Siga a Nova Gente no Instagram<\/p>\n<p>                        <a href=\"https:\/\/www.instagram.com\/revistanovagente\/\" target=\"_blank\" aria-label=\"instagram\" rel=\"noopener nofollow\"><img decoding=\"async\" style=\"display: block; margin-left: auto; margin-right: auto; width: 250px; height: 83px;\" src=\"https:\/\/www.europesays.com\/pt\/wp-content\/uploads\/2025\/11\/Instagram_NG.png\" alt=\"instagram\"\/><\/a><br \/>\n                    <script async src=\"\/\/www.instagram.com\/embed.js\"><\/script><\/p>\n","protected":false},"excerpt":{"rendered":"Cl\u00e1udio Ramos foi o mais recente convidado do podcast &#8216;Bate P\u00e9&#8217;, de Mafalda Castro e Rui Sim\u00f5es. Entre&hellip;\n","protected":false},"author":2,"featured_media":171657,"comment_status":"","ping_status":"","sticky":false,"template":"","format":"standard","meta":{"footnotes":""},"categories":[145],"tags":[211,210,329,166,801,114,115,1326,32,33,1327],"class_list":{"0":"post-171656","1":"post","2":"type-post","3":"status-publish","4":"format-standard","5":"has-post-thumbnail","7":"category-celebridades","8":"tag-celebridades","9":"tag-celebrities","10":"tag-claudio-ramos","11":"tag-cristina-ferreira","12":"tag-dois-as-10","13":"tag-entertainment","14":"tag-entretenimento","15":"tag-mafalda-castro","16":"tag-portugal","17":"tag-pt","18":"tag-rui-simoes"},"share_on_mastodon":{"url":"https:\/\/pubeurope.com\/@pt\/115644133915585673","error":""},"_links":{"self":[{"href":"https:\/\/www.europesays.com\/pt\/wp-json\/wp\/v2\/posts\/171656","targetHints":{"allow":["GET"]}}],"collection":[{"href":"https:\/\/www.europesays.com\/pt\/wp-json\/wp\/v2\/posts"}],"about":[{"href":"https:\/\/www.europesays.com\/pt\/wp-json\/wp\/v2\/types\/post"}],"author":[{"embeddable":true,"href":"https:\/\/www.europesays.com\/pt\/wp-json\/wp\/v2\/users\/2"}],"replies":[{"embeddable":true,"href":"https:\/\/www.europesays.com\/pt\/wp-json\/wp\/v2\/comments?post=171656"}],"version-history":[{"count":0,"href":"https:\/\/www.europesays.com\/pt\/wp-json\/wp\/v2\/posts\/171656\/revisions"}],"wp:featuredmedia":[{"embeddable":true,"href":"https:\/\/www.europesays.com\/pt\/wp-json\/wp\/v2\/media\/171657"}],"wp:attachment":[{"href":"https:\/\/www.europesays.com\/pt\/wp-json\/wp\/v2\/media?parent=171656"}],"wp:term":[{"taxonomy":"category","embeddable":true,"href":"https:\/\/www.europesays.com\/pt\/wp-json\/wp\/v2\/categories?post=171656"},{"taxonomy":"post_tag","embeddable":true,"href":"https:\/\/www.europesays.com\/pt\/wp-json\/wp\/v2\/tags?post=171656"}],"curies":[{"name":"wp","href":"https:\/\/api.w.org\/{rel}","templated":true}]}}