{"id":171658,"date":"2025-12-01T11:45:09","date_gmt":"2025-12-01T11:45:09","guid":{"rendered":"https:\/\/www.europesays.com\/pt\/171658\/"},"modified":"2025-12-01T11:45:09","modified_gmt":"2025-12-01T11:45:09","slug":"vem-ai-em-terra-forte-afinal-vivi-esta-viva-mas-pode-nao-estar-bem-novelas","status":"publish","type":"post","link":"https:\/\/www.europesays.com\/pt\/171658\/","title":{"rendered":"Vem a\u00ed em \u00abTerra Forte\u00bb: Afinal, Vivi est\u00e1 viva. Mas, pode n\u00e3o estar bem &#8211; Novelas"},"content":{"rendered":"<p>Em \u00abTerra Forte\u00bb, <a href=\"https:\/\/tvi.iol.pt\/novelas\/videos\/terra-forte-empresa-de-marcus-provoca-problemas-de-saude-a-centenas-de-pessoas\/690a568c0cf229bd2f8d374a\" rel=\"nofollow noopener\" target=\"_blank\">Armando (Ricardo Carri\u00e7o)<\/a> chega a casa e recebe chamada de <a href=\"https:\/\/tvi.iol.pt\/novelas\/videos\/terra-forte-manuel-tira-toda-a-fortuna-alvaro\/68f61d3d0cf285ab53a6aafc\" rel=\"nofollow noopener\" target=\"_blank\">\u00c1lvaro (Jos\u00e9 Wallenstein)<\/a>, que lhe diz achar que Vivi se pode ter suicidado por causa dos problemas da fam\u00edlia. Armando fica afetado, dizendo que tamb\u00e9m contribuiu para isso por ter posto um processo \u00e0 Komibem.<\/p>\n<p>Gui est\u00e1 a jogar \u00e0 bola com Aline. A bola rola para a estrada. Gui vai busc\u00e1-la, sem se aperceber do carro que se aproxima. Uma mulher loira atira-se para cima de Gui, salvando-o de ser atropelado. Armando vai ver como est\u00e1 a mulher e vemos agora que ela \u00e9 <a href=\"https:\/\/tvi.iol.pt\/novelas\/videos\/maria-de-fatima-toma-decisao-sobre-vivi-esta-demitida\/68f8e7750cf285ab53a6b259\" rel=\"nofollow noopener\" target=\"_blank\">Vivi (Sofia Nicholson)<\/a>.<\/p>\n<p>Vivi, falando com sotaque brasileiro, diz a Armando estar tudo bem com ela e que pode ir embora, mas Armando diz fazer quest\u00e3o de que ela seja vista por um m\u00e9dico antes de sair, indo ficar-lhe eternamente grato. Param\u00e9dicos chegam para observar Vivi.<\/p>\n<p>Recorde-se que Vivi e Armando j\u00e1 se tinham cruzado antes:<\/p>\n","protected":false},"excerpt":{"rendered":"Em \u00abTerra Forte\u00bb, Armando (Ricardo Carri\u00e7o) chega a casa e recebe chamada de \u00c1lvaro (Jos\u00e9 Wallenstein), que lhe&hellip;\n","protected":false},"author":2,"featured_media":171659,"comment_status":"","ping_status":"","sticky":false,"template":"","format":"standard","meta":{"footnotes":""},"categories":[142],"tags":[160,32103,166,114,115,157,167,164,161,158,165,159,32,33,156,18615,3086,18614,163,151,162,28302],"class_list":{"0":"post-171658","1":"post","2":"type-post","3":"status-publish","4":"format-standard","5":"has-post-thumbnail","7":"category-tv","8":"tag-ana-guiomar","9":"tag-armando","10":"tag-cristina-ferreira","11":"tag-entertainment","12":"tag-entretenimento","13":"tag-festa-e-festa","14":"tag-ficcao","15":"tag-jose-fidalgo","16":"tag-novelas","17":"tag-para-sempre","18":"tag-pedro-sousa","19":"tag-pedro-teixeira","20":"tag-portugal","21":"tag-pt","22":"tag-queridos-papas","23":"tag-ricardo-carrico","24":"tag-sofia-nicholson","25":"tag-terra-forte","26":"tag-tiago-teotonio-pereira","27":"tag-tv","28":"tag-tvi","29":"tag-vivi"},"share_on_mastodon":{"url":"https:\/\/pubeurope.com\/@pt\/115644145532637235","error":""},"_links":{"self":[{"href":"https:\/\/www.europesays.com\/pt\/wp-json\/wp\/v2\/posts\/171658","targetHints":{"allow":["GET"]}}],"collection":[{"href":"https:\/\/www.europesays.com\/pt\/wp-json\/wp\/v2\/posts"}],"about":[{"href":"https:\/\/www.europesays.com\/pt\/wp-json\/wp\/v2\/types\/post"}],"author":[{"embeddable":true,"href":"https:\/\/www.europesays.com\/pt\/wp-json\/wp\/v2\/users\/2"}],"replies":[{"embeddable":true,"href":"https:\/\/www.europesays.com\/pt\/wp-json\/wp\/v2\/comments?post=171658"}],"version-history":[{"count":0,"href":"https:\/\/www.europesays.com\/pt\/wp-json\/wp\/v2\/posts\/171658\/revisions"}],"wp:featuredmedia":[{"embeddable":true,"href":"https:\/\/www.europesays.com\/pt\/wp-json\/wp\/v2\/media\/171659"}],"wp:attachment":[{"href":"https:\/\/www.europesays.com\/pt\/wp-json\/wp\/v2\/media?parent=171658"}],"wp:term":[{"taxonomy":"category","embeddable":true,"href":"https:\/\/www.europesays.com\/pt\/wp-json\/wp\/v2\/categories?post=171658"},{"taxonomy":"post_tag","embeddable":true,"href":"https:\/\/www.europesays.com\/pt\/wp-json\/wp\/v2\/tags?post=171658"}],"curies":[{"name":"wp","href":"https:\/\/api.w.org\/{rel}","templated":true}]}}