{"id":171660,"date":"2025-12-01T11:48:09","date_gmt":"2025-12-01T11:48:09","guid":{"rendered":"https:\/\/www.europesays.com\/pt\/171660\/"},"modified":"2025-12-01T11:48:09","modified_gmt":"2025-12-01T11:48:09","slug":"vitor-catao-julgado-por-recrutar-jogadores-low-cost-e-ilegais-do-brasil","status":"publish","type":"post","link":"https:\/\/www.europesays.com\/pt\/171660\/","title":{"rendered":"V\u00edtor Cat\u00e3o julgado por recrutar jogadores &#8220;low cost&#8221; e ilegais do Brasil"},"content":{"rendered":"<p data-remotead-prev-elm=\"true\" data-remotead-elm-id=\"inread\">V\u00edtor Cat\u00e3o vai ser julgado no Tribunal de S\u00e3o Jo\u00e3o Novo, no Porto, por 11 crimes de aux\u00edlio \u00e0 imigra\u00e7\u00e3o ilegal e outros tantos de angaria\u00e7\u00e3o de m\u00e3o de obra ilegal. O conhecido adepto portista foi acusado de ter recrutado, enquanto diretor-desportivo, jogadores brasileiros em situa\u00e7\u00e3o ilegal e a quem pagava entre 150 a 300 euros por m\u00eas, para jogar pela Associa\u00e7\u00e3o Desportiva S. Pedro da Cova, clube atualmente sem atividade. Alguns dos atletas dormiam em beliches numa sala debaixo das bancadas do est\u00e1dio. O ent\u00e3o treinador da forma\u00e7\u00e3o de Gondomar tamb\u00e9m foi acusado dos mesmos crimes, alegadamente cometidos na \u00e9poca 2018\/2019.<\/p>\n","protected":false},"excerpt":{"rendered":"V\u00edtor Cat\u00e3o vai ser julgado no Tribunal de S\u00e3o Jo\u00e3o Novo, no Porto, por 11 crimes de aux\u00edlio&hellip;\n","protected":false},"author":2,"featured_media":171661,"comment_status":"","ping_status":"","sticky":false,"template":"","format":"standard","meta":{"footnotes":""},"categories":[87],"tags":[35935,135,524,5594,603,32,33,134,35936],"class_list":{"0":"post-171660","1":"post","2":"type-post","3":"status-publish","4":"format-standard","5":"has-post-thumbnail","7":"category-desporto","8":"tag-auxilio-a-emigracao-ilegal","9":"tag-desporto","10":"tag-futebol","11":"tag-gondomar","12":"tag-justica","13":"tag-portugal","14":"tag-pt","15":"tag-sports","16":"tag-vitor-catao"},"share_on_mastodon":{"url":"https:\/\/pubeurope.com\/@pt\/115644157455567371","error":""},"_links":{"self":[{"href":"https:\/\/www.europesays.com\/pt\/wp-json\/wp\/v2\/posts\/171660","targetHints":{"allow":["GET"]}}],"collection":[{"href":"https:\/\/www.europesays.com\/pt\/wp-json\/wp\/v2\/posts"}],"about":[{"href":"https:\/\/www.europesays.com\/pt\/wp-json\/wp\/v2\/types\/post"}],"author":[{"embeddable":true,"href":"https:\/\/www.europesays.com\/pt\/wp-json\/wp\/v2\/users\/2"}],"replies":[{"embeddable":true,"href":"https:\/\/www.europesays.com\/pt\/wp-json\/wp\/v2\/comments?post=171660"}],"version-history":[{"count":0,"href":"https:\/\/www.europesays.com\/pt\/wp-json\/wp\/v2\/posts\/171660\/revisions"}],"wp:featuredmedia":[{"embeddable":true,"href":"https:\/\/www.europesays.com\/pt\/wp-json\/wp\/v2\/media\/171661"}],"wp:attachment":[{"href":"https:\/\/www.europesays.com\/pt\/wp-json\/wp\/v2\/media?parent=171660"}],"wp:term":[{"taxonomy":"category","embeddable":true,"href":"https:\/\/www.europesays.com\/pt\/wp-json\/wp\/v2\/categories?post=171660"},{"taxonomy":"post_tag","embeddable":true,"href":"https:\/\/www.europesays.com\/pt\/wp-json\/wp\/v2\/tags?post=171660"}],"curies":[{"name":"wp","href":"https:\/\/api.w.org\/{rel}","templated":true}]}}