{"id":171688,"date":"2025-12-01T12:07:09","date_gmt":"2025-12-01T12:07:09","guid":{"rendered":"https:\/\/www.europesays.com\/pt\/171688\/"},"modified":"2025-12-01T12:07:09","modified_gmt":"2025-12-01T12:07:09","slug":"reuniao-eua-ucrania-zelensky-destaca-tom-construtivo-trump-fala-em-boas-hipoteses-de-acordo","status":"publish","type":"post","link":"https:\/\/www.europesays.com\/pt\/171688\/","title":{"rendered":"Reuni\u00e3o EUA-Ucr\u00e2nia. Zelensky destaca &#8220;tom construtivo&#8221;, Trump fala em &#8220;boas hip\u00f3teses&#8221; de acordo"},"content":{"rendered":"<p>                Representantes ucranianos e norte-americanos estiveram reunidos na Florida, Estados Unidos, para debater o plano de paz dos EUA para o fim da guerra. No final, o presidente Donald Trump demonstrou otimismo, enquanto o seu hom\u00f3logo Volodymyr Zelensky destacou o facto de os interesses da Ucr\u00e2nia terem sido abordados neste di\u00e1logo.<\/p>\n<p>Nenhum dos dois presidentes esteve presente na reuni\u00e3o que colocou \u00e0 mesma mesa as delega\u00e7\u00f5es ucraniana e norte-americana. No entanto, ap\u00f3s ser informado sobre os detalhes do encontro, Volodymyr Zelensky enfatizou o tom construtivo da conversa. Zelensky est\u00e1 esta segunda-feira em Paris num encontro com o hom\u00f3logo franc\u00eas, Emmanuel Macron.<\/p>\n<p><b>&#8220;\u00c9 importante que haja um tom construtivo na conversa e que todas as quest\u00f5es tenham sido abordadas abertamente e com o objetivo de garantir a soberania e os interesses nacionais da Ucr\u00e2nia&#8221;<\/b>, escreveu Zelensky nas redes sociais.<br \/>&#13;\n<\/p>\n<blockquote class=\"twitter-tweet\"><p>&#13;<\/p>\n<p dir=\"ltr\" lang=\"en\">&#13;<br \/>\n\tToday, following the work of the teams in the United States, head of the Ukrainian delegation Rustem Umerov reported on the main parameters of the dialogue, its emphases, and some preliminary results. It is important that the talks have a constructive dynamic and that all issues\u2026&#13;\n\t<\/p>\n<p>&#13;<br \/>\n\t\u2014 Volodymyr Zelenskyy \/ \u0412\u043e\u043b\u043e\u0434\u0438\u043c\u0438\u0440 \u0417\u0435\u043b\u0435\u043d\u0441\u044c\u043a\u0438\u0439 (@ZelenskyyUa) <a href=\"https:\/\/twitter.com\/ZelenskyyUa\/status\/1995245263141654650?ref_src=twsrc%5Etfw\" rel=\"nofollow noopener\" target=\"_blank\">November 30, 2025<\/a>&#13;\n<\/p><\/blockquote>\n<p>\n&#8220;Agrade\u00e7o aos Estados Unidos, \u00e0 equipa do presidente [Donald] Trump e ao pr\u00f3prio presidente pelo tempo que est\u00e3o a dedicar com tanta intensidade \u00e0 defini\u00e7\u00e3o dos passos para o fim da guerra. <b>Continuaremos a trabalhar<\/b>&#8220;, acrescentou.<\/p>\n<p>A delega\u00e7\u00e3o ucraniana foi liderada pelo secret\u00e1rio de Estado do Conselho de Seguran\u00e7a da Ucr\u00e2nia, Rustem Umerov. Do lado norte-americano, destacou-se a presen\u00e7a do secret\u00e1rio de Estado norte-americano, Marco Rubio.<\/p>\n<p>Ap\u00f3s a reuni\u00e3o, <b>Rubio observou que a sess\u00e3o de trabalho foi &#8220;produtiva e \u00fatil&#8221;, mas que &#8220;ainda h\u00e1 muito trabalho a fazer&#8221;<\/b>. &#8220;Acredito que foram alcan\u00e7ados novos progressos&#8221;, declarou.&#13;<br \/>\nTrump otimista quanto a um acordo<br \/>&#13;<br \/>\nAp\u00f3s ser informado acerca dos contornos do encontro, Donald Trump considerou por sua vez que existem &#8220;boas hip\u00f3teses&#8221; de um acordo que ponha fim ao conflito entre a R\u00fassia e a Ucr\u00e2nia.<\/p>\n<p>A bordo do Air Force One, o presidente norte-americano demonstrou otimismo. <b>\u201cAcho que a R\u00fassia gostaria que isto acabasse, e acho que a Ucr\u00e2nia, sei que a Ucr\u00e2nia gostaria que isto acabasse\u201d<\/b>, afirmou.<\/p>\n<p>O presidente dos Estados Unidos lembrou, por\u00e9m, que Kiev n\u00e3o est\u00e1 numa posi\u00e7\u00e3o forte devido ao esc\u00e2ndalo de corrup\u00e7\u00e3o que levou Volodymyr Zelensky a demitir o seu bra\u00e7o direito, Andri\u00ef Iermak, at\u00e9 ent\u00e3o l\u00edder das negocia\u00e7\u00f5es com os Estados Unidos.<\/p>\n<p><b>\u201cA Ucr\u00e2nia tem alguns pequenos problemas dif\u00edceis\u201d<\/b>, frisou Trump. \u201cH\u00e1 uma situa\u00e7\u00e3o de corrup\u00e7\u00e3o, o que n\u00e3o ajuda\u201d.<\/p>\n<p>c\/ ag\u00eancias&#13;\n            <\/p>\n<p><script async src=\"https:\/\/platform.twitter.com\/widgets.js\" charset=\"utf-8\"><\/script><\/p>\n","protected":false},"excerpt":{"rendered":"Representantes ucranianos e norte-americanos estiveram reunidos na Florida, Estados Unidos, para debater o plano de paz dos EUA&hellip;\n","protected":false},"author":2,"featured_media":171689,"comment_status":"","ping_status":"","sticky":false,"template":"","format":"standard","meta":{"footnotes":""},"categories":[50],"tags":[27,28,92,235,15,16,1622,830,14,25,26,21,22,62,12,13,19,20,23,24,839,17,18,840,29,30,31,2416,63,64,65],"class_list":{"0":"post-171688","1":"post","2":"type-post","3":"status-publish","4":"format-standard","5":"has-post-thumbnail","7":"category-mundo","8":"tag-breaking-news","9":"tag-breakingnews","10":"tag-donald-trump","11":"tag-estados-unidos","12":"tag-featured-news","13":"tag-featurednews","14":"tag-florida","15":"tag-guerra","16":"tag-headlines","17":"tag-latest-news","18":"tag-latestnews","19":"tag-main-news","20":"tag-mainnews","21":"tag-mundo","22":"tag-news","23":"tag-noticias","24":"tag-noticias-principais","25":"tag-noticiasprincipais","26":"tag-principais-noticias","27":"tag-principaisnoticias","28":"tag-russia","29":"tag-top-stories","30":"tag-topstories","31":"tag-ucrania","32":"tag-ultimas","33":"tag-ultimas-noticias","34":"tag-ultimasnoticias","35":"tag-volodymyr-zelensky","36":"tag-world","37":"tag-world-news","38":"tag-worldnews"},"share_on_mastodon":{"url":"","error":"Validation failed: Text character limit of 500 exceeded"},"_links":{"self":[{"href":"https:\/\/www.europesays.com\/pt\/wp-json\/wp\/v2\/posts\/171688","targetHints":{"allow":["GET"]}}],"collection":[{"href":"https:\/\/www.europesays.com\/pt\/wp-json\/wp\/v2\/posts"}],"about":[{"href":"https:\/\/www.europesays.com\/pt\/wp-json\/wp\/v2\/types\/post"}],"author":[{"embeddable":true,"href":"https:\/\/www.europesays.com\/pt\/wp-json\/wp\/v2\/users\/2"}],"replies":[{"embeddable":true,"href":"https:\/\/www.europesays.com\/pt\/wp-json\/wp\/v2\/comments?post=171688"}],"version-history":[{"count":0,"href":"https:\/\/www.europesays.com\/pt\/wp-json\/wp\/v2\/posts\/171688\/revisions"}],"wp:featuredmedia":[{"embeddable":true,"href":"https:\/\/www.europesays.com\/pt\/wp-json\/wp\/v2\/media\/171689"}],"wp:attachment":[{"href":"https:\/\/www.europesays.com\/pt\/wp-json\/wp\/v2\/media?parent=171688"}],"wp:term":[{"taxonomy":"category","embeddable":true,"href":"https:\/\/www.europesays.com\/pt\/wp-json\/wp\/v2\/categories?post=171688"},{"taxonomy":"post_tag","embeddable":true,"href":"https:\/\/www.europesays.com\/pt\/wp-json\/wp\/v2\/tags?post=171688"}],"curies":[{"name":"wp","href":"https:\/\/api.w.org\/{rel}","templated":true}]}}