{"id":171696,"date":"2025-12-01T12:13:09","date_gmt":"2025-12-01T12:13:09","guid":{"rendered":"https:\/\/www.europesays.com\/pt\/171696\/"},"modified":"2025-12-01T12:13:09","modified_gmt":"2025-12-01T12:13:09","slug":"exclusivo-terra-forte-filhos-de-marcus-tentam-impedir-que-ele-fique-com-tudo-novelas","status":"publish","type":"post","link":"https:\/\/www.europesays.com\/pt\/171696\/","title":{"rendered":"Exclusivo \u00abTerra Forte\u00bb: Filhos de Marcus tentam impedir que ele fique com tudo &#8211; Novelas"},"content":{"rendered":"<p>Em \u00abTerra Forte\u00bb, Eva (Josefine Winkler), <a href=\"https:\/\/tvi.iol.pt\/novelas\/videos\/terra-forte-dani-quer-assumir-a-relacao-com-vini-e-tem-um-motivo\/690231280cf285ab53a6d51b\" rel=\"nofollow noopener\" target=\"_blank\">Vini (Gustavo Alves)<\/a>\u00a0e mormente Kadu (Vicente Ramirez) est\u00e3o muito tristes por continuarem sem saber onde est\u00e1 Bingo, com Kadu a dizer que <a href=\"https:\/\/tvi.iol.pt\/novelas\/videos\/maria-de-fatima-toma-decisao-sobre-vivi-esta-demitida\/68f8e7750cf285ab53a6b259\" rel=\"nofollow noopener\" target=\"_blank\">Vivi (Sofia Nicholson)<\/a>\u00a0nunca os vai perdoar se ele desaparecer. Gl\u00f3ria diz-lhes terna para irem jantar. Eva disfar\u00e7a atrapalhada a <a href=\"https:\/\/tvi.iol.pt\/novelas\/videos\/terra-forte-marcus-tem-um-novo-plano-para-destruir-maria-de-fatima-e-a-acoreana\/68fa5c1f0cf29d28d8298112\" rel=\"nofollow noopener\" target=\"_blank\">Marcus (Vitor Hugo)<\/a> que <a href=\"https:\/\/tvi.iol.pt\/novelas\/videos\/terra-forte-babi-envolve-se-com-o-maior-inimigo-do-pai\/6913709f0cf2559133760eec\" rel=\"nofollow noopener\" target=\"_blank\">Babi (Melissa Matos)<\/a> vai ficar a dormir em casa de uma amiga. Eva, Kadu e Vini agradecem a Gl\u00f3ria por todo o apoio que est\u00e1 a dar \u00e0 fam\u00edlia. Marcus assiste derretido \u00e0 cena.<\/p>\n<p>Marcus beija <a href=\"https:\/\/tvi.iol.pt\/novelas\/videos\/terra-forte-maria-de-fatima-ameaca-gloria\/68fa5c280cf29d28d8298113\" rel=\"nofollow noopener\" target=\"_blank\">GL\u00f3ria (Maria Jo\u00e3o Pinho)<\/a>\u00a0 a dizer estar nas nuvens por perceber como ela daria uma \u00f3ptima m\u00e3e de fam\u00edlia, dizendo que ainda pretende ter um filho com ela. Gl\u00f3ria sorri embevecida.<\/p>\n<p>Vini diz irritado a Eva que Babi n\u00e3o merece receber o dinheiro de Vivi por n\u00e3o se importar com a fam\u00edlia, mas acalma-se por Eva dizer que Babi n\u00e3o dormiu em casa para perceber como podem impedir que Marcus fique com o dinheiro todo a seu cargo. Kadu sai para ir procurar Bingo, Vini vai com ele. Eva fica a ver se h\u00e1 novidades nas redes sobre Bingo.<\/p>\n<p>\u00a0<\/p>\n","protected":false},"excerpt":{"rendered":"Em \u00abTerra Forte\u00bb, Eva (Josefine Winkler), Vini (Gustavo Alves)\u00a0e mormente Kadu (Vicente Ramirez) est\u00e3o muito tristes por continuarem&hellip;\n","protected":false},"author":2,"featured_media":171697,"comment_status":"","ping_status":"","sticky":false,"template":"","format":"standard","meta":{"footnotes":""},"categories":[142],"tags":[160,32102,166,114,115,157,167,16451,29764,164,35938,32741,29765,18616,32101,161,158,165,159,32,33,156,18614,163,151,162,35941,23558,6094],"class_list":{"0":"post-171696","1":"post","2":"type-post","3":"status-publish","4":"format-standard","5":"has-post-thumbnail","7":"category-tv","8":"tag-ana-guiomar","9":"tag-babi","10":"tag-cristina-ferreira","11":"tag-entertainment","12":"tag-entretenimento","13":"tag-festa-e-festa","14":"tag-ficcao","15":"tag-gloria","16":"tag-gustavo-alves","17":"tag-jose-fidalgo","18":"tag-josefine-winkler","19":"tag-kadu","20":"tag-marcus","21":"tag-maria-joao-pinho","22":"tag-melissa-matos","23":"tag-novelas","24":"tag-para-sempre","25":"tag-pedro-sousa","26":"tag-pedro-teixeira","27":"tag-portugal","28":"tag-pt","29":"tag-queridos-papas","30":"tag-terra-forte","31":"tag-tiago-teotonio-pereira","32":"tag-tv","33":"tag-tvi","34":"tag-vicent-ramirez","35":"tag-vini","36":"tag-vitor-hugo"},"share_on_mastodon":{"url":"https:\/\/pubeurope.com\/@pt\/115644255664363655","error":""},"_links":{"self":[{"href":"https:\/\/www.europesays.com\/pt\/wp-json\/wp\/v2\/posts\/171696","targetHints":{"allow":["GET"]}}],"collection":[{"href":"https:\/\/www.europesays.com\/pt\/wp-json\/wp\/v2\/posts"}],"about":[{"href":"https:\/\/www.europesays.com\/pt\/wp-json\/wp\/v2\/types\/post"}],"author":[{"embeddable":true,"href":"https:\/\/www.europesays.com\/pt\/wp-json\/wp\/v2\/users\/2"}],"replies":[{"embeddable":true,"href":"https:\/\/www.europesays.com\/pt\/wp-json\/wp\/v2\/comments?post=171696"}],"version-history":[{"count":0,"href":"https:\/\/www.europesays.com\/pt\/wp-json\/wp\/v2\/posts\/171696\/revisions"}],"wp:featuredmedia":[{"embeddable":true,"href":"https:\/\/www.europesays.com\/pt\/wp-json\/wp\/v2\/media\/171697"}],"wp:attachment":[{"href":"https:\/\/www.europesays.com\/pt\/wp-json\/wp\/v2\/media?parent=171696"}],"wp:term":[{"taxonomy":"category","embeddable":true,"href":"https:\/\/www.europesays.com\/pt\/wp-json\/wp\/v2\/categories?post=171696"},{"taxonomy":"post_tag","embeddable":true,"href":"https:\/\/www.europesays.com\/pt\/wp-json\/wp\/v2\/tags?post=171696"}],"curies":[{"name":"wp","href":"https:\/\/api.w.org\/{rel}","templated":true}]}}