{"id":171698,"date":"2025-12-01T12:15:16","date_gmt":"2025-12-01T12:15:16","guid":{"rendered":"https:\/\/www.europesays.com\/pt\/171698\/"},"modified":"2025-12-01T12:15:16","modified_gmt":"2025-12-01T12:15:16","slug":"veja-os-filmes-da-sessao-da-tarde-na-primeira-semana-de-dezembro","status":"publish","type":"post","link":"https:\/\/www.europesays.com\/pt\/171698\/","title":{"rendered":"Veja os filmes da Sess\u00e3o da Tarde na primeira semana de dezembro"},"content":{"rendered":"<p>Dezembro chegou. O \u00faltimo m\u00eas do ano come\u00e7a com filmes imperd\u00edveis na Sess\u00e3o da Tarde na Globo. Aventura, a\u00e7\u00e3o, supera\u00e7\u00e3o, divers\u00e3o. Tem tudo um pouco neste per\u00edodo de 1\u00ba\/12 a 5\/12. <strong>O filme que abre a semana e vai ser exibido nesta segunda (1\u00ba\/12) \u00e9 &#8220;Kong: A Ilha da Caveira&#8221;, <\/strong>com Tom Hiddleston; Samuel L. Jackson; Brie Larson e John C. Reilly. 1944, durante a Segunda Guerra Mundial. Dois avi\u00f5es, um americano e outro japon\u00eas, s\u00e3o abatidos em pleno combate a\u00e9reo.<\/p>\n<p>Os pilotos sobrevivem, chegando a uma ilha desconhecida no Pac\u00edfico Sul. L\u00e1, eles d\u00e3o continuidade \u00e0 batalha, sendo surpreendidos pela apari\u00e7\u00e3o de um macaco gigante: Kong. Em 1973, Bill Randa tenta obter junto a um pol\u00edtico norte-americano a verba necess\u00e1ria para bancar uma expedi\u00e7\u00e3o \u00e0 tal ilha perdida. Ele acredita que l\u00e1 existam monstros, mas precisa de provas concretas. Ap\u00f3s obter a quantia, ele coordena uma expedi\u00e7\u00e3o que re\u00fane militares, liderados pelo coronel Preston Packard, o rastreador James Conrad e a fot\u00f3grafa Mason Weaver.<\/p>\n<p>\u00a0<\/p>\n<p><strong>A fantasia \u00e9 o destaque da Sess\u00e3o da Tarde na Globo nesta ter\u00e7a (2\/12) com o filme &#8220;Peter&#8221;.<\/strong> Peter \u00e9 um menino travesso de 12 anos que vive em um sombrio orfanato em Londres. Em uma noite inacredit\u00e1vel, Peter \u00e9 levado do orfanato a um mundo fant\u00e1stico de piratas, guerreiros e fadas, chamado Terra do Nunca. L\u00e1, ele vive aventuras incr\u00edveis enquanto tenta descobrir o segredo de sua m\u00e3e, que o deixou no orfanato h\u00e1 tanto tempo. Na companhia da guerreira Princesa Tigrinha e do novo amigo Capit\u00e3o Gancho, Peter deve derrotar o cruel pirata Barba Negra e se tornar o her\u00f3i da Terra do Nunca.<\/p>\n<p>\u00a0<\/p>\n<p><strong>A trajet\u00f3ria de uma das atletas mais talentosas da hist\u00f3ria \u00e9 a atra\u00e7\u00e3o da faixa vespertina nesta quarta (3\/12). &#8220;A Hist\u00f3ria de Simone Biles: Coragem Para Vencer&#8221; <\/strong>narra sua trajet\u00f3ria de supera\u00e7\u00e3o, marcada por uma inf\u00e2ncia dif\u00edcil em um orfanato, ado\u00e7\u00e3o pelos av\u00f3s e dedica\u00e7\u00e3o intensa \u00e0 gin\u00e1stica. Sua coragem \u00e9 demonstrada tanto em suas conquistas no esporte, como a supera\u00e7\u00e3o dos limites t\u00e9cnicos e a inspira\u00e7\u00e3o que representa, quanto na decis\u00e3o de priorizar sua sa\u00fade mental em momentos de press\u00e3o extrema, como a desist\u00eancia na final das Olimp\u00edadas de T\u00f3quio 2020.\u00a0<\/p>\n<p>\u00a0<\/p>\n<p><strong>A aventura infantojuvenil brasileira &#8220;Detetives do Pr\u00e9dio Azul 3 &#8211; Uma Aventura no Fim do Mundo&#8221; pede passagem na telinha da Globo nesta quinta (4\/12)<\/strong>. Pippo, Sol, Bento e Berenice se veem em apuros quando Severino encontra um objeto pendurado em um penhasco. O que parecia uma inofensiva rel\u00edquia era, na verdade, uma das faces do \u2018Medalh\u00e3o de Uzur\u2019, respons\u00e1vel por controlar e manipular toda a magia existente no mundo. Assim que coloca o artefato no pesco\u00e7o, o porteiro come\u00e7a a se transformar em uma figura maligna. Numa corrida contra o tempo, os detetives e a feiticeira partem em uma aventura at\u00e9 o congelante e m\u00e1gico Fim do Mundo, em busca da metade do bem do medalh\u00e3o<\/p>\n<p>\u00a0<\/p>\n<p><strong>E fechando a semana, o filme que vai ser exibido na Sess\u00e3o da Tarde desta sexta-feira (5\/12) \u00e9 a com\u00e9dia &#8220;Pai em Dose Dupla 2&#8221;.<\/strong> Ap\u00f3s resolverem diferen\u00e7as, Brad e Dusty precisam lidar com uma situa\u00e7\u00e3o complicada: a s\u00fabita apari\u00e7\u00e3o de seus pais, que possuem comportamentos bem diferentes.<br \/>\u00a0<\/p>\n<p>\u00a0<\/p>\n<p>A Sess\u00e3o da Tarde \u00e9 exibida na Globo, de segunda a sexta, logo ap\u00f3s a faixa especial de &#8220;Terra Nostra&#8221;, \u00e0s 15h30.<\/p>\n<p><strong>O que \u00e9 Sess\u00e3o da Tarde?<\/strong><br \/>A Sess\u00e3o da Tarde \u00e9 um programa de televis\u00e3o brasileiro; uma sess\u00e3o de filmes exibida pela Globo de segunda a sexta-feira. \u00c9 exibido \u00e0s tardes da emissora desde o dia 4 de mar\u00e7o de 1974, sendo uma das sess\u00f5es de filmes mais duradoura.<\/p>\n","protected":false},"excerpt":{"rendered":"Dezembro chegou. O \u00faltimo m\u00eas do ano come\u00e7a com filmes imperd\u00edveis na Sess\u00e3o da Tarde na Globo. Aventura,&hellip;\n","protected":false},"author":2,"featured_media":171699,"comment_status":"","ping_status":"","sticky":false,"template":"","format":"standard","meta":{"footnotes":""},"categories":[140],"tags":[114,115,147,471,148,753,146,35942,32,33,11550],"class_list":{"0":"post-171698","1":"post","2":"type-post","3":"status-publish","4":"format-standard","5":"has-post-thumbnail","7":"category-filmes","8":"tag-entertainment","9":"tag-entretenimento","10":"tag-film","11":"tag-filme","12":"tag-filmes","13":"tag-globo","14":"tag-movies","15":"tag-peter-pan","16":"tag-portugal","17":"tag-pt","18":"tag-sessao-da-tarde"},"share_on_mastodon":{"url":"https:\/\/pubeurope.com\/@pt\/115644264135855794","error":""},"_links":{"self":[{"href":"https:\/\/www.europesays.com\/pt\/wp-json\/wp\/v2\/posts\/171698","targetHints":{"allow":["GET"]}}],"collection":[{"href":"https:\/\/www.europesays.com\/pt\/wp-json\/wp\/v2\/posts"}],"about":[{"href":"https:\/\/www.europesays.com\/pt\/wp-json\/wp\/v2\/types\/post"}],"author":[{"embeddable":true,"href":"https:\/\/www.europesays.com\/pt\/wp-json\/wp\/v2\/users\/2"}],"replies":[{"embeddable":true,"href":"https:\/\/www.europesays.com\/pt\/wp-json\/wp\/v2\/comments?post=171698"}],"version-history":[{"count":0,"href":"https:\/\/www.europesays.com\/pt\/wp-json\/wp\/v2\/posts\/171698\/revisions"}],"wp:featuredmedia":[{"embeddable":true,"href":"https:\/\/www.europesays.com\/pt\/wp-json\/wp\/v2\/media\/171699"}],"wp:attachment":[{"href":"https:\/\/www.europesays.com\/pt\/wp-json\/wp\/v2\/media?parent=171698"}],"wp:term":[{"taxonomy":"category","embeddable":true,"href":"https:\/\/www.europesays.com\/pt\/wp-json\/wp\/v2\/categories?post=171698"},{"taxonomy":"post_tag","embeddable":true,"href":"https:\/\/www.europesays.com\/pt\/wp-json\/wp\/v2\/tags?post=171698"}],"curies":[{"name":"wp","href":"https:\/\/api.w.org\/{rel}","templated":true}]}}