{"id":171702,"date":"2025-12-01T12:17:18","date_gmt":"2025-12-01T12:17:18","guid":{"rendered":"https:\/\/www.europesays.com\/pt\/171702\/"},"modified":"2025-12-01T12:17:18","modified_gmt":"2025-12-01T12:17:18","slug":"fim-da-depressao-resistente-o-dispositivo-que-ajusta-o-cerebro-e-funciona-como-marcapasso-cerebral","status":"publish","type":"post","link":"https:\/\/www.europesays.com\/pt\/171702\/","title":{"rendered":"Fim da depress\u00e3o resistente? O dispositivo que &#8216;ajusta&#8217; o c\u00e9rebro e funciona como marcapasso cerebral"},"content":{"rendered":"<p>                        <img width=\"944\" height=\"531\" src=\"https:\/\/www.europesays.com\/pt\/wp-content\/uploads\/2025\/12\/Novo-implante-cerebral-trata-depressao-resistente-e-elimina-sintomas-em-estudo-na-Nature-944x531.jpg\" class=\"attachment-custom-large size-custom-large article-featured-image\" alt=\"imagem de um c\u00e9rebro iluminado\" fetchpriority=\"high\" decoding=\"async\"  \/><\/p>\n<p>&#8220;Marcapasso cerebral&#8221; faz depress\u00e3o grave desaparecer em 35% dos pacientes, diz estudo (Foto: nundigital de NunDigital)<\/p>\n<p>Pesquisadores do <strong>Reino Unido e da China<\/strong> fizeram um novo estudo para testar um dispositivo de <strong>estimula\u00e7\u00e3o cerebral profunda (ECP)<\/strong> para tratar <strong>depress\u00e3o e ansiedade graves<\/strong>.\u00a0<\/p>\n<p>Continua depois da publicidade<\/p>\n<p>Na pesquisa, <strong>34,6% dos pacientes chegaram \u00e0 remiss\u00e3o<\/strong>, com os sintomas praticamente desaparecendo.<\/p>\n<p>Semelhante a um <strong>marcapasso<\/strong>, o aparelho envia <strong>impulsos el\u00e9tricos<\/strong> para ajustar a atividade cerebral, e beneficiou metade das pessoas com depress\u00e3o grave que participaram do ensaio.\u00a0<\/p>\n<p>O estudo foi liderado por pesquisadores do Reino Unido e da China, e publicado na revista <strong>Nature Communications.<\/strong><\/p>\n<p>Continua depois da publicidade<\/p>\n<p>1<\/p>\n<p>VoltarAvan\u00e7ar<\/p>\n<p><img loading=\"lazy\" decoding=\"async\" width=\"1200\" height=\"675\" data-id=\"7741091\" src=\"https:\/\/www.europesays.com\/pt\/wp-content\/uploads\/2025\/12\/guia-visual-marcapasso-cerebral-para-depressao.jpg\" alt=\"guia visual marcapasso cerebral para depress\u00e3o\" class=\"wp-image-7741091\"  \/><\/p>\n<p>(Foto: Reprodu\u00e7\u00e3o, Google LM Notebook)<\/p>\n<p><img loading=\"lazy\" decoding=\"async\" width=\"1200\" height=\"675\" data-id=\"7741080\" src=\"https:\/\/www.europesays.com\/pt\/wp-content\/uploads\/2025\/12\/guia-visual-marcapasso-cerebral-para-depressao-2.jpg\" alt=\"guia visual marcapasso cerebral para depress\u00e3o\" class=\"wp-image-7741080\"  \/><\/p>\n<p>(Foto: Reprodu\u00e7\u00e3o, Google LM Notebook)<\/p>\n<p><img loading=\"lazy\" decoding=\"async\" width=\"1200\" height=\"675\" data-id=\"7741081\" src=\"https:\/\/www.europesays.com\/pt\/wp-content\/uploads\/2025\/12\/guia-visual-marcapasso-cerebral-para-depressao-3.jpg\" alt=\"guia visual marcapasso cerebral para depress\u00e3o\" class=\"wp-image-7741081\"  \/><\/p>\n<p>(Foto: Reprodu\u00e7\u00e3o, Google LM Notebook)<\/p>\n<p><img loading=\"lazy\" decoding=\"async\" width=\"1200\" height=\"675\" data-id=\"7741083\" src=\"https:\/\/www.europesays.com\/pt\/wp-content\/uploads\/2025\/12\/guia-visual-marcapasso-cerebral-para-depressao-4.jpg\" alt=\"guia visual marcapasso cerebral para depress\u00e3o\" class=\"wp-image-7741083\"  \/><\/p>\n<p>(Foto: Reprodu\u00e7\u00e3o, Google LM Notebook)<\/p>\n<p><img loading=\"lazy\" decoding=\"async\" width=\"1200\" height=\"675\" data-id=\"7741085\" src=\"https:\/\/www.europesays.com\/pt\/wp-content\/uploads\/2025\/12\/guia-visual-marcapasso-cerebral-para-depressao-5.jpg\" alt=\"guia visual marcapasso cerebral para depress\u00e3o\" class=\"wp-image-7741085\"  \/><\/p>\n<p>(Foto: Reprodu\u00e7\u00e3o, Google LM Notebook)<\/p>\n<p><img loading=\"lazy\" decoding=\"async\" width=\"1200\" height=\"675\" data-id=\"7741086\" src=\"https:\/\/www.europesays.com\/pt\/wp-content\/uploads\/2025\/12\/guia-visual-marcapasso-cerebral-para-depressao-6.jpg\" alt=\"guia visual marcapasso cerebral para depress\u00e3o\" class=\"wp-image-7741086\"  \/><\/p>\n<p>(Foto: Reprodu\u00e7\u00e3o, Google LM Notebook)<\/p>\n<p><img loading=\"lazy\" decoding=\"async\" width=\"1200\" height=\"675\" data-id=\"7741087\" src=\"https:\/\/www.europesays.com\/pt\/wp-content\/uploads\/2025\/12\/guia-visual-marcapasso-cerebral-para-depressao-7.jpg\" alt=\"guia visual marcapasso cerebral para depress\u00e3o\" class=\"wp-image-7741087\"  \/><\/p>\n<p>(Foto: Reprodu\u00e7\u00e3o, Google LM Notebook)<\/p>\n<p><img loading=\"lazy\" decoding=\"async\" width=\"1200\" height=\"675\" data-id=\"7741088\" src=\"https:\/\/www.europesays.com\/pt\/wp-content\/uploads\/2025\/12\/guia-visual-marcapasso-cerebral-para-depressao-8.jpg\" alt=\"guia visual marcapasso cerebral para depress\u00e3o\" class=\"wp-image-7741088\"  \/><\/p>\n<p>(Foto: Reprodu\u00e7\u00e3o, Google LM Notebook)<\/p>\n<p><img loading=\"lazy\" decoding=\"async\" width=\"1200\" height=\"675\" data-id=\"7741089\" src=\"https:\/\/www.europesays.com\/pt\/wp-content\/uploads\/2025\/12\/guia-visual-marcapasso-cerebral-para-depressao-9.jpg\" alt=\"guia visual marcapasso cerebral para depress\u00e3o\" class=\"wp-image-7741089\"  \/><\/p>\n<p>(Foto: Reprodu\u00e7\u00e3o, Google LM Notebook)<\/p>\n<p><img loading=\"lazy\" decoding=\"async\" width=\"1200\" height=\"675\" data-id=\"7741090\" src=\"https:\/\/www.europesays.com\/pt\/wp-content\/uploads\/2025\/12\/guia-visual-marcapasso-cerebral-para-depressao-10.jpg\" alt=\"guia visual marcapasso cerebral para depress\u00e3o\" class=\"wp-image-7741090\"  \/><\/p>\n<p>(Foto: Reprodu\u00e7\u00e3o, Google LM Notebook)<\/p>\n<p>Como o estudo foi realizado<\/p>\n<p>Os pesquisadores testaram a ECP em 26 pacientes do <strong>Hospital Ruijin<\/strong>, <strong>em Xangai<\/strong>, todos com <strong>depress\u00e3o resistente ao tratamento tradicional<\/strong>. O ensaio foi aberto, com pesquisadores e participantes cientes do procedimento.<\/p>\n<p>A t\u00e9cnica usa <strong>eletrodos finos inseridos no c\u00e9rebro<\/strong> para aplicar uma leve corrente el\u00e9trica e ajustar a atividade cerebral anormal.\u00a0<\/p>\n<p><strong>Metade dos pacientes teve melhora significativa<\/strong>, medida por diferentes pontua\u00e7\u00f5es em sintomas relacionados \u00e0 depress\u00e3o, ansiedade, incapacidade e baixa qualidade de vida. Al\u00e9m disso, nove apresentaram diminui\u00e7\u00e3o quase total dos sintomas.<\/p>\n<p>Continua depois da publicidade<\/p>\n<p>Outras descobertas da pesquisa<\/p>\n<p>De acordo com a <strong>professora Valerie Voon<\/strong>, uma das autoras do estudo, em entrevista ao The Sun, \u201ca estimula\u00e7\u00e3o cerebral profunda mostra-se muito promissora no combate \u00e0 <strong>depress\u00e3o resistente ao tratamento<\/strong>, o que pode ter um enorme impacto na vida das pessoas\u201d.<\/p>\n<p>Os cientistas tamb\u00e9m identificaram um ponto importante: uma faixa de frequ\u00eancia chamada <strong>atividade teta (4\u20138 Hz)<\/strong>, considerada um conjunto de \u201c<strong>sinais cerebrais ruins<\/strong>\u201d ligados a casos graves de depress\u00e3o e ansiedade.\u00a0<\/p>\n<p>Pacientes com n\u00edveis mais baixos dessa atividade antes da cirurgia foram os que apresentaram as maiores melhoras e relataram <strong>melhor qualidade de vida ap\u00f3s tr\u00eas, seis e doze meses<\/strong>.<\/p>\n<p>Continua depois da publicidade<\/p>\n<p>Para Voon, o estudo \u201cn\u00e3o apenas destacou essa promessa [de combater a depress\u00e3o], como tamb\u00e9m nos forneceu um <strong>marcador objetivo<\/strong> potencial e muito necess\u00e1rio para dizer quais pacientes responder\u00e3o melhor.\u201d<\/p>\n<p>\u00c9 realidade no Brasil at\u00e9 certo ponto<\/p>\n<p>A estimula\u00e7\u00e3o cerebral profunda <strong>j\u00e1 \u00e9 utilizada no Brasi<\/strong>l para tratar doen\u00e7as como a de <strong>Parkinson, tremor essencial e distonia grave<\/strong> \u2013 todos dist\u00farbios cerebrais que provocam movimento involunt\u00e1rio dos membros.<\/p>\n<p>J\u00e1 no caso da <strong>depress\u00e3o<\/strong>, o m\u00e9todo \u00e9 pouco conhecido e raramente indicado, porque exige uma cirurgia cerebral complexa, envolve riscos significativos e ainda \u00e9 considerado <strong>experimental<\/strong>, com poucas evid\u00eancias de longo prazo.<\/p>\n<p>Continua depois da publicidade<\/p>\n<p>Por Vitoria Estrela<\/p>\n","protected":false},"excerpt":{"rendered":"&#8220;Marcapasso cerebral&#8221; faz depress\u00e3o grave desaparecer em 35% dos pacientes, diz estudo (Foto: nundigital de NunDigital) Pesquisadores do&hellip;\n","protected":false},"author":2,"featured_media":171703,"comment_status":"","ping_status":"","sticky":false,"template":"","format":"standard","meta":{"footnotes":""},"categories":[86],"tags":[116,32,33,117,794],"class_list":{"0":"post-171702","1":"post","2":"type-post","3":"status-publish","4":"format-standard","5":"has-post-thumbnail","7":"category-saude","8":"tag-health","9":"tag-portugal","10":"tag-pt","11":"tag-saude","12":"tag-voce-viu"},"share_on_mastodon":{"url":"https:\/\/pubeurope.com\/@pt\/115644271928175427","error":""},"_links":{"self":[{"href":"https:\/\/www.europesays.com\/pt\/wp-json\/wp\/v2\/posts\/171702","targetHints":{"allow":["GET"]}}],"collection":[{"href":"https:\/\/www.europesays.com\/pt\/wp-json\/wp\/v2\/posts"}],"about":[{"href":"https:\/\/www.europesays.com\/pt\/wp-json\/wp\/v2\/types\/post"}],"author":[{"embeddable":true,"href":"https:\/\/www.europesays.com\/pt\/wp-json\/wp\/v2\/users\/2"}],"replies":[{"embeddable":true,"href":"https:\/\/www.europesays.com\/pt\/wp-json\/wp\/v2\/comments?post=171702"}],"version-history":[{"count":0,"href":"https:\/\/www.europesays.com\/pt\/wp-json\/wp\/v2\/posts\/171702\/revisions"}],"wp:featuredmedia":[{"embeddable":true,"href":"https:\/\/www.europesays.com\/pt\/wp-json\/wp\/v2\/media\/171703"}],"wp:attachment":[{"href":"https:\/\/www.europesays.com\/pt\/wp-json\/wp\/v2\/media?parent=171702"}],"wp:term":[{"taxonomy":"category","embeddable":true,"href":"https:\/\/www.europesays.com\/pt\/wp-json\/wp\/v2\/categories?post=171702"},{"taxonomy":"post_tag","embeddable":true,"href":"https:\/\/www.europesays.com\/pt\/wp-json\/wp\/v2\/tags?post=171702"}],"curies":[{"name":"wp","href":"https:\/\/api.w.org\/{rel}","templated":true}]}}