{"id":171711,"date":"2025-12-01T12:23:37","date_gmt":"2025-12-01T12:23:37","guid":{"rendered":"https:\/\/www.europesays.com\/pt\/171711\/"},"modified":"2025-12-01T12:23:37","modified_gmt":"2025-12-01T12:23:37","slug":"papa-leao-xiv-visita-as-irmas-carmelitas-da-theotokos","status":"publish","type":"post","link":"https:\/\/www.europesays.com\/pt\/171711\/","title":{"rendered":"Papa Le\u00e3o XIV visita as Irm\u00e3s Carmelitas da Theotokos"},"content":{"rendered":"<p>Na noite deste domingo, 30\/11, o Papa fez uma visita de trinta minutos \u00e0s Irm\u00e3s Carmelitas da Theotokos, em Harissa. Humildade, ora\u00e7\u00e3o e sacrif\u00edcio foram as caracter\u00edsticas da voca\u00e7\u00e3o contemplativa que o Pont\u00edfice destacou \u00e0s religiosas.<\/p>\n<p><b>Vatican News<\/b><\/p>\n<p>O Papa Le\u00e3o XIV visitou o Mosteiro das Irm\u00e3s Carmelitas da Theotokos, em Harissa, na noite de seu primeiro dia no L\u00edbano (30\/11), logo ap\u00f3s o encontro com as autoridades, a sociedade civil e o corpo diplom\u00e1tico no Pal\u00e1cio Presidencial.<\/p>\n<p>Segundo informou a Sala de Imprensa da Santa S\u00e9, ao chegar ao mosteiro o Pont\u00edfice cumprimentou cada religiosa individualmente e recebeu a sauda\u00e7\u00e3o das superioras das duas comunidades. Em suas breves palavras, recordou a import\u00e2ncia dessas tr\u00eas atitudes fundamentais da vida carmelita \u2014 humildade, ora\u00e7\u00e3o e sacrif\u00edcio \u2014 e incentivou as irm\u00e3s a perseverarem no testemunho silencioso que sustenta espiritualmente a Igreja.<\/p>\n<p>O encontro, que teve dura\u00e7\u00e3o de aproximadamente meia hora, concluiu-se com a recita\u00e7\u00e3o do Pai-Nosso em conjunto e, em seguida, o Papa Le\u00e3o concedeu a b\u00ean\u00e7\u00e3o \u00e0s irm\u00e3s carmelitas contemplativas.<\/p>\n","protected":false},"excerpt":{"rendered":"Na noite deste domingo, 30\/11, o Papa fez uma visita de trinta minutos \u00e0s Irm\u00e3s Carmelitas da Theotokos,&hellip;\n","protected":false},"author":2,"featured_media":171712,"comment_status":"","ping_status":"","sticky":false,"template":"","format":"standard","meta":{"footnotes":""},"categories":[8],"tags":[27,28,15,16,14,25,26,1516,21,22,12,13,19,20,6666,6668,811,32,23,24,33,11333,17,18,29,30,31,24827],"class_list":{"0":"post-171711","1":"post","2":"type-post","3":"status-publish","4":"format-standard","5":"has-post-thumbnail","7":"category-principais-noticias","8":"tag-breaking-news","9":"tag-breakingnews","10":"tag-featured-news","11":"tag-featurednews","12":"tag-headlines","13":"tag-latest-news","14":"tag-latestnews","15":"tag-libano","16":"tag-main-news","17":"tag-mainnews","18":"tag-news","19":"tag-noticias","20":"tag-noticias-principais","21":"tag-noticiasprincipais","22":"tag-oracao","23":"tag-ordens-religiosas","24":"tag-papa-leao-xiv","25":"tag-portugal","26":"tag-principais-noticias","27":"tag-principaisnoticias","28":"tag-pt","29":"tag-religiosos","30":"tag-top-stories","31":"tag-topstories","32":"tag-ultimas","33":"tag-ultimas-noticias","34":"tag-ultimasnoticias","35":"tag-viagem-apostolica"},"share_on_mastodon":{"url":"https:\/\/pubeurope.com\/@pt\/115644295189320521","error":""},"_links":{"self":[{"href":"https:\/\/www.europesays.com\/pt\/wp-json\/wp\/v2\/posts\/171711","targetHints":{"allow":["GET"]}}],"collection":[{"href":"https:\/\/www.europesays.com\/pt\/wp-json\/wp\/v2\/posts"}],"about":[{"href":"https:\/\/www.europesays.com\/pt\/wp-json\/wp\/v2\/types\/post"}],"author":[{"embeddable":true,"href":"https:\/\/www.europesays.com\/pt\/wp-json\/wp\/v2\/users\/2"}],"replies":[{"embeddable":true,"href":"https:\/\/www.europesays.com\/pt\/wp-json\/wp\/v2\/comments?post=171711"}],"version-history":[{"count":0,"href":"https:\/\/www.europesays.com\/pt\/wp-json\/wp\/v2\/posts\/171711\/revisions"}],"wp:featuredmedia":[{"embeddable":true,"href":"https:\/\/www.europesays.com\/pt\/wp-json\/wp\/v2\/media\/171712"}],"wp:attachment":[{"href":"https:\/\/www.europesays.com\/pt\/wp-json\/wp\/v2\/media?parent=171711"}],"wp:term":[{"taxonomy":"category","embeddable":true,"href":"https:\/\/www.europesays.com\/pt\/wp-json\/wp\/v2\/categories?post=171711"},{"taxonomy":"post_tag","embeddable":true,"href":"https:\/\/www.europesays.com\/pt\/wp-json\/wp\/v2\/tags?post=171711"}],"curies":[{"name":"wp","href":"https:\/\/api.w.org\/{rel}","templated":true}]}}