{"id":171715,"date":"2025-12-01T12:27:13","date_gmt":"2025-12-01T12:27:13","guid":{"rendered":"https:\/\/www.europesays.com\/pt\/171715\/"},"modified":"2025-12-01T12:27:13","modified_gmt":"2025-12-01T12:27:13","slug":"manu-bahtidao-silvero-pereira-e-wanessa-camargo-estao-na-final-veja-videos","status":"publish","type":"post","link":"https:\/\/www.europesays.com\/pt\/171715\/","title":{"rendered":"Manu Bahtid\u00e3o, Silvero Pereira e Wanessa Camargo est\u00e3o na final; veja v\u00eddeos"},"content":{"rendered":"<p>\n                        Luciano Huck anunciou que os ritmos escolhidos para a final s\u00e3o o samba e a valsa\n                    <\/p>\n<p>\n                                    1 nov<br \/>\n                                    2025<br \/>\n                                     &#8211; 18h32\n                                <\/p>\n<p>\n                                                                                                                        (atualizado em 1\/12\/2025 \u00e0s 07h45)\n                                                                            <\/p>\n<p class=\"text\"><b>Silvero Pereira<\/b>, <a href=\"https:\/\/www.terra.com.br\/tudo-sobre\/wanessa-camargo\" target=\"_self\" rel=\"nofollow noopener\">Wanessa Camargo<\/a> e <b>Manu Bahtid\u00e3o<\/b> s\u00e3o os finalistas da <b>Dan\u00e7a dos Famosos<\/b> em 2025. <b>David Junior<\/b> foi o <b>eliminado <\/b>da semifinal no programa deste domingo, 30. A final da atra\u00e7\u00e3o ser\u00e1 disputada no dia 7 de dezembro. Confira a seguir <b>classifica\u00e7\u00e3o<\/b>, <b>notas<\/b> e<b> v\u00eddeos <\/b>do programa de <b>hoje<\/b>.<\/p>\n<p><img loading=\"lazy\" decoding=\"async\" alt=\"Classifica\u00e7\u00e3o da 'Dan\u00e7a dos Famosos' definiu ida de Silvero Pereira, Wanessa Camargo e Manu Bahtid\u00e3o \u00e0 final; David Junior foi eliminado.\" class=\"img-e226c4729fc16224d6fa8cbdafe7d738sgfr3uay\" height=\"435\" src=\"https:\/\/www.europesays.com\/pt\/wp-content\/uploads\/2025\/12\/494273678-oleyxozparahdk4w2g64db76rm.png\"  title=\"Classifica\u00e7\u00e3o da 'Dan\u00e7a dos Famosos' definiu ida de Silvero Pereira, Wanessa Camargo e Manu Bahtid\u00e3o \u00e0 final; David Junior foi eliminado.\" width=\"774\"\/><\/p>\n<p>Classifica\u00e7\u00e3o da &#8216;Dan\u00e7a dos Famosos&#8217; definiu ida de Silvero Pereira, Wanessa Camargo e Manu Bahtid\u00e3o \u00e0 final; David Junior foi eliminado.<\/p>\n<p>Foto: Reprodu\u00e7\u00e3o de &#8216;Dan\u00e7a dos Famosos&#8217; (2025)\/TV Globo \/ Estad\u00e3o<\/p>\n<p class=\"text\">Os participantes se apresentaram ao som da dan\u00e7a contempor\u00e2nea e tiveram Fernanda Lima como jurada convidada. O apresentador <a href=\"https:\/\/www.terra.com.br\/tudo-sobre\/luciano-huck\" target=\"_self\" rel=\"nofollow noopener\">Luciano Huck<\/a> deu in\u00edcio \u00e0 disputa na segunda parte do Doming\u00e3o Com Huck, ap\u00f3s o empate entre Corinthians e Botafogo exibido na Globo.<\/p>\n<p>Classifica\u00e7\u00e3o da &#8216;Dan\u00e7a dos Famosos&#8217; de hoje<\/p>\n<ul>\n<li>266,2 &#8211; Silvero Pereira e Tha\u00eds Sousa<\/li>\n<li>265,5 &#8211; Wanessa Camargo e Diego Bas\u00edlio<\/li>\n<li>265,4 &#8211; Manu Bahtid\u00e3o e Heron Leal<\/li>\n<li><b>265,3 &#8211; David Junior e Jaque Paraense (eliminados)<\/b><\/li>\n<\/ul>\n<p>Silvero Pereira e Tha\u00eds Sousa<\/p>\n<blockquote class=\"twitter-tweet\" id=\"1995247853833216184?ref_src=twsrc%5Etfw\">\n<p class=\"text\" dir=\"ltr\" lang=\"pt\">O QUE FOI ISSO, BRASIL??? Silvero Pereira e Thais Sousa simplesmente BRILHARAM na dan\u00e7a contempor\u00e2nea! ?? <a href=\"https:\/\/twitter.com\/hashtag\/Dan%C3%A7aDosFamosos?src=hash&amp;ref_src=twsrc%5Etfw\" target=\"_blank\" rel=\"nofollow noopener\">#Dan\u00e7aDosFamosos<\/a> <a href=\"https:\/\/twitter.com\/hashtag\/Doming%C3%A3o?src=hash&amp;ref_src=twsrc%5Etfw\" target=\"_blank\" rel=\"nofollow noopener\">#Doming\u00e3o<\/a> <a href=\"https:\/\/t.co\/qRL0c88NS3\" target=\"_blank\" rel=\"nofollow\">pic.twitter.com\/qRL0c88NS3<\/a><\/p>\n<p>\u2014 TV Globo (@tvglobo) <a href=\"https:\/\/twitter.com\/tvglobo\/status\/1995247853833216184?ref_src=twsrc%5Etfw\" target=\"_blank\" rel=\"nofollow noopener\">November 30, 2025<\/a>\n<\/p><\/blockquote>\n<ul>\n<li>10 &#8211; Carlinhos de Jesus<\/li>\n<li>10 &#8211; Ana Botafogo<\/li>\n<li>9.9 &#8211; Zebrinha<\/li>\n<li>10 &#8211; Milton Cunha<\/li>\n<li>10 &#8211; Fernanda Lima<\/li>\n<li>9.9 &#8211; Plateia<\/li>\n<li>10 &#8211; Gshow<\/li>\n<\/ul>\n<p>Wanessa Camargo e Diego Bas\u00edlio<\/p>\n<blockquote class=\"twitter-tweet\" id=\"1995251596683518203?ref_src=twsrc%5Etfw\">\n<p class=\"text\" dir=\"ltr\" lang=\"pt\">Wanessa e Diego Bas\u00edlio ARRASARAM DEMAIS na dan\u00e7a contempor\u00e2nea! T\u00d4 SEM AR AT\u00c9 AGORA!!! ? <a href=\"https:\/\/twitter.com\/hashtag\/Dan%C3%A7aDosFamosos?src=hash&amp;ref_src=twsrc%5Etfw\" target=\"_blank\" rel=\"nofollow noopener\">#Dan\u00e7aDosFamosos<\/a> <a href=\"https:\/\/twitter.com\/hashtag\/Doming%C3%A3o?src=hash&amp;ref_src=twsrc%5Etfw\" target=\"_blank\" rel=\"nofollow noopener\">#Doming\u00e3o<\/a> <a href=\"https:\/\/t.co\/pGfQ6gGCTP\" target=\"_blank\" rel=\"nofollow\">pic.twitter.com\/pGfQ6gGCTP<\/a><\/p>\n<p>\u2014 TV Globo (@tvglobo) <a href=\"https:\/\/twitter.com\/tvglobo\/status\/1995251596683518203?ref_src=twsrc%5Etfw\" target=\"_blank\" rel=\"nofollow noopener\">November 30, 2025<\/a>\n<\/p><\/blockquote>\n<ul>\n<li>10 &#8211; Carlinhos de Jesus<\/li>\n<li>10 &#8211; Ana Botafogo<\/li>\n<li>10 &#8211; Zebrinha<\/li>\n<li>9.9 &#8211; Milton Cunha<\/li>\n<li>10 &#8211; Fernanda Lima<\/li>\n<li>9.7 &#8211; Plateia<\/li>\n<li>9.8 &#8211; Gshow<\/li>\n<\/ul>\n<p>David Junior e Jaque Paraense<\/p>\n<blockquote class=\"twitter-tweet\" id=\"1995260771756888463?ref_src=twsrc%5Etfw\">\n<p class=\"text\" dir=\"ltr\" lang=\"pt\">David Junior e Jaque Paraense entregaram um SHOW na dan\u00e7a contempor\u00e2nea! <a href=\"https:\/\/twitter.com\/hashtag\/Doming%C3%A3o?src=hash&amp;ref_src=twsrc%5Etfw\" target=\"_blank\" rel=\"nofollow noopener\">#Doming\u00e3o<\/a> <a href=\"https:\/\/twitter.com\/hashtag\/Dan%C3%A7aDosFamosos?src=hash&amp;ref_src=twsrc%5Etfw\" target=\"_blank\" rel=\"nofollow noopener\">#Dan\u00e7aDosFamosos<\/a> <a href=\"https:\/\/t.co\/w32d2rv0MK\" target=\"_blank\" rel=\"nofollow\">pic.twitter.com\/w32d2rv0MK<\/a><\/p>\n<p>\u2014 TV Globo (@tvglobo) <a href=\"https:\/\/twitter.com\/tvglobo\/status\/1995260771756888463?ref_src=twsrc%5Etfw\" target=\"_blank\" rel=\"nofollow noopener\">November 30, 2025<\/a>\n<\/p><\/blockquote>\n<ul>\n<li>10 &#8211; Carlinhos de Jesus<\/li>\n<li>10 &#8211; Ana Botafogo<\/li>\n<li>10 &#8211; Zebrinha<\/li>\n<li>9.9 &#8211; Milton Cunha<\/li>\n<li>10 &#8211; Fernanda Lima<\/li>\n<li>9.6 &#8211; Plateia<\/li>\n<li>9.8 &#8211; Gshow<\/li>\n<\/ul>\n<p>Manu Bahtid\u00e3o e Heron Leal<\/p>\n<blockquote class=\"twitter-tweet\" id=\"1995266072228839754?ref_src=twsrc%5Etfw\">\n<p class=\"text\" dir=\"ltr\" lang=\"pt\">Manu Bahtid\u00e3o e Heron Leal ENTREGARAM TUDO nessa dan\u00e7a contempor\u00e2nea! <a href=\"https:\/\/twitter.com\/hashtag\/Doming%C3%A3o?src=hash&amp;ref_src=twsrc%5Etfw\" target=\"_blank\" rel=\"nofollow noopener\">#Doming\u00e3o<\/a> <a href=\"https:\/\/twitter.com\/hashtag\/Dan%C3%A7aDosFamosos?src=hash&amp;ref_src=twsrc%5Etfw\" target=\"_blank\" rel=\"nofollow noopener\">#Dan\u00e7aDosFamosos<\/a> <a href=\"https:\/\/t.co\/UVWRUDizpC\" target=\"_blank\" rel=\"nofollow\">pic.twitter.com\/UVWRUDizpC<\/a><\/p>\n<p>\u2014 TV Globo (@tvglobo) <a href=\"https:\/\/twitter.com\/tvglobo\/status\/1995266072228839754?ref_src=twsrc%5Etfw\" target=\"_blank\" rel=\"nofollow noopener\">November 30, 2025<\/a>\n<\/p><\/blockquote>\n<ul>\n<li>10 &#8211; Carlinhos de Jesus<\/li>\n<li>10 &#8211; Ana Botafogo<\/li>\n<li>9.9 &#8211; Zebrinha<\/li>\n<li>10 &#8211; Milton Cunha<\/li>\n<li>10 &#8211; Fernanda Lima<\/li>\n<li>9.8 &#8211; Plateia<\/li>\n<li>9.9 &#8211; Gshow<\/li>\n<\/ul>\n<p>Classifica\u00e7\u00e3o anterior da &#8216;Dan\u00e7a dos Famosos&#8217;<\/p>\n<p class=\"text\">At\u00e9 o in\u00edcio do programa de hoje, a classifica\u00e7\u00e3o da atra\u00e7\u00e3o, cumulativa, era a seguinte:<\/p>\n<ul>\n<li>196.4 &#8211; Silvero Pereira e Tha\u00eds Sousa<\/li>\n<li>196.1 &#8211; Wanessa Camargo e Diego Bas\u00edlio<\/li>\n<li>196.0 &#8211; Manu Bahtid\u00e3o e Heron Leal<\/li>\n<li>195.8 &#8211; David Junior e Jaque Paraense<\/li>\n<\/ul>\n<p>Quando ser\u00e1 a final da Dan\u00e7a dos Famosos?<\/p>\n<p class=\"text\">O \u00faltimo programa, que define o campe\u00e3o da temporada, ser\u00e1 realizada no pr\u00f3ximo domingo, 7 de dezembro de 2025. Huck anunciou que os ritmos escolhidos para a final foram o samba e a valsa.<\/p>\n<p>Quem foi eliminado da &#8216;Dan\u00e7a dos Famosos&#8217; em 2025<\/p>\n<p class=\"text\">Os 13 participantes eliminados no Doming\u00e3o Com Huck foram os seguintes:<\/p>\n<p><img alt=\"Manu Bahtid\u00e3o na 'Dan\u00e7a dos Famosos' de hoje, 9 de novembro; programa ter\u00e1 dois eliminados\" class=\"img-49fb9e23392405390b0b4443b8424b78qtpexwnq\" decoding=\"async\" height=\"483\" loading=\"lazy\" src=\"https:\/\/www.europesays.com\/pt\/wp-content\/uploads\/2025\/12\/431700650-yi6gyjvswnaczcihi2xk6magbe.png\"  title=\"Manu Bahtid\u00e3o na 'Dan\u00e7a dos Famosos' de hoje, 9 de novembro; programa ter\u00e1 dois eliminados\" width=\"774\"\/><\/p>\n<p>Manu Bahtid\u00e3o na &#8216;Dan\u00e7a dos Famosos&#8217; de hoje, 9 de novembro; programa ter\u00e1 dois eliminados<\/p>\n<p>Foto: Reprodu\u00e7\u00e3o de &#8216;Dan\u00e7a dos Famosos&#8217; (2025)\/TV Globo \/ Estad\u00e3o<\/p>\n<p>                            <script async src=\"https:\/\/platform.twitter.com\/widgets.js\" charset=\"utf-8\"><\/script><\/p>\n","protected":false},"excerpt":{"rendered":"Luciano Huck anunciou que os ritmos escolhidos para a final s\u00e3o o samba e a valsa 1 nov&hellip;\n","protected":false},"author":2,"featured_media":171716,"comment_status":"","ping_status":"","sticky":false,"template":"","format":"standard","meta":{"footnotes":""},"categories":[142],"tags":[4572,5597,114,115,2815,35943,32,33,25925,151,4981],"class_list":{"0":"post-171715","1":"post","2":"type-post","3":"status-publish","4":"format-standard","5":"has-post-thumbnail","7":"category-tv","8":"tag-danca-dos-famosos","9":"tag-david-junior","10":"tag-entertainment","11":"tag-entretenimento","12":"tag-luciano-huck","13":"tag-manu-bahtidao","14":"tag-portugal","15":"tag-pt","16":"tag-silvero-pereira","17":"tag-tv","18":"tag-wanessa-camargo"},"share_on_mastodon":{"url":"https:\/\/pubeurope.com\/@pt\/115644310956998289","error":""},"_links":{"self":[{"href":"https:\/\/www.europesays.com\/pt\/wp-json\/wp\/v2\/posts\/171715","targetHints":{"allow":["GET"]}}],"collection":[{"href":"https:\/\/www.europesays.com\/pt\/wp-json\/wp\/v2\/posts"}],"about":[{"href":"https:\/\/www.europesays.com\/pt\/wp-json\/wp\/v2\/types\/post"}],"author":[{"embeddable":true,"href":"https:\/\/www.europesays.com\/pt\/wp-json\/wp\/v2\/users\/2"}],"replies":[{"embeddable":true,"href":"https:\/\/www.europesays.com\/pt\/wp-json\/wp\/v2\/comments?post=171715"}],"version-history":[{"count":0,"href":"https:\/\/www.europesays.com\/pt\/wp-json\/wp\/v2\/posts\/171715\/revisions"}],"wp:featuredmedia":[{"embeddable":true,"href":"https:\/\/www.europesays.com\/pt\/wp-json\/wp\/v2\/media\/171716"}],"wp:attachment":[{"href":"https:\/\/www.europesays.com\/pt\/wp-json\/wp\/v2\/media?parent=171715"}],"wp:term":[{"taxonomy":"category","embeddable":true,"href":"https:\/\/www.europesays.com\/pt\/wp-json\/wp\/v2\/categories?post=171715"},{"taxonomy":"post_tag","embeddable":true,"href":"https:\/\/www.europesays.com\/pt\/wp-json\/wp\/v2\/tags?post=171715"}],"curies":[{"name":"wp","href":"https:\/\/api.w.org\/{rel}","templated":true}]}}