{"id":171727,"date":"2025-12-01T12:35:19","date_gmt":"2025-12-01T12:35:19","guid":{"rendered":"https:\/\/www.europesays.com\/pt\/171727\/"},"modified":"2025-12-01T12:35:19","modified_gmt":"2025-12-01T12:35:19","slug":"ela-era-a-melhor-pessoa-para-comandar-os-seal-como-hegseth-esta-a-afastar-as-mulheres-das-forcas-armadas","status":"publish","type":"post","link":"https:\/\/www.europesays.com\/pt\/171727\/","title":{"rendered":"&#8220;Ela era a melhor pessoa para comandar os SEAL&#8221;. Como Hegseth est\u00e1 a afastar as mulheres das for\u00e7as armadas"},"content":{"rendered":"<p _d-id=\"4166\">Estava tudo a postos para que a oficial da Marinha assumisse uma nova fun\u00e7\u00e3o que teria coroado uma carreira not\u00e1vel &#8211; e a tornaria a primeira mulher num comando de Guerra Especial Naval a supervisionar os SEAL,os fuzileiros navais, a principal for\u00e7a de opera\u00e7\u00f5es especiais da Marinha dos Estados Unidos.<\/p>\n<p _d-id=\"4172\">Considerada a melhor oficial para promo\u00e7\u00e3o no seu grupo, recebeu uma medalha Cora\u00e7\u00e3o de P\u00farpura (Purple Heart) depois de ter sido ferida num ataque com um Artefacto Explosivo Improvisado (IED) durante uma miss\u00e3o de combate no Iraque. Em seguida, tornou-se a primeira mulher a servir na SEAL Team Six como comandante de tropa, uma das v\u00e1rias posi\u00e7\u00f5es de topo dentro dos esquadr\u00f5es que comp\u00f5em a unidade naval de elite.<\/p>\n<p _d-id=\"4172\">Estava prevista para julho uma cerim\u00f3nia formal para assinalar a sua nova posi\u00e7\u00e3o. Os convites foram enviados com dois meses de anteced\u00eancia.<\/p>\n<p _d-id=\"4176\">Mas apenas duas semanas antes da cerim\u00f3nia, o seu comando foi abruptamente cancelado sem qualquer explica\u00e7\u00e3o, de acordo com v\u00e1rias fontes familiarizadas com a situa\u00e7\u00e3o. A decis\u00e3o n\u00e3o foi tomada atrav\u00e9s de canais formais, mas atrav\u00e9s de uma s\u00e9rie de telefonemas do Pent\u00e1gono, revela uma das fontes \u00e0 CNN. As circunst\u00e2ncias eram invulgares e pareciam ter sido concebidas para omitir um rasto documental.<\/p>\n<p _d-id=\"4178\">Segundo a pol\u00edtica da Marinha de \u201cpromo\u00e7\u00e3o ou dispensa\u201d, sem lugar de comando para ocupar, a carreira militar de mais de duas d\u00e9cadas da oficial estava efetivamente terminada.<\/p>\n<p _d-id=\"4178\">\u00c0 medida que a not\u00edcia se espalhava pelo c\u00edrculo fechado da Guerra Especial Naval, come\u00e7ou a formar-se um consenso: o comando foi provavelmente retirado pelo secret\u00e1rio da Defesa Pete Hegseth devido ao g\u00e9nero da oficial.<\/p>\n<p _d-id=\"4182\">O comando que ela iria assumir est\u00e1 intimamente ligado ao recrutamento para fun\u00e7\u00f5es de opera\u00e7\u00f5es de elite, incluindo dos fuzileiros navais &#8211; e a impress\u00e3o que a comunidade da Guerra Especial Naval teve do Pent\u00e1gono foi que Hegseth n\u00e3o queria uma mulher \u00e0 frente dessa fun\u00e7\u00e3o.<\/p>\n<p _d-id=\"4184\">\u201cEles querem manter a irmandade e n\u00e3o gostam que ela chegue e desafie o status quo\u201d, diz uma fonte das opera\u00e7\u00f5es especiais da Marinha familiarizada com a situa\u00e7\u00e3o.<\/p>\n<p _d-id=\"4186\">Um oficial da defesa familiarizado com o assunto conta que a mudan\u00e7a de planos foi o resultado de considera\u00e7\u00f5es mais amplas sobre a necessidade da fun\u00e7\u00e3o. Um respons\u00e1vel do Pent\u00e1gono afirma que o comando foi retirado porque a capit\u00e3 da Marinha n\u00e3o era SEAL, e garante que Hegseth n\u00e3o esteve envolvido na decis\u00e3o.<\/p>\n<p _d-id=\"4188\">Mas v\u00e1rias pessoas familiarizadas com a din\u00e2mica das quest\u00f5es de pessoal da Marinha ridicularizaram as explica\u00e7\u00f5es. Por um lado, a Marinha n\u00e3o costuma reestruturar os comandos, despedindo um novo comandante dias antes da sua tomada de posse. Al\u00e9m disso, foi selecionada para o novo comando por um vasto painel de l\u00edderes de elite dos fuzileiros navais.<\/p>\n<p _d-id=\"4190\">\u201cPodem justific\u00e1-lo dizendo que ela n\u00e3o \u00e9 qualificada porque n\u00e3o \u00e9 uma SEAL\u201d, aponta um SEAL reformado. \u201cMas os SEAL acharam que ela era qualificada.\u201d<\/p>\n<p> <img loading=\"lazy\" decoding=\"async\" alt=\"\" height=\"533\" src=\"https:\/\/www.europesays.com\/pt\/wp-content\/uploads\/2025\/12\/691f65fcd34e2bd5c6d439c3.webp\" width=\"800\"\/> <\/p>\n<p>   O secret\u00e1rio da Defesa, Pete Hegseth, fala aos l\u00edderes militares na Base Quantico do Corpo de Fuzileiros Navais em 30 de setembro (Andrew Harnik\/Getty Images) <\/p>\n<p _d-id=\"4192\">Para o antigo fuzileiro naval, a revoga\u00e7\u00e3o do comando foi um sintoma claro das opini\u00f5es de Hegseth sobre as mulheres nas for\u00e7as armadas. E foi mais longe, dizendo acreditar que a comandante foi afastada porque Hegseth \u00e9 sexista.<\/p>\n<p _d-id=\"4198\">\u201cTenho a certeza de que eles revogariam toda a quest\u00e3o das mulheres em combate [se pudessem], mas isto \u00e9 o que eles podem fazer\u201d, acrescenta o antigo SEAL.<\/p>\n<p _d-id=\"4200\">A CNN n\u00e3o divulga o nome da capit\u00e3 da Marinha, que tamb\u00e9m n\u00e3o quis responder aos pedidos de coment\u00e1rio. O Pent\u00e1gono n\u00e3o respondeu a perguntas espec\u00edficas da CNN sobre esta situa\u00e7\u00e3o, incluindo o papel que Hegseth desempenhou, se \u00e9 que desempenhou algum.<\/p>\n<p _d-id=\"4202\">A hist\u00f3ria desta mulher resume o que muitos militares receiam ser uma cultura de misoginia que atravessa as for\u00e7as armadas dos EUA sob a dire\u00e7\u00e3o de Hegseth. A CNN falou com mais de uma d\u00fazia de mulheres no ativo de todos os ramos das for\u00e7as armadas, tendo todas elas manifestado um profundo e crescente alarme quanto ao facto de as a\u00e7\u00f5es, pol\u00edticas e ret\u00f3rica de Hegseth correrem o risco de afastar tanto as militares experientes como as interessadas em alistar-se.<\/p>\n<p _d-id=\"4204\">V\u00e1rias dizem conhecer outras militares que recentemente n\u00e3o foram promovidas a cargos que mereciam. Outras est\u00e3o a considerar deixar as for\u00e7as armadas.<\/p>\n<p _d-id=\"4206\">A CNN questionou o Pent\u00e1gono sobre as opini\u00f5es de Hegseth sobre as mulheres nas for\u00e7as armadas, incluindo as alega\u00e7\u00f5es de que as mulheres est\u00e3o a considerar abandonar o servi\u00e7o e sentem que n\u00e3o s\u00e3o valorizadas. O Pent\u00e1gono respondeu dizendo que as mulheres est\u00e3o \u201centusiasmadas\u201d por servir sob a \u201cforte lideran\u00e7a\u201d de Hegseth e do presidente Donald Trump e que os padr\u00f5es militares \u201cem toda a linha foram amplamente ignorados pela lideran\u00e7a do passado\u201d.<\/p>\n<p _d-id=\"4208\">Militares no ativo falaram com a CNN para este artigo sob condi\u00e7\u00e3o de anonimato por receio de repres\u00e1lias. Em alguns casos, s\u00e3o utilizados pseud\u00f3nimos para as descrever. A CNN tamb\u00e9m falou com v\u00e1rios militares seniores do sexo masculino, bem como com v\u00e1rias militares reformadas &#8211; algumas das quais se mostraram relutantes em criticar publicamente a administra\u00e7\u00e3o por receio de que os seus benef\u00edcios de veteranos lhes pudessem ser retirados.<\/p>\n<p _d-id=\"4210\">Com Hegseth ao leme, muitos dos que falaram com a CNN sentem\u00a0que as mulheres j\u00e1 n\u00e3o s\u00e3o desejadas na defesa &#8211; uma mudan\u00e7a potencialmente dr\u00e1stica, uma vez que constituem cerca de 18% das for\u00e7as armadas dos EUA.<\/p>\n<p _d-id=\"14055\">\u201cPara ser muito honesta, neste momento tenho medo das mulheres de uniforme\u201d, afirma Patti J. Tutalo, comandante reformada da Guarda Costeira, que fez parte de um grupo consultivo de d\u00e9cadas para as mulheres nas for\u00e7as armadas antes de ser extinto este ano.<\/p>\n<p _d-id=\"14056\">\u201cPenso que haver\u00e1 definitivamente um problema de reten\u00e7\u00e3o para as mulheres\u201d, acrescenta Patti. \u201cPenso tamb\u00e9m que se vai assistir a um aumento das agress\u00f5es, do ass\u00e9dio, do bullying, das praxes, e penso que vai haver uma falta de responsabiliza\u00e7\u00e3o por essas coisas.\u201d<\/p>\n<p> <img loading=\"lazy\" decoding=\"async\" alt=\"\" height=\"533\" src=\"https:\/\/www.europesays.com\/pt\/wp-content\/uploads\/2025\/12\/691f65fcd34e3caad84b81c8.webp\" width=\"800\"\/> <\/p>\n<p>   A almirante Lisa M. Franchetti ouve as declara\u00e7\u00f5es iniciais nas audi\u00eancias do Comit\u00e9 de Servi\u00e7os Armados do Senado para examinar a sua nomea\u00e7\u00e3o para recondu\u00e7\u00e3o ao posto de almirante e para o cargo de Chefe de Opera\u00e7\u00f5es Navais do Departamento de Defesa, em Washington, DC, em 14 de setembro de 2023 (Ricky Carioti\/The Washington Post\/Getty Images) <\/p>\n<p>&#8220;Voc\u00eas, mulheres, agora v\u00e3o-se embora&#8221; <\/p>\n<p _d-id=\"14064\">Hegseth j\u00e1 afastou v\u00e1rias mulheres de fun\u00e7\u00f5es de lideran\u00e7a proeminentes, incluindo o despedimento da Chefe de Opera\u00e7\u00f5es Navais, a almirante Lisa Franchetti, a oficial de mais alta patente da Marinha dos EUA e a primeira mulher no Estado-Maior Conjunto. Atualmente, os EUA n\u00e3o t\u00eam uma mulher general de quatro estrelas, a mais alta patente das for\u00e7as armadas.<\/p>\n<p _d-id=\"14066\">H\u00e1 dois anos, havia quatro.<\/p>\n<p _d-id=\"14068\">O presidente tamb\u00e9m extinguiu o painel consultivo do qual Tutalo fazia parte: o Comit\u00e9 Consultivo de Defesa sobre Mulheres nas For\u00e7as Armadas, que recomendava as melhores pr\u00e1ticas para apoiar as mulheres, incluindo o fornecimento de coletes \u00e0 prova de bala adequados e assist\u00eancia m\u00e9dica apropriada.<\/p>\n<p _d-id=\"14068\">E prometeu acabar com a possibilidade de poderem ser apresentadas queixas an\u00f3nimas, um instrumento fundamental para denunciar suspeitas de agress\u00e3o sexual.<\/p>\n<p _d-id=\"14072\">Num discurso para generais em Quantico, Virg\u00ednia, em setembro, Hegseth anunciou a sua vis\u00e3o de reverter as pol\u00edticas destinadas a promover a diversidade ou a acomodar tropas.<\/p>\n<p _d-id=\"14074\">Entre elas, os padr\u00f5es de aptid\u00e3o f\u00edsica que, segundo ele, foram flexibilizados nos \u00faltimos anos para permitir que as mulheres servissem em fun\u00e7\u00f5es de combate. No seu discurso, Hegseth prometeu implementar testes de aptid\u00e3o f\u00edsica que seriam julgados de acordo com \u201co mais elevado padr\u00e3o masculino\u201d.<\/p>\n<p _d-id=\"14076\">\u201cSe isso significa que nenhuma mulher se qualifica para alguns trabalhos de combate, que assim seja\u201d, disse ent\u00e3o Hegseth.<\/p>\n<p _d-id=\"14078\">Mas tanto os homens como as mulheres que falaram com a CNN garantem que as afirma\u00e7\u00f5es de Hegseth s\u00e3o falsas e que os padr\u00f5es f\u00edsicos s\u00e3o neutros em termos de g\u00e9nero para posi\u00e7\u00f5es de combate &#8211; uma opini\u00e3o corroborada pelas experi\u00eancias de in\u00fameras mulheres em fun\u00e7\u00f5es de combate.<\/p>\n<p _d-id=\"14078\">No caso da capit\u00e3 da Marinha cujas ordens de comando foram revogadas, ela cumpria todas as exig\u00eancias f\u00edsicas, segundo v\u00e1rias fontes familiarizadas com as suas qualifica\u00e7\u00f5es. Entre elas, a capacidade de fazer eleva\u00e7\u00f5es com um peso extra de 11 quilos.<\/p>\n<p _d-id=\"14082\">De acordo com um SEAL reformado da Marinha que serviu com ela na SEAL Team Six, nunca houve d\u00favidas quanto \u00e0s suas qualifica\u00e7\u00f5es para o cargo.<\/p>\n<p _d-id=\"14084\">&#8220;Ela era a melhor pessoa para o cargo. N\u00e3o h\u00e1 absolutamente nenhuma quest\u00e3o de diversidade, equidade e inclus\u00e3o&#8221;, defende o SEAL reformado \u00e0 CNN, acrescentando que a capit\u00e3 passava o seu tempo livre a competir em corridas IRONMAN.<\/p>\n<p _d-id=\"14086\">Para al\u00e9m dos fuzileiros navais, supervisionava t\u00e9cnicos de desativa\u00e7\u00e3o de bombas e mergulhadores, tr\u00eas equipas em que tinha trabalhado. \u201cEla \u00e9 durona, mas tamb\u00e9m extremamente inteligente e capaz\u201d, garante o antigo SEAL.<\/p>\n<p _d-id=\"14088\">Para Hailey Gibbons, uma veterana do ex\u00e9rcito que foi uma das primeiras mulheres a formar-se na Escola de Rangers depois de esta ter sido aberta \u00e0s mulheres h\u00e1 uma d\u00e9cada, a ideia de que as mulheres n\u00e3o est\u00e3o a cumprir os mesmos padr\u00f5es que os homens \u00e9 \u201crid\u00edcula\u201d. O seu teste f\u00edsico inicial na Escola de Rangers &#8211; um extenuante curso de forma\u00e7\u00e3o de dois meses &#8211; foi igual ao dos seus camaradas masculinos: 49 flex\u00f5es, 59 abdominais e uma corrida de oito quil\u00f3metros em menos de 40 minutos, mais seis eleva\u00e7\u00f5es.<\/p>\n<p _d-id=\"14090\">Hegseth est\u00e1 a permitir que outros militares digam que \u201cas mulheres n\u00e3o podem fazer isto\u201d, lamenta Gibbons, que serviu no 75.\u00ba Regimento de Rangers, a unidade de elite do ex\u00e9rcito.<\/p>\n<p _d-id=\"14092\">Outra mulher do ex\u00e9rcito que falou com a CNN &#8211; uma militar alistada numa unidade de armas de combate &#8211; diz que j\u00e1 est\u00e1 a sentir os efeitos na vida real do discurso de Hegseth em setembro.<\/p>\n<p _d-id=\"14094\">Ap\u00f3s as afirma\u00e7\u00f5es do secret\u00e1rio da Defesa, conta que um oficial n\u00e3o-comissionado da sua unidade lhe disse: \u201cTodas voc\u00eas, mulheres, agora v\u00e3o-se embora.\u201d<\/p>\n<p _d-id=\"14096\">\u201cDepois disto, n\u00e3o quero ter nada a ver com o ex\u00e9rcito\u201d, admite.<\/p>\n<p> <img loading=\"lazy\" decoding=\"async\" alt=\"\" height=\"534\" src=\"https:\/\/www.europesays.com\/pt\/wp-content\/uploads\/2025\/12\/691f65fcd34e2bd5c6d439c1.webp\" width=\"800\"\/> <\/p>\n<p>   Um recruta do Corpo de Fuzileiros Navais dos Estados Unidos, da Companhia Lima, a primeira turma com integra\u00e7\u00e3o de g\u00e9nero em San Diego, exibe o seu distintivo de \u00c1guia, Globo e \u00c2ncora para uma fotografia depois de se tornar oficialmente um fuzileiro naval dos EUA ao concluir o treino &#8220;The Crucible&#8221; em Camp Pendleton, San Diego, Calif\u00f3rnia, 2021. Patrick T. Fallon\/AFP\/Getty Images <\/p>\n<p> <img loading=\"lazy\" decoding=\"async\" alt=\"\" height=\"533\" src=\"https:\/\/www.europesays.com\/pt\/wp-content\/uploads\/2025\/12\/691f65fcd34e3caad84b81c6.webp\" width=\"800\"\/> <\/p>\n<p>   Recrutas do Corpo de Fuzileiros Navais dos Estados Unidos, da Companhia Lima, rastejam de barriga para baixo numa pista de obst\u00e1culos durante o &#8220;The Crucible&#8221;, a parte final da fase tr\u00eas do treino de recrutas antes de se tornarem oficialmente Fuzileiros Navais dos EUA, em Camp Pendleton, em 2021. Patrick T. Fallon\/AFP\/Getty Images <\/p>\n<p _d-id=\"14098\">Numa declara\u00e7\u00e3o \u00e0 CNN, o secret\u00e1rio de imprensa do Pent\u00e1gono, Kingsley Wilson, disse que as mulheres \u201cest\u00e3o entusiasmadas em servir sob a forte lideran\u00e7a do secret\u00e1rio Hegseth e do presidente Trump\u201d.<\/p>\n<p _d-id=\"53426\">\u201cOs nossos padr\u00f5es para as posi\u00e7\u00f5es de armas de combate ser\u00e3o de elite, uniformes e neutros em termos de sexo, porque o peso de uma mochila ou de um ser humano n\u00e3o se importa se \u00e9 homem ou mulher\u201d, indicou Wilson.<\/p>\n<p _d-id=\"53427\">Quando a CNN pediu que lhe fossem fornecidos exemplos espec\u00edficos de normas que estivessem a ser reduzidas para as mulheres, o Pent\u00e1gono n\u00e3o forneceu nenhuma.<\/p>\n<p>&#8220;Eles n\u00e3o me trataram de forma especial. Trataram-me pior&#8221; <\/p>\n<p _d-id=\"53431\">As for\u00e7as armadas americanas abriram pela primeira vez as fun\u00e7\u00f5es de combate \u00e0s mulheres durante a administra\u00e7\u00e3o Obama. Quando o ent\u00e3o secret\u00e1rio da Defesa, Ash Carter, anunciou a mudan\u00e7a em 2015, Kate ficou radiante.<\/p>\n<p _d-id=\"53433\">Para Kate, um pseud\u00f3nimo que a CNN est\u00e1 a utilizar para proteger a sua identidade, o an\u00fancio significou a possibilidade de continuar um legado familiar. Cresceu com o desejo de seguir os passos do pai e servir nos fuzileiros, o \u00faltimo ramo a integrar oficialmente as mulheres em fun\u00e7\u00f5es de combate. Em 2017, foi para o treino b\u00e1sico dos fuzileiros navais, terminou com algumas das melhores notas de aptid\u00e3o f\u00edsica e indicou um papel de combate como primeira escolha.<\/p>\n<p _d-id=\"53435\">\u201cEu estava muito orgulhosa de fazer parte da primeira leva de mulheres a servir em fun\u00e7\u00f5es de combate\u201d, recorda Kate, agora oficial do Corpo de Fuzileiros.<\/p>\n<p _d-id=\"53437\">Quando come\u00e7ou o treino para a sua fun\u00e7\u00e3o, Kate era a \u00fanica mulher do grupo. E \u201ctudo era igual\u201d para ela e para os homens, garante, incluindo nadar cerca de dez quil\u00f3metros em \u00e1guas agitadas e ficar semanas sem tomar banho.<\/p>\n<p _d-id=\"53439\">E, de certa forma, foi mais dif\u00edcil para Kate, porque a fizeram sentir-se indesejada.<\/p>\n<p _d-id=\"53441\">\u201cN\u00e3o me trataram de forma especial\u201d, conta. &#8220;Tratavam-me pior. Tinha um alvo nas minhas costas e era sempre vista como algu\u00e9m que n\u00e3o era como toda a gente.&#8221;<\/p>\n<p _d-id=\"53443\">Ap\u00f3s ser promovida a comandante, Kate perguntou ao oficial que estava a substituir como \u00e9 que os fuzileiros daquele grupo se sentiam em rela\u00e7\u00e3o a ela.<\/p>\n<p _d-id=\"53445\">\u201cEle disse que estavam absolutamente transtornados e chateados. N\u00e3o est\u00e3o nada entusiasmados e n\u00e3o querem uma mulher comandante de pelot\u00e3o.\u201d<\/p>\n<p _d-id=\"53447\">&#8220;Foi uma batalha dif\u00edcil desde o in\u00edcio. N\u00e3o era bem-vinda e n\u00e3o me queriam l\u00e1&#8221;, recorda Kate. \u201cTive de me esfor\u00e7ar mais do que o normal, porque havia um olhar muito mais rigoroso sobre mim do que sobre muitos dos meus colegas homens.\u201d<\/p>\n<p> <img loading=\"lazy\" decoding=\"async\" alt=\"\" height=\"533\" src=\"https:\/\/www.europesays.com\/pt\/wp-content\/uploads\/2025\/12\/691f65fcd34e2bd5c6d439bf.webp\" width=\"800\"\/> <\/p>\n<p>   Militares do Ex\u00e9rcito aplaudem a chegada do presidente Donald Trump para discursar em Fort Bragg, perto de Fayetteville, Carolina do Norte, em 10 de junho. Brendan Smialowski\/AFP\/Getty Images <\/p>\n<p>Mudan\u00e7as desmoralizadoras, futuros perigosos <\/p>\n<p _d-id=\"53455\">As opini\u00f5es de Hegseth sobre as mulheres eram bem conhecidas antes de assumir o comando do Pent\u00e1gono. Ele denegriu repetidamente as mulheres em posi\u00e7\u00f5es de lideran\u00e7a militar, por exemplo, chamando Franchetti, a almirante que demitiu no in\u00edcio deste ano, de \u201ccontrata\u00e7\u00e3o DEI [ou seja, por quest\u00f5es de Diversidade, Equidade e Inclus\u00e3o]\u201d no seu livro de 2024 sobre a cultura militar &#8220;The War on Warriors: Behind the Betrayal of the Men Who Keep Us Free&#8221; [&#8220;A Guerra Contra os Guerreiros: Por Tr\u00e1s da Trai\u00e7\u00e3o dos Homens Que Nos Mant\u00eam Livres&#8221;, na tradu\u00e7\u00e3o livre].<\/p>\n<p _d-id=\"53457\">\u201cA integra\u00e7\u00e3o de g\u00e9nero nas for\u00e7as armadas \u00e9 uma grande parte da nossa confus\u00e3o moderna sobre os objetivos da guerra\u201d, escreveu Hegseth, continuando: &#8220;Precisamos de m\u00e3es. Mas n\u00e3o nas for\u00e7as armadas, especialmente em unidades de combate.&#8221;<\/p>\n<p _d-id=\"53459\">Estas opini\u00f5es sobre as mulheres s\u00e3o particularmente populares entre muitos membros da comunidade de opera\u00e7\u00f5es especiais, assumem v\u00e1rias militares.<\/p>\n<p _d-id=\"53461\">\u201cMuitas pessoas das opera\u00e7\u00f5es especiais gostam [de Hegseth] porque ele est\u00e1 a voltar a um lugar onde a resist\u00eancia f\u00edsica \u00e9 a coisa mais importante\u201d, considera a fonte de opera\u00e7\u00f5es especiais da Marinha. &#8220;Mas acho que est\u00e3o a perder a vis\u00e3o geral. N\u00e3o precisam de um SEAL para fazer todas as tarefas.&#8221;<\/p>\n<p _d-id=\"53463\">Mulheres de outros ramos dizem que o ambiente nas for\u00e7as armadas tornou-se mais acolhedor nos \u00faltimos anos, mas muitas questionam agora se as mudan\u00e7as de pol\u00edtica est\u00e3o a inverter essa tend\u00eancia.<\/p>\n<p _d-id=\"53465\">Temem que os coment\u00e1rios e as a\u00e7\u00f5es de Hegseth possam encorajar ainda mais os maus-tratos contra as mulheres por parte dos comandantes de todos os escal\u00f5es.<\/p>\n<p _d-id=\"53466\">Uma mulher, uma oficial experiente da For\u00e7a A\u00e9rea a quem a CNN se refere como Anne, serviu em unidades especializadas e participou em v\u00e1rias miss\u00f5es de combate.<\/p>\n<p _d-id=\"53468\">Anne adora o seu trabalho e orgulha-se do seu servi\u00e7o, mas, ultimamente, a ret\u00f3rica de Hegseth \u201ctem afetado\u201d a forma como se v\u00ea nas for\u00e7as armadas.<\/p>\n<p _d-id=\"53470\">\u00c9 dif\u00edcil n\u00e3o se sentir escrutinada, diz, salientando que \u201cquase todas as mulheres [que conhece] nas for\u00e7as armadas apagaram os seus perfis nas redes sociais\u201d.<\/p>\n<p _d-id=\"53472\">Pequenas mudan\u00e7as claramente dirigidas \u00e0s mulheres tamb\u00e9m est\u00e3o a desmoralizar colegas, indica Anne,\u00a0como as novas normas de apresenta\u00e7\u00e3o pessoal que restringem ainda mais as cores que as mulheres podem usar nas unhas e pro\u00edbem as pestanas falsas.<\/p>\n<p _d-id=\"53474\">\u201cPara as mulheres, arranjar as unhas era apenas uma pequena forma de relaxar e, ainda assim, dentro dos regulamentos, poder ter algo com um aspeto profissional e que as fizesse sentir confiantes\u201d, justifica.<\/p>\n<p> <img loading=\"lazy\" decoding=\"async\" alt=\"\" height=\"533\" src=\"https:\/\/www.europesays.com\/pt\/wp-content\/uploads\/2025\/12\/691f65fbd34e3caad84b81c4.webp\" width=\"800\"\/> <\/p>\n<p>   Uma aspirante a oficial segura o seu chap\u00e9u na cerim\u00f3nia de formatura e comissionamento da Academia Naval dos EUA em 2021. Kevin Dietsch\/Getty Images <\/p>\n<p _d-id=\"53476\">Kate, a oficial do Corpo de Fuzileiros Navais, que \u00e9 negra, diz que os novos regulamentos de apresenta\u00e7\u00e3o pessoal que exigem que as mulheres usem gel para prender os fios de cabelos \u00e0 solta e que todos os homens estejam barbeados visam injustamente as pessoas de cor, especialmente os homens negros, que sofrem desproporcionalmente de uma <a href=\"https:\/\/academic.oup.com\/milmed\/article\/186\/1-2\/e52\/5948064?login=false\" target=\"_blank\" rel=\"nofollow noopener\">doen\u00e7a de pele que causa irrita\u00e7\u00f5es dolorosas e cicatrizes<\/a>\u00a0ap\u00f3s o barbear. Ela e outros questionam a forma como estas novas regras melhoram a prontid\u00e3o das for\u00e7as.<\/p>\n<p _d-id=\"53482\">Anne e outras mulheres militares que falaram com a CNN dizem estar particularmente preocupadas com o facto de as pol\u00edticas que Hegseth prometeu implementar poderem tornar as for\u00e7as armadas um lugar perigoso.<\/p>\n<p _d-id=\"63462\">Hegseth insurgiu-se contra as queixas an\u00f3nimas aos gabinetes de igualdade de oportunidades e de inspe\u00e7\u00e3o geral das for\u00e7as armadas, prometendo eliminar uma ferramenta que permite aos militares e ao pessoal da defesa apresentar queixas, denunciar chefias ou discrimina\u00e7\u00f5es.<\/p>\n<p _d-id=\"63464\">Muitas das mulheres que falaram com a CNN manifestaram a preocupa\u00e7\u00e3o de que as den\u00fancias an\u00f3nimas de agress\u00f5es sexuais pudessem ser afetadas. As queixas an\u00f3nimas de agress\u00e3o sexual &#8211; chamadas de den\u00fancias restritas &#8211; representaram mais de um ter\u00e7o das den\u00fancias de agress\u00e3o sexual nas for\u00e7as armadas em 2024. Segundo v\u00e1rias mulheres, sem um canal para um militar as apresentar, tanto os homens como as mulheres poder\u00e3o optar por n\u00e3o denunciar.<\/p>\n<p _d-id=\"63466\">Embora n\u00e3o seja claro quando ocorrer\u00e1 essa mudan\u00e7a no processo de den\u00fancia, as mulheres que falaram com a CNN alertam que os mecanismos para investiga\u00e7\u00e3o de m\u00e1 conduta dentro das for\u00e7as armadas j\u00e1 t\u00eam falhas e que o novo decreto de Hegseth s\u00f3 piorar\u00e1 a situa\u00e7\u00e3o.<\/p>\n<p _d-id=\"63468\">Segundo Anne, a introdu\u00e7\u00e3o de sistemas de den\u00fancia mais complicados e de mensagens contradit\u00f3rias corre o risco de desencorajar os militares a denunciar agress\u00f5es e ass\u00e9dio sexual.<\/p>\n<p _d-id=\"63470\">\u201cAs mulheres podem pensar que \u2018talvez n\u00e3o seja assim t\u00e3o mau, talvez ningu\u00e9m me leve a s\u00e9rio\u2019\u201d, avisa, referindo-se a poss\u00edveis argumentos para minimizar o que podem ser transgress\u00f5es graves. \u201cTodas essas barreiras voltam, e n\u00f3s lut\u00e1mos muito para nos livrarmos delas.\u201d<\/p>\n<p> <img loading=\"lazy\" decoding=\"async\" alt=\"\" height=\"533\" src=\"https:\/\/www.europesays.com\/pt\/wp-content\/uploads\/2025\/12\/691f65fbd34e2bd5c6d439bd.webp\" width=\"800\"\/> <\/p>\n<p>   Um alto dirigente militar dos EUA ouve o discurso do presidente Donald Trump na Base do Corpo de Fuzileiros Navais de Quantico, em 30 de setembro. Evan Vucci\/AP <\/p>\n<p>&#8220;Quem vai ocupar o meu lugar?&#8221; <\/p>\n<p _d-id=\"63478\">Uma veterana que se tornou civil do Departamento de Defesa e que a CNN identifica como Mary, um pseud\u00f3nimo, diz que ingressar nas for\u00e7as armadas h\u00e1 20 anos foi \u201ca melhor coisa\u201d que alguma vez fez.<\/p>\n<p _d-id=\"63480\">Mas agora, apesar da participa\u00e7\u00e3o da filha adolescente no programa do Corpo de Forma\u00e7\u00e3o de Oficiais da Reserva J\u00fanior, Mary n\u00e3o gostaria que a filha se alistasse.<\/p>\n<p _d-id=\"63482\">\u201cN\u00e3o tenho confian\u00e7a de que haver\u00e1 uma nova era e uma nova gera\u00e7\u00e3o de l\u00edderes a promover uma mudan\u00e7a cultural significativa, onde ela n\u00e3o ser\u00e1 sujeita a sexismo, ass\u00e9dio sexual ou mesmo \u00e0 possibilidade de agress\u00e3o sexual\u201d, pondera Mary.<\/p>\n<p _d-id=\"63484\">Nos \u00faltimos meses, o Pent\u00e1gono tem elogiado o recrutamento de mulheres como um ponto positivo: de acordo com o Departamento de Defesa, cerca de 24.000 mulheres enviadas para o treino b\u00e1sico alistaram-se este ano at\u00e9 agosto &#8211; <a href=\"https:\/\/www.war.gov\/News\/News-Stories\/Article\/Article\/4276400\/this-week-in-dod-more-women-enlisting-drones-dominate-in-hoosier-state-guard-su\/\" target=\"_blank\" rel=\"nofollow noopener\">acima das 16.700 do ano anterior<\/a>. Mas muitas dessas mulheres teriam-se inscrito para servir de seis meses a um ano antes, o que significa que teriam ingressado em 2024, explica Ky Hunter, PhD, veterano do Corpo de Fuzileiros Navais e diretor da organiza\u00e7\u00e3o Veteranos do Iraque e do Afeganist\u00e3o na Am\u00e9rica.<\/p>\n<p _d-id=\"63486\">Isto significa que o impacto das atuais pol\u00edticas e ret\u00f3rica no recrutamento podem n\u00e3o ser totalmente conhecido at\u00e9 ao pr\u00f3ximo ano, acrescenta Hunter.<\/p>\n<p _d-id=\"63488\">V\u00e1rias mulheres no ativo que falaram com a CNN dizem temer que a atual mudan\u00e7a cultural e a ret\u00f3rica vigente possam ter um impacto enorme no recrutamento de jovens mulheres para as for\u00e7as armadas no futuro.<\/p>\n<p _d-id=\"63490\">\u201cAs mulheres v\u00e3o sentir que n\u00e3o t\u00eam mais lugar nas for\u00e7as armadas\u201d, antecipa Hunter.<\/p>\n<p _d-id=\"63492\">A mensagem est\u00e1 \u201ca fazer com que as pessoas se questionem sobre a presen\u00e7a de mulheres nas for\u00e7as armadas\u201d e isso pode come\u00e7ar a manifestar-se na queda do n\u00famero de recrutas nos pr\u00f3ximos seis a 12 meses, antev\u00ea a ex-secret\u00e1ria do Ex\u00e9rcito Christine Wormuth, a primeira mulher a ocupar o cargo.<\/p>\n<p _d-id=\"63494\">Considerando apenas os n\u00fameros, tanto Hunter como Wormuth afirmam que as for\u00e7as armadas precisam de mulheres para funcionar, principalmente porque os EUA se preparam para potenciais conflitos futuros e os pap\u00e9is de combate mudam com o avan\u00e7o da guerra tecnol\u00f3gica.<\/p>\n<p _d-id=\"63496\">Enquanto algumas militares dizem \u00e0 CNN que sentem que as mulheres est\u00e3o a ser afastadas por esta administra\u00e7\u00e3o, outras garantem que se sentem mais compelidas a ficar e a melhorar as coisas.<\/p>\n<p _d-id=\"63498\">\u201cEu luto contra isso\u201d, afirma uma oficial do Ex\u00e9rcito com mais de dez anos de servi\u00e7o. \u201cParte de mim n\u00e3o quer sair, porque se eu sair quem vai ocupar o meu lugar?\u201d<\/p>\n<p _d-id=\"63500\">Para a capit\u00e3 da Marinha cuja cerim\u00f3nia de comando foi cancelada, est\u00e1 agora a terminar inesperadamente uma carreira pioneira na Marinha.<\/p>\n<p _d-id=\"63502\">Isso deixa furioso o seu antigo companheiro de equipa da SEAL Team Six.<\/p>\n<p _d-id=\"63504\">&#8220;\u00c9 uma grande mentira. \u00c9 uma merda&#8221;, lamenta o antigo sargento SEAL.<\/p>\n<p _d-id=\"63506\">Ele votou e apoia Trump, mas diz que as opini\u00f5es pessoais de Hegseth o est\u00e3o a impedir de reter talentos \u00f3bvios \u00e0 custa de alguns dos combatentes de elite das for\u00e7as armadas.<\/p>\n<p _d-id=\"63508\">\u201cPenso que o meu trabalho \u00e9 proteger as mulheres e as crian\u00e7as, mas ocasionalmente h\u00e1 [mulheres] de grande valor por a\u00ed, e devemos aproveitar isso e n\u00e3o nos limitarmos\u201d, defende.<\/p>\n<p _d-id=\"63510\">A fonte das opera\u00e7\u00f5es especiais da Marinha familiarizada com o assunto lamenta que uma das paix\u00f5es da capit\u00e3 tenha sido o recrutamento de mulheres para fun\u00e7\u00f5es de opera\u00e7\u00f5es especiais. Agora, retirar-lhe o comando pode cortar o acesso a outras mulheres militares.<\/p>\n<p _d-id=\"63512\">\u201cIrrita-me porque se trata claramente de algu\u00e9m capaz, que fez coisas extraordin\u00e1rias e que est\u00e1 a ser castigada por causa de &#8211; e detesto ter de o dizer desta forma &#8211; homens fracos.\u201d<\/p>\n<p>*Andrew Seger e Nicky Robertson contribu\u00edram para este artigo<\/p>\n","protected":false},"excerpt":{"rendered":"Estava tudo a postos para que a oficial da Marinha assumisse uma nova fun\u00e7\u00e3o que teria coroado uma&hellip;\n","protected":false},"author":2,"featured_media":171728,"comment_status":"","ping_status":"","sticky":false,"template":"","format":"standard","meta":{"footnotes":""},"categories":[50],"tags":[609,836,611,27,28,607,608,333,832,604,135,610,476,15,16,6293,35946,301,830,14,603,25,26,570,21,22,831,833,35944,62,834,12,13,19,20,835,602,21894,52,32,23,24,35945,17,18,29,30,31,63,64,65],"class_list":{"0":"post-171727","1":"post","2":"type-post","3":"status-publish","4":"format-standard","5":"has-post-thumbnail","7":"category-mundo","8":"tag-alerta","9":"tag-analise","10":"tag-ao-minuto","11":"tag-breaking-news","12":"tag-breakingnews","13":"tag-cnn","14":"tag-cnn-portugal","15":"tag-comentadores","16":"tag-costa","17":"tag-crime","18":"tag-desporto","19":"tag-direto","20":"tag-economia","21":"tag-featured-news","22":"tag-featurednews","23":"tag-forcas-armadas","24":"tag-forcas-especiais","25":"tag-governo","26":"tag-guerra","27":"tag-headlines","28":"tag-justica","29":"tag-latest-news","30":"tag-latestnews","31":"tag-live","32":"tag-main-news","33":"tag-mainnews","34":"tag-mais-vistas","35":"tag-marcelo","36":"tag-mulheres-nas-forcas-armadas","37":"tag-mundo","38":"tag-negocios","39":"tag-news","40":"tag-noticias","41":"tag-noticias-principais","42":"tag-noticiasprincipais","43":"tag-opiniao","44":"tag-pais","45":"tag-pete-hegseth","46":"tag-politica","47":"tag-portugal","48":"tag-principais-noticias","49":"tag-principaisnoticias","50":"tag-seal","51":"tag-top-stories","52":"tag-topstories","53":"tag-ultimas","54":"tag-ultimas-noticias","55":"tag-ultimasnoticias","56":"tag-world","57":"tag-world-news","58":"tag-worldnews"},"share_on_mastodon":{"url":"","error":"Validation failed: Text character limit of 500 exceeded"},"_links":{"self":[{"href":"https:\/\/www.europesays.com\/pt\/wp-json\/wp\/v2\/posts\/171727","targetHints":{"allow":["GET"]}}],"collection":[{"href":"https:\/\/www.europesays.com\/pt\/wp-json\/wp\/v2\/posts"}],"about":[{"href":"https:\/\/www.europesays.com\/pt\/wp-json\/wp\/v2\/types\/post"}],"author":[{"embeddable":true,"href":"https:\/\/www.europesays.com\/pt\/wp-json\/wp\/v2\/users\/2"}],"replies":[{"embeddable":true,"href":"https:\/\/www.europesays.com\/pt\/wp-json\/wp\/v2\/comments?post=171727"}],"version-history":[{"count":0,"href":"https:\/\/www.europesays.com\/pt\/wp-json\/wp\/v2\/posts\/171727\/revisions"}],"wp:featuredmedia":[{"embeddable":true,"href":"https:\/\/www.europesays.com\/pt\/wp-json\/wp\/v2\/media\/171728"}],"wp:attachment":[{"href":"https:\/\/www.europesays.com\/pt\/wp-json\/wp\/v2\/media?parent=171727"}],"wp:term":[{"taxonomy":"category","embeddable":true,"href":"https:\/\/www.europesays.com\/pt\/wp-json\/wp\/v2\/categories?post=171727"},{"taxonomy":"post_tag","embeddable":true,"href":"https:\/\/www.europesays.com\/pt\/wp-json\/wp\/v2\/tags?post=171727"}],"curies":[{"name":"wp","href":"https:\/\/api.w.org\/{rel}","templated":true}]}}