{"id":171733,"date":"2025-12-01T12:38:44","date_gmt":"2025-12-01T12:38:44","guid":{"rendered":"https:\/\/www.europesays.com\/pt\/171733\/"},"modified":"2025-12-01T12:38:44","modified_gmt":"2025-12-01T12:38:44","slug":"completando-52-anos-neste-domingo-angelica-surge-de-topless-em-viagem-aos-lencois-maranhenses-com-luciano-huck-lugar-magico","status":"publish","type":"post","link":"https:\/\/www.europesays.com\/pt\/171733\/","title":{"rendered":"Completando 52 anos neste domingo, Ang\u00e9lica surge de topless em viagem aos Len\u00e7\u00f3is Maranhenses com Luciano Huck: &#8216;Lugar m\u00e1gico&#8217;"},"content":{"rendered":"\n<p class=\" content-text__container \" data-track-category=\"Link no Texto\" data-track-links=\"\"> Na legenda, ela escreveu: &#8220;Obrigada, obrigada! Dias felizes celebrando a vida, enquanto a natureza me presenteia com paz, beleza e alegria. Atins\u2026 Que lugar m\u00e1gico, cheio de energia boa e seu povo t\u00e3o amoroso. Obrigada, Len\u00e7\u00f3is Maranhenses, e a todos que fizeram esses dias do meu anivers\u00e1rio t\u00e3o especiais. E, principalmente, ao meu amor, Luciano Huck.&#8221; <\/p>\n<p class=\" content-text__container \" data-track-category=\"Link no Texto\" data-track-links=\"\"> Confira as fotos na galeria abaixo: <\/p>\n<p class=\" content-text__container \" data-track-category=\"Link no Texto\" data-track-links=\"\"> Relembre tamb\u00e9m a trajet\u00f3ria da apresentadora, que atualmente comanda o &#8220;Ang\u00e9lica ao vivo&#8221;, no <a class=\"\" href=\"https:\/\/oglobo.globo.com\/tudo-sobre\/canal\/gnt\/\" rel=\"nofollow noopener\" target=\"_blank\">GNT <\/a>. <\/p>\n","protected":false},"excerpt":{"rendered":"Na legenda, ela escreveu: &#8220;Obrigada, obrigada! Dias felizes celebrando a vida, enquanto a natureza me presenteia com paz,&hellip;\n","protected":false},"author":2,"featured_media":171734,"comment_status":"","ping_status":"","sticky":false,"template":"","format":"standard","meta":{"footnotes":""},"categories":[145],"tags":[13885,8312,3539,35947,211,210,114,115,4346,2815,32,33,679],"class_list":{"0":"post-171733","1":"post","2":"type-post","3":"status-publish","4":"format-standard","5":"has-post-thumbnail","7":"category-celebridades","8":"tag-angelica","9":"tag-apresentador-de-tv","10":"tag-apresentadora","11":"tag-canal-de-televisao-por-assinatura-criado-em-novembro-de-1991","12":"tag-celebridades","13":"tag-celebrities","14":"tag-entertainment","15":"tag-entretenimento","16":"tag-gnt","17":"tag-luciano-huck","18":"tag-portugal","19":"tag-pt","20":"tag-reportagem"},"share_on_mastodon":{"url":"https:\/\/pubeurope.com\/@pt\/115644355485506380","error":""},"_links":{"self":[{"href":"https:\/\/www.europesays.com\/pt\/wp-json\/wp\/v2\/posts\/171733","targetHints":{"allow":["GET"]}}],"collection":[{"href":"https:\/\/www.europesays.com\/pt\/wp-json\/wp\/v2\/posts"}],"about":[{"href":"https:\/\/www.europesays.com\/pt\/wp-json\/wp\/v2\/types\/post"}],"author":[{"embeddable":true,"href":"https:\/\/www.europesays.com\/pt\/wp-json\/wp\/v2\/users\/2"}],"replies":[{"embeddable":true,"href":"https:\/\/www.europesays.com\/pt\/wp-json\/wp\/v2\/comments?post=171733"}],"version-history":[{"count":0,"href":"https:\/\/www.europesays.com\/pt\/wp-json\/wp\/v2\/posts\/171733\/revisions"}],"wp:featuredmedia":[{"embeddable":true,"href":"https:\/\/www.europesays.com\/pt\/wp-json\/wp\/v2\/media\/171734"}],"wp:attachment":[{"href":"https:\/\/www.europesays.com\/pt\/wp-json\/wp\/v2\/media?parent=171733"}],"wp:term":[{"taxonomy":"category","embeddable":true,"href":"https:\/\/www.europesays.com\/pt\/wp-json\/wp\/v2\/categories?post=171733"},{"taxonomy":"post_tag","embeddable":true,"href":"https:\/\/www.europesays.com\/pt\/wp-json\/wp\/v2\/tags?post=171733"}],"curies":[{"name":"wp","href":"https:\/\/api.w.org\/{rel}","templated":true}]}}