{"id":171735,"date":"2025-12-01T12:39:27","date_gmt":"2025-12-01T12:39:27","guid":{"rendered":"https:\/\/www.europesays.com\/pt\/171735\/"},"modified":"2025-12-01T12:39:27","modified_gmt":"2025-12-01T12:39:27","slug":"restauro-casa-do-sol-hilda-hilst-tapera-arquitetura-e-patrimonio-cultural","status":"publish","type":"post","link":"https:\/\/www.europesays.com\/pt\/171735\/","title":{"rendered":"Restauro Casa do Sol (Hilda Hilst) \/ Tapera Arquitetura e Patrim\u00f4nio Cultural"},"content":{"rendered":"<p><a class=\"js-image-size__link \" href=\"https:\/\/www.archdaily.com.br\/br\/1036378\/restauro-casa-do-sol-hilda-hilst-tapera-arquitetura-e-patrimonio-cultural\/6927211bb3ce930189d9b1d4-restauro-casa-do-sol-hilda-hilst-tapera-arquitetura-e-patrimonio-cultural-foto\" rel=\"attachment nofollow noopener\" style=\"width: 100%; height: 100%;\" target=\"_blank\"><img decoding=\"async\" alt=\"Restauro Casa do Sol (Hilda Hilst) \/ Tapera Arquitetura e Patrim\u00f4nio Cultural - Imagem 1 de 34\" data-nr-picture-id=\"6927211bb3ce930189d9b1d4\" fetchpriority=\"high\" height=\"426\" itemprop=\"image\" loading=\"eager\" longdesc=\"https:\/\/www.archdaily.com.br\/br\/1036378\/restauro-casa-do-sol-hilda-hilst-tapera-arquitetura-e-patrimonio-cultural\/6927211bb3ce930189d9b1d4-restauro-casa-do-sol-hilda-hilst-tapera-arquitetura-e-patrimonio-cultural-foto\" src=\"https:\/\/www.europesays.com\/pt\/wp-content\/uploads\/2025\/12\/restauro-casa-do-sol-hilda-hilst-tapera-arquitetura-e-patrimonio-cultural_8.jpg\" style=\"min-height: var(--featured-height, auto); aspect-ratio: auto 640 \/ 426\" width=\"640\"\/><\/a>\u00a9 Peter Hertel<\/p>\n<p class=\"thumbs afd-desktop-e clearfix\"><a class=\"thumbs__link\" data-nr-picture-id=\"6927211cb3ce931202ce0e56\" href=\"https:\/\/www.archdaily.com.br\/br\/1036378\/restauro-casa-do-sol-hilda-hilst-tapera-arquitetura-e-patrimonio-cultural\/6927211cb3ce931202ce0e56-restauro-casa-do-sol-hilda-hilst-tapera-arquitetura-e-patrimonio-cultural-foto\" rel=\"attachment nofollow noopener\" target=\"_blank\"><img loading=\"lazy\" decoding=\"async\" alt=\"Restauro Casa do Sol (Hilda Hilst) \/ Tapera Arquitetura e Patrim\u00f4nio Cultural - Fotografia de Exterior, Porta, Jardim, Aido\" class=\"thumbs__img b-lazy\" data-nr-picture-id=\"6927211cb3ce931202ce0e56\" data-pin-nopin=\"true\" src=\"https:\/\/www.europesays.com\/pt\/wp-content\/uploads\/2025\/12\/restauro-casa-do-sol-hilda-hilst-tapera-arquitetura-e-patrimonio-cultural_10.jpg\" height=\"125\" longdesc=\"https:\/\/www.archdaily.com.br\/br\/1036378\/restauro-casa-do-sol-hilda-hilst-tapera-arquitetura-e-patrimonio-cultural\/6927211cb3ce931202ce0e56-restauro-casa-do-sol-hilda-hilst-tapera-arquitetura-e-patrimonio-cultural-foto\" title=\"\u00a9 Peter Hertel\" width=\"125\"\/><\/a><a class=\"thumbs__link\" data-nr-picture-id=\"6927211cb3ce930189d9b1d5\" href=\"https:\/\/www.archdaily.com.br\/br\/1036378\/restauro-casa-do-sol-hilda-hilst-tapera-arquitetura-e-patrimonio-cultural\/6927211cb3ce930189d9b1d5-restauro-casa-do-sol-hilda-hilst-tapera-arquitetura-e-patrimonio-cultural-foto\" rel=\"attachment nofollow noopener\" target=\"_blank\"><img loading=\"lazy\" decoding=\"async\" alt=\"Restauro Casa do Sol (Hilda Hilst) \/ Tapera Arquitetura e Patrim\u00f4nio Cultural - Fotografia de Interiores, Pilar, Porta, Arcada\" class=\"thumbs__img b-lazy\" data-nr-picture-id=\"6927211cb3ce930189d9b1d5\" data-pin-nopin=\"true\" src=\"https:\/\/www.europesays.com\/pt\/wp-content\/uploads\/2025\/12\/restauro-casa-do-sol-hilda-hilst-tapera-arquitetura-e-patrimonio-cultural_5.jpg\" height=\"125\" longdesc=\"https:\/\/www.archdaily.com.br\/br\/1036378\/restauro-casa-do-sol-hilda-hilst-tapera-arquitetura-e-patrimonio-cultural\/6927211cb3ce930189d9b1d5-restauro-casa-do-sol-hilda-hilst-tapera-arquitetura-e-patrimonio-cultural-foto\" title=\"\u00a9 Peter Hertel\" width=\"125\"\/><\/a><a class=\"thumbs__link\" data-nr-picture-id=\"6927211cb3ce93123cce0e55\" href=\"https:\/\/www.archdaily.com.br\/br\/1036378\/restauro-casa-do-sol-hilda-hilst-tapera-arquitetura-e-patrimonio-cultural\/6927211cb3ce93123cce0e55-restauro-casa-do-sol-hilda-hilst-tapera-arquitetura-e-patrimonio-cultural-foto\" rel=\"attachment nofollow noopener\" target=\"_blank\"><img loading=\"lazy\" decoding=\"async\" alt=\"Restauro Casa do Sol (Hilda Hilst) \/ Tapera Arquitetura e Patrim\u00f4nio Cultural - Imagem 4 de 34\" class=\"thumbs__img b-lazy\" data-nr-picture-id=\"6927211cb3ce93123cce0e55\" data-pin-nopin=\"true\" src=\"https:\/\/www.europesays.com\/pt\/wp-content\/uploads\/2025\/12\/restauro-casa-do-sol-hilda-hilst-tapera-arquitetura-e-patrimonio-cultural_7.jpg\" height=\"125\" longdesc=\"https:\/\/www.archdaily.com.br\/br\/1036378\/restauro-casa-do-sol-hilda-hilst-tapera-arquitetura-e-patrimonio-cultural\/6927211cb3ce93123cce0e55-restauro-casa-do-sol-hilda-hilst-tapera-arquitetura-e-patrimonio-cultural-foto\" title=\"\u00a9 Peter Hertel\" width=\"125\"\/><\/a><a class=\"thumbs__link\" data-nr-picture-id=\"6927211b8b787f018b032de8\" href=\"https:\/\/www.archdaily.com.br\/br\/1036378\/restauro-casa-do-sol-hilda-hilst-tapera-arquitetura-e-patrimonio-cultural\/6927211b8b787f018b032de8-restauro-casa-do-sol-hilda-hilst-tapera-arquitetura-e-patrimonio-cultural-foto\" rel=\"attachment nofollow noopener\" target=\"_blank\"><img loading=\"lazy\" decoding=\"async\" alt=\"Restauro Casa do Sol (Hilda Hilst) \/ Tapera Arquitetura e Patrim\u00f4nio Cultural - Imagem 5 de 34\" class=\"thumbs__img b-lazy\" data-nr-picture-id=\"6927211b8b787f018b032de8\" data-pin-nopin=\"true\" src=\"https:\/\/www.europesays.com\/pt\/wp-content\/uploads\/2025\/12\/restauro-casa-do-sol-hilda-hilst-tapera-arquitetura-e-patrimonio-cultural_3.jpg\" height=\"125\" longdesc=\"https:\/\/www.archdaily.com.br\/br\/1036378\/restauro-casa-do-sol-hilda-hilst-tapera-arquitetura-e-patrimonio-cultural\/6927211b8b787f018b032de8-restauro-casa-do-sol-hilda-hilst-tapera-arquitetura-e-patrimonio-cultural-foto\" title=\"\u00a9 Peter Hertel\" width=\"125\"\/><\/a><a class=\"gallery-link afd-desktop-e\" href=\"https:\/\/www.archdaily.com.br\/br\/1036378\/restauro-casa-do-sol-hilda-hilst-tapera-arquitetura-e-patrimonio-cultural\/6927211bb3ce930189d9b1d4-restauro-casa-do-sol-hilda-hilst-tapera-arquitetura-e-patrimonio-cultural-foto\" rel=\"nofollow noopener\" target=\"_blank\"><img decoding=\"async\" alt=\"Restauro Casa do Sol (Hilda Hilst) \/ Tapera Arquitetura e Patrim\u00f4nio Cultural - Mais Imagens\" class=\"thumbs__img b-lazy\" src=\"https:\/\/www.europesays.com\/pt\/wp-content\/uploads\/2025\/12\/restauro-casa-do-sol-hilda-hilst-tapera-arquitetura-e-patrimonio-cultural_8.jpg\" itemprop=\"image\" bad-src=\"data:image\/gif;base64,R0lGODlhAQABAIAAAAUEBAAAACwAAAAAAQABAAACAkQBADs=\"\/>+ 29<\/a><\/p>\n<p>    Compartilhar<\/p>\n<p>Compartilhar<\/p>\n<ul class=\"afd-share__networks clearfix\">\n<li class=\"afd-share__social\"><a aria-label=\"Facebook\" class=\"afd-share__button\" data-insights-category=\"share\" data-insights-label=\"facebook_sharing_options\" data-insights-value=\"1036378\" data-social=\"facebook\" href=\"https:\/\/www.facebook.com\/sharer\/sharer.php?u=https:\/\/www.archdaily.com.br\/br\/1036378\/restauro-casa-do-sol-hilda-hilst-tapera-arquitetura-e-patrimonio-cultural\" rel=\"nofollow noopener\" target=\"_blank\"><\/a>\n<p>Facebook<\/p>\n<\/li>\n<li class=\"afd-share__social\"><a aria-label=\"Twitter\" class=\"afd-share__button\" data-insights-category=\"share\" data-insights-label=\"twitter_sharing_options\" data-insights-value=\"1036378\" data-social=\"twitter\" href=\"https:\/\/twitter.com\/intent\/tweet?text=Restauro%20Casa%20do%20Sol%20%28Hilda%20Hilst%29%20%2F%20Tapera%20Arquitetura%20e%20Patrim%C3%B4nio%20Cultural&amp;url=https:\/\/www.archdaily.com.br\/br\/1036378\/restauro-casa-do-sol-hilda-hilst-tapera-arquitetura-e-patrimonio-cultural&amp;via=archdailybr\" rel=\"nofollow noopener\" target=\"_blank\"><\/a>\n<p>Twitter<\/p>\n<\/li>\n<li class=\"afd-share__social\"><a class=\"afd-share__button\" data-insights-category=\"share\" data-insights-label=\"email_sharing_options\" data-insights-value=\"1036378\" data-social=\"email\" href=\"mailto:?subject=Restauro Casa do Sol (Hilda Hilst) \/ Tapera Arquitetura e Patrim\u00f4nio Cultural&amp;body=https:\/\/www.archdaily.com.br\/br\/1036378\/restauro-casa-do-sol-hilda-hilst-tapera-arquitetura-e-patrimonio-cultural\"><\/a>\n<p>Mail<\/p>\n<\/li>\n<li class=\"afd-share__social\"><a aria-label=\"Pinterest\" class=\"afd-share__button\" data-insights-category=\"share\" data-insights-label=\"pinterest_sharing_options\" data-insights-value=\"1036378\" data-social=\"pinterest\" href=\"https:\/\/pinterest.com\/pin\/create\/button\/?url=https%3A%2F%2Fwww.archdaily.com.br%2Fbr%2F1036378%2Frestauro-casa-do-sol-hilda-hilst-tapera-arquitetura-e-patrimonio-cultural&amp;media=https%3A%2F%2Fimages.adsttc.com%2Fmedia%2Fimages%2F6927%2F211b%2Fb3ce%2F9301%2F89d9%2Fb1d4%2Flarge_jpg%2Frestauro-casa-do-sol-hilda-hilst-tapera-arquitetura-e-patrimonio-cultural_8.jpg%3F1764172075&amp;description=Restauro%20Casa%20do%20Sol%20%28Hilda%20Hilst%29%20%2F%20Tapera%20Arquitetura%20e%20Patrim%C3%B4nio%20Cultural\" rel=\"nofollow noopener\" target=\"_blank\"><\/a>\n<p>Pinterest<\/p>\n<\/li>\n<li class=\"afd-share__social\"><a aria-label=\"Whatsapp\" class=\"afd-share__button\" data-action=\"share\/whatsapp\/share\" data-insights-category=\"share\" data-insights-label=\"whatsapp_sharing_options\" data-insights-value=\"1036378\" data-social=\"whatsapp\" href=\"whatsapp:\/\/send?text=Restauro+Casa+do+Sol+%28Hilda+Hilst%29+%2F+Tapera+Arquitetura+e+Patrim%C3%B4nio+Cultural+%7C+https%3A%2F%2Fwww.archdaily.com.br%2Fbr%2F1036378%2Frestauro-casa-do-sol-hilda-hilst-tapera-arquitetura-e-patrimonio-cultural%3Futm_source%3DWhatsapp%26utm_medium%3DIM%26utm_campaign%3Dshare-button\" rel=\"nofollow\"><\/a>\n<p>Whatsapp<\/p>\n<\/li>\n<\/ul>\n<p>Ou<\/p>\n<p>https:\/\/www.archdaily.com.br\/br\/1036378\/restauro-casa-do-sol-hilda-hilst-tapera-arquitetura-e-patrimonio-cultural<br \/>\n<a class=\"js-image-size__link lazy-anchor\" href=\"https:\/\/www.archdaily.com.br\/br\/1036378\/restauro-casa-do-sol-hilda-hilst-tapera-arquitetura-e-patrimonio-cultural\/6927211c8b787f018b032dea-restauro-casa-do-sol-hilda-hilst-tapera-arquitetura-e-patrimonio-cultural-foto\" rel=\"nofollow noopener\" target=\"_blank\"><img decoding=\"async\" alt=\"Restauro Casa do Sol (Hilda Hilst) \/ Tapera Arquitetura e Patrim\u00f4nio Cultural - Imagem 7 de 34\" data-nr-picture-id=\"6927211c8b787f018b032dea\" height=\"427\" itemprop=\"image\" loading=\"lazy\" longdesc=\"https:\/\/www.archdaily.com.br\/br\/1036378\/restauro-casa-do-sol-hilda-hilst-tapera-arquitetura-e-patrimonio-cultural\/6927211c8b787f018b032dea-restauro-casa-do-sol-hilda-hilst-tapera-arquitetura-e-patrimonio-cultural-foto\" src=\"https:\/\/www.europesays.com\/pt\/wp-content\/uploads\/2025\/12\/restauro-casa-do-sol-hilda-hilst-tapera-arquitetura-e-patrimonio-cultural_14.jpg\" width=\"640\"\/>\u00a9 Peter Hertel<\/a><\/p>\n<p>Descri\u00e7\u00e3o enviada pela equipe de projeto. Conhecida como Casa do Sol, a resid\u00eancia de Hilda Hilst foi constru\u00edda nos anos de 1960 para abrigar sua vida de escrita e cria\u00e7\u00e3o art\u00edstica. Entre 2023 e 2025 o im\u00f3vel passou pela primeira vez por um processo completo de restauro. A interven\u00e7\u00e3o atualizou a infraestrutura da casa, conservou caracter\u00edsticas originais e ampliou sua capacidade de acolher resid\u00eancias art\u00edsticas e a\u00e7\u00f5es culturais promovidas pelo Instituto Hilda Hilst. Viabilizado por meio da Transfer\u00eancia do Direito de Construir (TDC) \u2014pol\u00edtica p\u00fablica de preserva\u00e7\u00e3o que permite a venda do potencial construtivo de im\u00f3veis tombados\u2014 o restauro da Casa do Sol foi um dos primeiros casos em Campinas de aplica\u00e7\u00e3o dessa legisla\u00e7\u00e3o.\u00a0<\/p>\n<p><a class=\"js-image-size__link lazy-anchor\" href=\"https:\/\/www.archdaily.com.br\/br\/1036378\/restauro-casa-do-sol-hilda-hilst-tapera-arquitetura-e-patrimonio-cultural\/6927211b8b787f018b032de8-restauro-casa-do-sol-hilda-hilst-tapera-arquitetura-e-patrimonio-cultural-foto\" rel=\"nofollow noopener\" target=\"_blank\"><img decoding=\"async\" alt=\"Restauro Casa do Sol (Hilda Hilst) \/ Tapera Arquitetura e Patrim\u00f4nio Cultural - Imagem 5 de 34\" data-nr-picture-id=\"6927211b8b787f018b032de8\" height=\"427\" itemprop=\"image\" loading=\"lazy\" longdesc=\"https:\/\/www.archdaily.com.br\/br\/1036378\/restauro-casa-do-sol-hilda-hilst-tapera-arquitetura-e-patrimonio-cultural\/6927211b8b787f018b032de8-restauro-casa-do-sol-hilda-hilst-tapera-arquitetura-e-patrimonio-cultural-foto\" src=\"https:\/\/www.europesays.com\/pt\/wp-content\/uploads\/2025\/12\/1764592758_308_restauro-casa-do-sol-hilda-hilst-tapera-arquitetura-e-patrimonio-cultural_3.jpg\" width=\"640\"\/>\u00a9 Peter Hertel<\/a><\/p>\n<p>Aos 34 anos, Hilda Hilst come\u00e7ou a construir um espa\u00e7o onde pudesse se dedicar integralmente a sua obra liter\u00e1ria. Em 1964, ergueu a Casa do Sol, em uma parte da antiga fazenda de sua m\u00e3e, Bedecilda, \u00e0s margens da estrada Mogi Mirim-Campinas. Tombado como patrim\u00f4nio hist\u00f3rico municipal em 2014, o local se tornou, logo ap\u00f3s a morte da escritora em 2004, tamb\u00e9m sede do Instituto Hilda Hilst, respons\u00e1vel por preservar o acervo bibliogr\u00e1fico da autora, organizar resid\u00eancias art\u00edsticas e promover atividades culturais. A institui\u00e7\u00e3o \u00e9 comandada por Daniel Fuentes, filho de Olga Bilenky, grande amiga de Hilda e moradora da casa desde 1975.<\/p>\n<p><a class=\"js-image-size__link lazy-anchor\" href=\"https:\/\/www.archdaily.com.br\/br\/1036378\/restauro-casa-do-sol-hilda-hilst-tapera-arquitetura-e-patrimonio-cultural\/6927211c8b787f018b032de9-restauro-casa-do-sol-hilda-hilst-tapera-arquitetura-e-patrimonio-cultural-foto\" rel=\"nofollow noopener\" target=\"_blank\"><img decoding=\"async\" alt=\"Restauro Casa do Sol (Hilda Hilst) \/ Tapera Arquitetura e Patrim\u00f4nio Cultural - Imagem 10 de 34\" data-nr-picture-id=\"6927211c8b787f018b032de9\" height=\"427\" itemprop=\"image\" loading=\"lazy\" longdesc=\"https:\/\/www.archdaily.com.br\/br\/1036378\/restauro-casa-do-sol-hilda-hilst-tapera-arquitetura-e-patrimonio-cultural\/6927211c8b787f018b032de9-restauro-casa-do-sol-hilda-hilst-tapera-arquitetura-e-patrimonio-cultural-foto\" src=\"https:\/\/www.europesays.com\/pt\/wp-content\/uploads\/2025\/12\/restauro-casa-do-sol-hilda-hilst-tapera-arquitetura-e-patrimonio-cultural_2.jpg\" width=\"640\"\/>\u00a9 Peter Hertel<\/a><a class=\"js-image-size__link lazy-anchor\" href=\"https:\/\/www.archdaily.com.br\/br\/1036378\/restauro-casa-do-sol-hilda-hilst-tapera-arquitetura-e-patrimonio-cultural\/6927211b8b787f0fa050dfd4-restauro-casa-do-sol-hilda-hilst-tapera-arquitetura-e-patrimonio-cultural-foto\" rel=\"nofollow noopener\" target=\"_blank\"><img decoding=\"async\" alt=\"Restauro Casa do Sol (Hilda Hilst) \/ Tapera Arquitetura e Patrim\u00f4nio Cultural - Fotografia de Interiores, Pilar\" data-nr-picture-id=\"6927211b8b787f0fa050dfd4\" height=\"427\" itemprop=\"image\" loading=\"lazy\" longdesc=\"https:\/\/www.archdaily.com.br\/br\/1036378\/restauro-casa-do-sol-hilda-hilst-tapera-arquitetura-e-patrimonio-cultural\/6927211b8b787f0fa050dfd4-restauro-casa-do-sol-hilda-hilst-tapera-arquitetura-e-patrimonio-cultural-foto\" src=\"https:\/\/www.europesays.com\/pt\/wp-content\/uploads\/2025\/12\/restauro-casa-do-sol-hilda-hilst-tapera-arquitetura-e-patrimonio-cultural_1.jpg\" width=\"640\"\/>\u00a9 Peter Hertel<\/a><\/p>\n<p>O projeto de restauro teve como foco um di\u00e1logo com os m\u00faltiplos valores presentes na casa: hist\u00f3rico, paisag\u00edstico, arquitet\u00f4nico, de ru\u00edna e de uso atual como centro cultural, mas tamb\u00e9m como moradia de Olga Bilenky. Toda a infraestrutura el\u00e9trica e hidr\u00e1ulica foi refeita, assim como forros e telhados. O jardim ganhou caminhos acess\u00edveis conectando as edifica\u00e7\u00f5es dentro do lote. As esp\u00e9cies arb\u00f3reas que comp\u00f5em a \u00e1rea verde passaram por cataloga\u00e7\u00e3o e receberam poda e tratamento.\u00a0<\/p>\n<p><a class=\"js-image-size__link lazy-anchor\" href=\"https:\/\/www.archdaily.com.br\/br\/1036378\/restauro-casa-do-sol-hilda-hilst-tapera-arquitetura-e-patrimonio-cultural\/6927211c8b787f0fa050dfd6-restauro-casa-do-sol-hilda-hilst-tapera-arquitetura-e-patrimonio-cultural-foto\" rel=\"nofollow noopener\" target=\"_blank\"><img decoding=\"async\" alt=\"Restauro Casa do Sol (Hilda Hilst) \/ Tapera Arquitetura e Patrim\u00f4nio Cultural - Fotografia de Exterior, Porta, Jardim, Aido\" data-nr-picture-id=\"6927211c8b787f0fa050dfd6\" height=\"427\" itemprop=\"image\" loading=\"lazy\" longdesc=\"https:\/\/www.archdaily.com.br\/br\/1036378\/restauro-casa-do-sol-hilda-hilst-tapera-arquitetura-e-patrimonio-cultural\/6927211c8b787f0fa050dfd6-restauro-casa-do-sol-hilda-hilst-tapera-arquitetura-e-patrimonio-cultural-foto\" src=\"https:\/\/www.europesays.com\/pt\/wp-content\/uploads\/2025\/12\/restauro-casa-do-sol-hilda-hilst-tapera-arquitetura-e-patrimonio-cultural_11.jpg\" width=\"640\"\/>\u00a9 Peter Hertel<\/a><\/p>\n<p>Aumentar a conex\u00e3o entre os espa\u00e7os da casa foi uma das ideias centrais da interven\u00e7\u00e3o. O projeto criou uma passagem pela ed\u00edcula, o que permitiu completar o eixo de circula\u00e7\u00e3o central. Agora ele percorre todo o terreno: a partir do jardim para onde d\u00e1 a sala de estar, esse eixo atravessa a casa, seu p\u00e1tio central e cruza a ed\u00edcula, para terminar no novo jardim com ru\u00ednas do canil, em dire\u00e7\u00e3o ao acesso original, encerrado por um antigo e ornamentado port\u00e3o de metal.<\/p>\n<p><a class=\"js-image-size__link lazy-anchor\" href=\"https:\/\/www.archdaily.com.br\/br\/1036378\/restauro-casa-do-sol-hilda-hilst-tapera-arquitetura-e-patrimonio-cultural\/692720eab3ce930189d9b1d2-restauro-casa-do-sol-hilda-hilst-tapera-arquitetura-e-patrimonio-cultural-plantas\" rel=\"nofollow noopener\" target=\"_blank\"><img decoding=\"async\" alt=\"Restauro Casa do Sol (Hilda Hilst) \/ Tapera Arquitetura e Patrim\u00f4nio Cultural - Imagem 30 de 34\" data-nr-picture-id=\"692720eab3ce930189d9b1d2\" height=\"427\" itemprop=\"image\" loading=\"lazy\" longdesc=\"https:\/\/www.archdaily.com.br\/br\/1036378\/restauro-casa-do-sol-hilda-hilst-tapera-arquitetura-e-patrimonio-cultural\/692720eab3ce930189d9b1d2-restauro-casa-do-sol-hilda-hilst-tapera-arquitetura-e-patrimonio-cultural-plantas\" src=\"https:\/\/www.europesays.com\/pt\/wp-content\/uploads\/2025\/12\/tpr-074-arq-flh-pe-edicula-5301-r05-page-0001-7.jpg\" width=\"640\"\/>Plantas<\/a><a class=\"js-image-size__link lazy-anchor\" href=\"https:\/\/www.archdaily.com.br\/br\/1036378\/restauro-casa-do-sol-hilda-hilst-tapera-arquitetura-e-patrimonio-cultural\/692720ea8b787f018b032de4-restauro-casa-do-sol-hilda-hilst-tapera-arquitetura-e-patrimonio-cultural-vista\" rel=\"nofollow noopener\" target=\"_blank\"><img decoding=\"async\" alt=\"Restauro Casa do Sol (Hilda Hilst) \/ Tapera Arquitetura e Patrim\u00f4nio Cultural - Imagem 33 de 34\" data-nr-picture-id=\"692720ea8b787f018b032de4\" height=\"427\" itemprop=\"image\" loading=\"lazy\" longdesc=\"https:\/\/www.archdaily.com.br\/br\/1036378\/restauro-casa-do-sol-hilda-hilst-tapera-arquitetura-e-patrimonio-cultural\/692720ea8b787f018b032de4-restauro-casa-do-sol-hilda-hilst-tapera-arquitetura-e-patrimonio-cultural-vista\" src=\"https:\/\/www.europesays.com\/pt\/wp-content\/uploads\/2025\/12\/tpr-074-arq-flh-md-cs-r00-3104-page-0001-3.jpg\" width=\"640\"\/>Vista<\/a><\/p>\n<p>A ed\u00edcula, que era uma constru\u00e7\u00e3o relativamente segregada da casa, com portas e janelas que se voltavam para os canis, recebeu interven\u00e7\u00f5es maiores. Foi reconfigurada para se abrir para o jardim e para a casa, em vez de se voltar para os fundos, e recebeu outras melhorias: cozinha nova, su\u00edte com acessibilidade, bar para eventos e varandas.<\/p>\n<p><a class=\"js-image-size__link lazy-anchor\" href=\"https:\/\/www.archdaily.com.br\/br\/1036378\/restauro-casa-do-sol-hilda-hilst-tapera-arquitetura-e-patrimonio-cultural\/6927211cb3ce93123cce0e55-restauro-casa-do-sol-hilda-hilst-tapera-arquitetura-e-patrimonio-cultural-foto\" rel=\"nofollow noopener\" target=\"_blank\"><img decoding=\"async\" alt=\"Restauro Casa do Sol (Hilda Hilst) \/ Tapera Arquitetura e Patrim\u00f4nio Cultural - Imagem 4 de 34\" data-nr-picture-id=\"6927211cb3ce93123cce0e55\" height=\"427\" itemprop=\"image\" loading=\"lazy\" longdesc=\"https:\/\/www.archdaily.com.br\/br\/1036378\/restauro-casa-do-sol-hilda-hilst-tapera-arquitetura-e-patrimonio-cultural\/6927211cb3ce93123cce0e55-restauro-casa-do-sol-hilda-hilst-tapera-arquitetura-e-patrimonio-cultural-foto\" src=\"https:\/\/www.europesays.com\/pt\/wp-content\/uploads\/2025\/12\/1764592763_413_restauro-casa-do-sol-hilda-hilst-tapera-arquitetura-e-patrimonio-cultural_7.jpg\" width=\"640\"\/>\u00a9 Peter Hertel<\/a><\/p>\n<p>A casa principal foi restaurada com foco mais conservativo, respeitando estrutura e materiais originais. Portas, volumetria original, elementos de conviv\u00eancia no p\u00e1tio interno e as janelas abertas para o jardim foram conservadas e valorizadas no projeto. O restauro removeu muros que existiam dentro do terreno, como o do fechamento da lavanderia e os de divis\u00e3o dos antigos canis, para refor\u00e7ar os eixos de circula\u00e7\u00e3o e ampliar as visuais. A demoli\u00e7\u00e3o do muro da lavanderia recuperou as vistas das janelas de dois quartos, que d\u00e3o para o p\u00f4r do sol. Com isso tamb\u00e9m foi poss\u00edvel criar um novo espa\u00e7o de frui\u00e7\u00e3o em frente aos quartos, a partir do prolongamento de uma varanda existente, uma das poucas estruturas constru\u00eddas durante o restauro.<\/p>\n<p><a class=\"js-image-size__link lazy-anchor\" href=\"https:\/\/www.archdaily.com.br\/br\/1036378\/restauro-casa-do-sol-hilda-hilst-tapera-arquitetura-e-patrimonio-cultural\/692721278b787f018b032dee-restauro-casa-do-sol-hilda-hilst-tapera-arquitetura-e-patrimonio-cultural-foto\" rel=\"nofollow noopener\" target=\"_blank\"><img decoding=\"async\" alt=\"Restauro Casa do Sol (Hilda Hilst) \/ Tapera Arquitetura e Patrim\u00f4nio Cultural - Imagem 15 de 34\" data-nr-picture-id=\"692721278b787f018b032dee\" height=\"427\" itemprop=\"image\" loading=\"lazy\" longdesc=\"https:\/\/www.archdaily.com.br\/br\/1036378\/restauro-casa-do-sol-hilda-hilst-tapera-arquitetura-e-patrimonio-cultural\/692721278b787f018b032dee-restauro-casa-do-sol-hilda-hilst-tapera-arquitetura-e-patrimonio-cultural-foto\" src=\"https:\/\/www.europesays.com\/pt\/wp-content\/uploads\/2025\/12\/1764592764_386_restauro-casa-do-sol-hilda-hilst-tapera-arquitetura-e-patrimonio-cultural_8.jpg\" width=\"640\"\/>\u00a9 Karime Xavier<\/a><\/p>\n<p>O quarto de Hilda, espa\u00e7o de evidente carga simb\u00f3lica e onde hoje fica seu acervo bibliogr\u00e1fico, foi integrado ao quarto ao lado, espa\u00e7o que primeiro abrigou a biblioteca da escritora. Essa interven\u00e7\u00e3o prepara a casa para uma etapa futura do projeto: mover a biblioteca para o c\u00f4modo cont\u00edguo, o que possibilitar\u00e1 transformar o quarto da escritora em um ambiente de leitura conectado \u00e0 cole\u00e7\u00e3o de livros.<\/p>\n<p><a class=\"js-image-size__link lazy-anchor\" href=\"https:\/\/www.archdaily.com.br\/br\/1036378\/restauro-casa-do-sol-hilda-hilst-tapera-arquitetura-e-patrimonio-cultural\/6927211c8b787f018b032deb-restauro-casa-do-sol-hilda-hilst-tapera-arquitetura-e-patrimonio-cultural-foto\" rel=\"nofollow noopener\" target=\"_blank\"><img decoding=\"async\" alt=\"Restauro Casa do Sol (Hilda Hilst) \/ Tapera Arquitetura e Patrim\u00f4nio Cultural - Fotografia de Interiores, Madeira, Dormit\u00f3rio, Ilumina\u00e7\u00e3o, Cama\" data-nr-picture-id=\"6927211c8b787f018b032deb\" height=\"427\" itemprop=\"image\" loading=\"lazy\" longdesc=\"https:\/\/www.archdaily.com.br\/br\/1036378\/restauro-casa-do-sol-hilda-hilst-tapera-arquitetura-e-patrimonio-cultural\/6927211c8b787f018b032deb-restauro-casa-do-sol-hilda-hilst-tapera-arquitetura-e-patrimonio-cultural-foto\" src=\"https:\/\/www.europesays.com\/pt\/wp-content\/uploads\/2025\/12\/restauro-casa-do-sol-hilda-hilst-tapera-arquitetura-e-patrimonio-cultural_9.jpg\" width=\"640\"\/>\u00a9 Peter Hertel<\/a><\/p>\n<p>Mudan\u00e7as importantes de partido nasceram de uma escuta sens\u00edvel do lugar e da obra de Hilda durante o per\u00edodo de projeto e restauro. Inicialmente, havia a ideia de construir um anexo novo, de vidro, para exposi\u00e7\u00f5es e encontros, partido de restauro bastante comum. No desenvolvimento do projeto, a partir do conv\u00edvio com Olga e da imers\u00e3o na obra de Hilda Hilst, ficou claro que, em vez de demolir para construir o anexo, seria mais coerente tratar os remanescentes dos canis como ru\u00ednas. Esses remanescentes foram conservados e valorizados com uma possibilidade de ocupa\u00e7\u00e3o cultural.<\/p>\n<p><a class=\"js-image-size__link lazy-anchor\" href=\"https:\/\/www.archdaily.com.br\/br\/1036378\/restauro-casa-do-sol-hilda-hilst-tapera-arquitetura-e-patrimonio-cultural\/692721278b787f018b032ded-restauro-casa-do-sol-hilda-hilst-tapera-arquitetura-e-patrimonio-cultural-foto\" rel=\"nofollow noopener\" target=\"_blank\"><img decoding=\"async\" alt=\"Restauro Casa do Sol (Hilda Hilst) \/ Tapera Arquitetura e Patrim\u00f4nio Cultural - Fotografia de Interiores\" data-nr-picture-id=\"692721278b787f018b032ded\" height=\"427\" itemprop=\"image\" loading=\"lazy\" longdesc=\"https:\/\/www.archdaily.com.br\/br\/1036378\/restauro-casa-do-sol-hilda-hilst-tapera-arquitetura-e-patrimonio-cultural\/692721278b787f018b032ded-restauro-casa-do-sol-hilda-hilst-tapera-arquitetura-e-patrimonio-cultural-foto\" src=\"https:\/\/www.europesays.com\/pt\/wp-content\/uploads\/2025\/12\/1764592766_384_restauro-casa-do-sol-hilda-hilst-tapera-arquitetura-e-patrimonio-cultural_7.jpg\" width=\"640\"\/>Obra. Image \u00a9 Karime Xavier<\/a><a class=\"js-image-size__link lazy-anchor\" href=\"https:\/\/www.archdaily.com.br\/br\/1036378\/restauro-casa-do-sol-hilda-hilst-tapera-arquitetura-e-patrimonio-cultural\/69272127b3ce930189d9b1d6-restauro-casa-do-sol-hilda-hilst-tapera-arquitetura-e-patrimonio-cultural-foto\" rel=\"nofollow noopener\" target=\"_blank\"><img decoding=\"async\" alt=\"Restauro Casa do Sol (Hilda Hilst) \/ Tapera Arquitetura e Patrim\u00f4nio Cultural - Fotografia de Interiores, Madeira, Pilar\" data-nr-picture-id=\"69272127b3ce930189d9b1d6\" height=\"427\" itemprop=\"image\" loading=\"lazy\" longdesc=\"https:\/\/www.archdaily.com.br\/br\/1036378\/restauro-casa-do-sol-hilda-hilst-tapera-arquitetura-e-patrimonio-cultural\/69272127b3ce930189d9b1d6-restauro-casa-do-sol-hilda-hilst-tapera-arquitetura-e-patrimonio-cultural-foto\" src=\"https:\/\/www.europesays.com\/pt\/wp-content\/uploads\/2025\/12\/1764592767_348_restauro-casa-do-sol-hilda-hilst-tapera-arquitetura-e-patrimonio-cultural_3.jpg\" width=\"640\"\/>Obra. Image \u00a9 Karime Xavier<\/a><\/p>\n<p>Resid\u00eancia de Hilda Hilst desde 1966, a casa tamb\u00e9m foi lar do escultor Dante Casarini, de sua companheira Iara Sheidt, do escritor e artista pl\u00e1stico Jos\u00e9 Lu\u00eds Mora Fuentes, da artista Olga Bilenky e do filho dos dois, Daniel Fuentes (gestor do Instituto Hilda Hilst), al\u00e9m do amigo Jurandir Valen\u00e7a. Ao longo dos anos, abrigou temporariamente nomes como o escritor Caio Fernando Abreu e recebeu com frequ\u00eancia artistas e intelectuais como Lygia Fagundes Telles, Nelly Novaes Coelho, Maria Bonomi, e os f\u00edsicos Cesar Lattes e M\u00e1rio Schenberg. O restauro, ao criar mais quartos, ambientes de estudo e conviv\u00eancia, varandas e outros espa\u00e7os abertos de frui\u00e7\u00e3o, amplia a capacidade de acolher artistas e pesquisadores, e reafirma o papel da casa como polo cultural e criativo.<\/p>\n<p><a class=\"js-image-size__link lazy-anchor\" href=\"https:\/\/www.archdaily.com.br\/br\/1036378\/restauro-casa-do-sol-hilda-hilst-tapera-arquitetura-e-patrimonio-cultural\/6927211c8b787f0fa050dfd7-restauro-casa-do-sol-hilda-hilst-tapera-arquitetura-e-patrimonio-cultural-foto\" rel=\"nofollow noopener\" target=\"_blank\"><img decoding=\"async\" alt=\"Restauro Casa do Sol (Hilda Hilst) \/ Tapera Arquitetura e Patrim\u00f4nio Cultural - Fotografia de Exterior, Jardim\" data-nr-picture-id=\"6927211c8b787f0fa050dfd7\" height=\"427\" itemprop=\"image\" loading=\"lazy\" longdesc=\"https:\/\/www.archdaily.com.br\/br\/1036378\/restauro-casa-do-sol-hilda-hilst-tapera-arquitetura-e-patrimonio-cultural\/6927211c8b787f0fa050dfd7-restauro-casa-do-sol-hilda-hilst-tapera-arquitetura-e-patrimonio-cultural-foto\" src=\"https:\/\/www.europesays.com\/pt\/wp-content\/uploads\/2025\/12\/restauro-casa-do-sol-hilda-hilst-tapera-arquitetura-e-patrimonio-cultural_12.jpg\" width=\"640\"\/>\u00a9 Peter Hertel<\/a><script async src=\"https:\/\/platform.twitter.com\/widgets.js\" charset=\"utf-8\"><\/script><\/p>\n","protected":false},"excerpt":{"rendered":"\u00a9 Peter Hertel + 29 Compartilhar Compartilhar Facebook Twitter Mail Pinterest Whatsapp Ou https:\/\/www.archdaily.com.br\/br\/1036378\/restauro-casa-do-sol-hilda-hilst-tapera-arquitetura-e-patrimonio-cultural \u00a9 Peter Hertel Descri\u00e7\u00e3o&hellip;\n","protected":false},"author":2,"featured_media":171736,"comment_status":"","ping_status":"","sticky":false,"template":"","format":"standard","meta":{"footnotes":""},"categories":[144],"tags":[304,207,205,206,203,201,202,204,114,115,35948,32,33,8755,2503],"class_list":{"0":"post-171735","1":"post","2":"type-post","3":"status-publish","4":"format-standard","5":"has-post-thumbnail","7":"category-arte-e-design","8":"tag-arquitetura","9":"tag-arte","10":"tag-arte-e-design","11":"tag-artedesign","12":"tag-arts","13":"tag-arts-and-design","14":"tag-artsanddesign","15":"tag-design","16":"tag-entertainment","17":"tag-entretenimento","18":"tag-parque-xangrila","19":"tag-portugal","20":"tag-pt","21":"tag-remodelacao","22":"tag-restauracao"},"share_on_mastodon":{"url":"https:\/\/pubeurope.com\/@pt\/115644358298030251","error":""},"_links":{"self":[{"href":"https:\/\/www.europesays.com\/pt\/wp-json\/wp\/v2\/posts\/171735","targetHints":{"allow":["GET"]}}],"collection":[{"href":"https:\/\/www.europesays.com\/pt\/wp-json\/wp\/v2\/posts"}],"about":[{"href":"https:\/\/www.europesays.com\/pt\/wp-json\/wp\/v2\/types\/post"}],"author":[{"embeddable":true,"href":"https:\/\/www.europesays.com\/pt\/wp-json\/wp\/v2\/users\/2"}],"replies":[{"embeddable":true,"href":"https:\/\/www.europesays.com\/pt\/wp-json\/wp\/v2\/comments?post=171735"}],"version-history":[{"count":0,"href":"https:\/\/www.europesays.com\/pt\/wp-json\/wp\/v2\/posts\/171735\/revisions"}],"wp:featuredmedia":[{"embeddable":true,"href":"https:\/\/www.europesays.com\/pt\/wp-json\/wp\/v2\/media\/171736"}],"wp:attachment":[{"href":"https:\/\/www.europesays.com\/pt\/wp-json\/wp\/v2\/media?parent=171735"}],"wp:term":[{"taxonomy":"category","embeddable":true,"href":"https:\/\/www.europesays.com\/pt\/wp-json\/wp\/v2\/categories?post=171735"},{"taxonomy":"post_tag","embeddable":true,"href":"https:\/\/www.europesays.com\/pt\/wp-json\/wp\/v2\/tags?post=171735"}],"curies":[{"name":"wp","href":"https:\/\/api.w.org\/{rel}","templated":true}]}}