{"id":171741,"date":"2025-12-01T12:44:09","date_gmt":"2025-12-01T12:44:09","guid":{"rendered":"https:\/\/www.europesays.com\/pt\/171741\/"},"modified":"2025-12-01T12:44:09","modified_gmt":"2025-12-01T12:44:09","slug":"jose-mourinho-e-um-apreciador-do-servio","status":"publish","type":"post","link":"https:\/\/www.europesays.com\/pt\/171741\/","title":{"rendered":"Jos\u00e9 Mourinho \u00e9 um apreciador do s\u00e9rvio"},"content":{"rendered":"<p>&#8211; Advertisement &#8211;<\/p>\n<p>O Benfica est\u00e1 a acompanhar a situa\u00e7\u00e3o de Filip Kostic, jogador que pertence aos quadros da Juventus. A informa\u00e7\u00e3o est\u00e1 a ser avan\u00e7ada pelo jornalista Nicol\u00f2 Schira, que indica que o ala esquerdo j\u00e1 era alvo do emblema encarnado na \u00faltima janela de transfer\u00eancias de ver\u00e3o.<\/p>\n<p>Este interesse aumentou com a chegada de Jos\u00e9 Mourinho ao posto de t\u00e9cnico do Benfica, j\u00e1 que o luso coincidiu com o s\u00e9rvio no Fenerbah\u00e7e, durante a \u00faltima temporada. Pelo emblema de Istambul somou 35 encontros, com dois golos e sete assist\u00eancias. Esta \u00e9poca leva pela Juventus um total de 10 partidas, dois golos e uma assist\u00eancia.<\/p>\n<p>Filip Kostic tem 33 anos e o seu contrato finaliza no ver\u00e3o, o que poderia facilitar uma poss\u00edvel negocia\u00e7\u00e3o entre todas as partes, de modo a que a Juventus ainda retire algum proveito financeiro do jogador, j\u00e1 que o mesmo lhe custou 14 milh\u00f5es de euros em 2022, depois de se destacar no <a href=\"https:\/\/bolanarede.pt\/etiqueta\/frankfurt\" target=\"_blank\" rel=\"noreferrer noopener nofollow\">Frankfurt<\/a>.<\/p>\n<p>Samuel Dahl e Rafael Obrador s\u00e3o os atuais laterais esquerdos do plantel do Benfica, com Rodrigo R\u00eago a poder desempenhar a fun\u00e7\u00e3o de ala, em caso de uma defesa com tr\u00eas centrais. A chegada de Filip Kostic levaria a uma poss\u00edvel sa\u00edda do espanhol, que tem poucos minutos desde que chegou \u00e0 Luz.<\/p>\n","protected":false},"excerpt":{"rendered":"&#8211; Advertisement &#8211; O Benfica est\u00e1 a acompanhar a situa\u00e7\u00e3o de Filip Kostic, jogador que pertence aos quadros&hellip;\n","protected":false},"author":2,"featured_media":171742,"comment_status":"","ping_status":"","sticky":false,"template":"","format":"standard","meta":{"footnotes":""},"categories":[87],"tags":[260,51,135,478,918,35949,1385,690,32,479,33,134],"class_list":{"0":"post-171741","1":"post","2":"type-post","3":"status-publish","4":"format-standard","5":"has-post-thumbnail","7":"category-desporto","8":"tag-atualidade","9":"tag-benfica","10":"tag-desporto","11":"tag-destaques-bnr","12":"tag-fenerbahce","13":"tag-filip-kostic","14":"tag-jose-mourinho","15":"tag-juventus","16":"tag-portugal","17":"tag-primeira-liga","18":"tag-pt","19":"tag-sports"},"share_on_mastodon":{"url":"https:\/\/pubeurope.com\/@pt\/115644377738082673","error":""},"_links":{"self":[{"href":"https:\/\/www.europesays.com\/pt\/wp-json\/wp\/v2\/posts\/171741","targetHints":{"allow":["GET"]}}],"collection":[{"href":"https:\/\/www.europesays.com\/pt\/wp-json\/wp\/v2\/posts"}],"about":[{"href":"https:\/\/www.europesays.com\/pt\/wp-json\/wp\/v2\/types\/post"}],"author":[{"embeddable":true,"href":"https:\/\/www.europesays.com\/pt\/wp-json\/wp\/v2\/users\/2"}],"replies":[{"embeddable":true,"href":"https:\/\/www.europesays.com\/pt\/wp-json\/wp\/v2\/comments?post=171741"}],"version-history":[{"count":0,"href":"https:\/\/www.europesays.com\/pt\/wp-json\/wp\/v2\/posts\/171741\/revisions"}],"wp:featuredmedia":[{"embeddable":true,"href":"https:\/\/www.europesays.com\/pt\/wp-json\/wp\/v2\/media\/171742"}],"wp:attachment":[{"href":"https:\/\/www.europesays.com\/pt\/wp-json\/wp\/v2\/media?parent=171741"}],"wp:term":[{"taxonomy":"category","embeddable":true,"href":"https:\/\/www.europesays.com\/pt\/wp-json\/wp\/v2\/categories?post=171741"},{"taxonomy":"post_tag","embeddable":true,"href":"https:\/\/www.europesays.com\/pt\/wp-json\/wp\/v2\/tags?post=171741"}],"curies":[{"name":"wp","href":"https:\/\/api.w.org\/{rel}","templated":true}]}}