{"id":171751,"date":"2025-12-01T12:57:13","date_gmt":"2025-12-01T12:57:13","guid":{"rendered":"https:\/\/www.europesays.com\/pt\/171751\/"},"modified":"2025-12-01T12:57:13","modified_gmt":"2025-12-01T12:57:13","slug":"foto-e-video-mostram-milton-nascimento-no-carro-com-o-filho-e-sorrindo-veja","status":"publish","type":"post","link":"https:\/\/www.europesays.com\/pt\/171751\/","title":{"rendered":"Foto e v\u00eddeo mostram Milton Nascimento no carro com o filho e sorrindo; veja"},"content":{"rendered":"<p data-component-name=\"paragraph\" class=\"styles__ParagraphStyled-sc-6adecn-0 gsLklW  \">Augusto Kesrouani Nascimento, <strong>filho<\/strong> do cantor <a href=\"https:\/\/www.estadao.com.br\/tudo-sobre\/milton-nascimento\/\" target=\"_blank\" rel=\"nofollow noopener\" title=\"https:\/\/www.estadao.com.br\/tudo-sobre\/milton-nascimento\/\"><strong>Milton Nascimento<\/strong><\/a>, publicou alguns momentos ao lado do pai em seu Instagram neste domingo, 30. <\/p>\n<p data-component-name=\"paragraph\" class=\"styles__ParagraphStyled-sc-6adecn-0 gsLklW  \">Numa foto, o \u00eddolo da MPB aparece no banco de carona do ve\u00edculo. Os dois est\u00e3o sorrindo. \u201cUm dia feliz\u201d, escreveu o jovem na legenda da imagem, compartilhada em um story.<\/p>\n<p><img  loading=\"lazy\" class=\"lazy-load-img\"\/><\/p>\n<p>Milton Nascimento em v\u00eddeo postado por seu filho neste domingo, 20\u00a0Foto:  @augustoknascimento via Instagram <\/p>\n<p data-component-name=\"paragraph\" class=\"styles__ParagraphStyled-sc-6adecn-0 gsLklW  \">J\u00e1 em um breve v\u00eddeo, destacou o trecho inicial da m\u00fasica Tudo o Que Voc\u00ea Podia Ser: \u201cCom sol e chuva, voc\u00ea sonhava&#8230;\u201d Ao fundo, a paisagem de uma estrada e bastante \u00e1gua. <\/p>\n<p><img  loading=\"lazy\" class=\"lazy-load-img\"\/><\/p>\n<p>Milton Nascimento apareceu em uma foto e um breve v\u00eddeo publicados por seu filho, Augusto, neste domingo, 30 de novembro de 2025\u00a0Foto:  @augustoknascimento via Instagram <\/p>\n<p data-component-name=\"paragraph\" class=\"styles__ParagraphStyled-sc-6adecn-0 gsLklW  \">No \u00faltimo m\u00eas de outubro, <a href=\"https:\/\/www.estadao.com.br\/cultura\/musica\/milton-nascimento-celebra-83-anos-mostra-fotos-antigas-e-e-reverenciado-por-artistas-nprec\/\" target=\"_blank\" rel=\"nofollow noopener\" title=\"https:\/\/www.estadao.com.br\/cultura\/musica\/milton-nascimento-celebra-83-anos-mostra-fotos-antigas-e-e-reverenciado-por-artistas-nprec\/\">Milton Nascimento completou 83 anos de idade<\/a>, recebendo diversas homenagens e rever\u00eancias por parte de outros artistas. <\/p>\n<p data-component-name=\"paragraph\" class=\"styles__ParagraphStyled-sc-6adecn-0 gsLklW  \">O cantor vem enfrentando os sintomas da<a href=\"https:\/\/www.estadao.com.br\/cultura\/musica\/milton-nascimento-e-diagnosticado-com-demencia-revela-filho-nprec\/\" target=\"_blank\" rel=\"nofollow noopener\" title=\"https:\/\/www.estadao.com.br\/cultura\/musica\/milton-nascimento-e-diagnosticado-com-demencia-revela-filho-nprec\/\"> dem\u00eancia por corpos de Lewy (DCL)<\/a>. A fam\u00edlia divulgou o diagn\u00f3stico em 2 de outubro.<\/p>\n<p><img  loading=\"lazy\" class=\"lazy-load-img\"\/><\/p>\n<p>Milton Nascimento apareceu em uma foto e em um breve v\u00eddeo publicados por seu filho, Augusto, neste domingo, 30 de novembro de 2025.\u00a0Foto:  @augustoknascimento via Instagram\/Reprodu\u00e7\u00e3o<\/p>\n","protected":false},"excerpt":{"rendered":"Augusto Kesrouani Nascimento, filho do cantor Milton Nascimento, publicou alguns momentos ao lado do pai em seu Instagram&hellip;\n","protected":false},"author":2,"featured_media":171752,"comment_status":"","ping_status":"","sticky":false,"template":"","format":"standard","meta":{"footnotes":""},"categories":[145],"tags":[211,210,4486,114,115,32,33,151],"class_list":{"0":"post-171751","1":"post","2":"type-post","3":"status-publish","4":"format-standard","5":"has-post-thumbnail","7":"category-celebridades","8":"tag-celebridades","9":"tag-celebrities","10":"tag-emais","11":"tag-entertainment","12":"tag-entretenimento","13":"tag-portugal","14":"tag-pt","15":"tag-tv"},"share_on_mastodon":{"url":"https:\/\/pubeurope.com\/@pt\/115644428606930799","error":""},"_links":{"self":[{"href":"https:\/\/www.europesays.com\/pt\/wp-json\/wp\/v2\/posts\/171751","targetHints":{"allow":["GET"]}}],"collection":[{"href":"https:\/\/www.europesays.com\/pt\/wp-json\/wp\/v2\/posts"}],"about":[{"href":"https:\/\/www.europesays.com\/pt\/wp-json\/wp\/v2\/types\/post"}],"author":[{"embeddable":true,"href":"https:\/\/www.europesays.com\/pt\/wp-json\/wp\/v2\/users\/2"}],"replies":[{"embeddable":true,"href":"https:\/\/www.europesays.com\/pt\/wp-json\/wp\/v2\/comments?post=171751"}],"version-history":[{"count":0,"href":"https:\/\/www.europesays.com\/pt\/wp-json\/wp\/v2\/posts\/171751\/revisions"}],"wp:featuredmedia":[{"embeddable":true,"href":"https:\/\/www.europesays.com\/pt\/wp-json\/wp\/v2\/media\/171752"}],"wp:attachment":[{"href":"https:\/\/www.europesays.com\/pt\/wp-json\/wp\/v2\/media?parent=171751"}],"wp:term":[{"taxonomy":"category","embeddable":true,"href":"https:\/\/www.europesays.com\/pt\/wp-json\/wp\/v2\/categories?post=171751"},{"taxonomy":"post_tag","embeddable":true,"href":"https:\/\/www.europesays.com\/pt\/wp-json\/wp\/v2\/tags?post=171751"}],"curies":[{"name":"wp","href":"https:\/\/api.w.org\/{rel}","templated":true}]}}