{"id":171763,"date":"2025-12-01T13:08:23","date_gmt":"2025-12-01T13:08:23","guid":{"rendered":"https:\/\/www.europesays.com\/pt\/171763\/"},"modified":"2025-12-01T13:08:23","modified_gmt":"2025-12-01T13:08:23","slug":"catalunha-mobiliza-250-agentes-em-collserola","status":"publish","type":"post","link":"https:\/\/www.europesays.com\/pt\/171763\/","title":{"rendered":"Catalunha Mobiliza 250 Agentes em Collserola"},"content":{"rendered":"<p>Mais de 250 efetivos, entre agentes da Mossos d&#8217;Esquadra, Agentes Rurais, a Guarda Urbana de Barcelona e as pol\u00edcias locais mobilizaram-se num amplo dispositivo para conter o foco de peste su\u00edna com epicentro na zona da serra de Collserola, Barcelona.<\/p>\n<p>Conforme informaram \u00e0 EFE fontes do executivo catal\u00e3o, entre os efetivos mobilizados tamb\u00e9m se encontram representantes das associa\u00e7\u00f5es de prote\u00e7\u00e3o civil dos diferentes munic\u00edpios afetados.<\/p>\n<p>O Governo da Catalunha prometeu este domingo, dia 30 de novembro, \u201ctoler\u00e2ncia zero\u201d para as pessoas que desrespeitarem as restri\u00e7\u00f5es impostas para evitar a propaga\u00e7\u00e3o do foco de peste su\u00edna, uma vez que a expans\u00e3o do v\u00edrus teria consequ\u00eancias \u201cnefastas\u201d.<\/p>\n<p>Segundo o conselheiro da Agricultura, \u00d2scar Ordeig, os Mossos d&#8217;Esquadra e as outras for\u00e7as de seguran\u00e7a t\u00eam instru\u00e7\u00f5es para serem \u201ccontundentes\u201d na hora de garantir o cumprimento das restri\u00e7\u00f5es impostas pela Generalitat, especialmente a proibi\u00e7\u00e3o de acesso ao parque de Collserola, mesmo que as pessoas atuem de forma \u201cinvolunt\u00e1ria ou acidental\u201d.<\/p>\n<p><strong>Na sexta-feira, a Dire\u00e7\u00e3o-Geral de Alimenta\u00e7\u00e3o e Veterin\u00e1ria (DGAV) portuguesa apelou ao refor\u00e7o das medidas de seguran\u00e7a contra a peste su\u00edna africana (PSA) ap\u00f3s ter sido detetada em javalis selvagens em Barcelona.<\/strong><\/p>\n<p>\u201cOs Servi\u00e7os Veterin\u00e1rios oficiais de Espanha confirmaram dois casos de peste su\u00edna africana em javalis selvagens, detetados em Bellaterra (Barcelona), nas imedia\u00e7\u00f5es do campus da Universidade Aut\u00f3noma de Barcelona\u201d, anunciou, em comunicado, a DGAV.<\/p>\n<p>Ap\u00f3s ter sido confirmada a doen\u00e7a, foram adotadas medidas de emerg\u00eancia, como a delimita\u00e7\u00e3o da zona infetada, a elimina\u00e7\u00e3o dos cad\u00e1veres e a proibi\u00e7\u00e3o da ca\u00e7a.<\/p>\n<p><strong>Neste sentido, a DGAV apelou ao cumprimento das medidas de seguran\u00e7a nas explora\u00e7\u00f5es, \u00e0 limpeza e desinfe\u00e7\u00e3o dos ve\u00edculos, bem como \u00e0 ado\u00e7\u00e3o de boas pr\u00e1ticas de ca\u00e7a.<\/strong><\/p>\n<p>Por outro lado, disse que devem ser eliminados corretamente os subprodutos e que a alimenta\u00e7\u00e3o de porcos com lavaduras, restos de cozinha e de mesa \u00e9 proibida.<\/p>\n<p>A DGAV pediu tamb\u00e9m que n\u00e3o sejam deixados restos de comida acess\u00edveis aos javalis.<\/p>\n<p>A PSA n\u00e3o constitui um risco para os humanos, mas tem uma elevada taxa de mortalidade nos su\u00ednos e nos javalis.<\/p>\n","protected":false},"excerpt":{"rendered":"Mais de 250 efetivos, entre agentes da Mossos d&#8217;Esquadra, Agentes Rurais, a Guarda Urbana de Barcelona e as&hellip;\n","protected":false},"author":2,"featured_media":171764,"comment_status":"","ping_status":"","sticky":false,"template":"","format":"standard","meta":{"footnotes":""},"categories":[50],"tags":[27,28,8629,16285,15,16,14,25,26,21,22,62,12,13,19,20,35950,23,24,17,18,29,30,31,63,64,65],"class_list":{"0":"post-171763","1":"post","2":"type-post","3":"status-publish","4":"format-standard","5":"has-post-thumbnail","7":"category-mundo","8":"tag-breaking-news","9":"tag-breakingnews","10":"tag-catalunha","11":"tag-dgav","12":"tag-featured-news","13":"tag-featurednews","14":"tag-headlines","15":"tag-latest-news","16":"tag-latestnews","17":"tag-main-news","18":"tag-mainnews","19":"tag-mundo","20":"tag-news","21":"tag-noticias","22":"tag-noticias-principais","23":"tag-noticiasprincipais","24":"tag-peste-suina","25":"tag-principais-noticias","26":"tag-principaisnoticias","27":"tag-top-stories","28":"tag-topstories","29":"tag-ultimas","30":"tag-ultimas-noticias","31":"tag-ultimasnoticias","32":"tag-world","33":"tag-world-news","34":"tag-worldnews"},"share_on_mastodon":{"url":"https:\/\/pubeurope.com\/@pt\/115644472093152167","error":""},"_links":{"self":[{"href":"https:\/\/www.europesays.com\/pt\/wp-json\/wp\/v2\/posts\/171763","targetHints":{"allow":["GET"]}}],"collection":[{"href":"https:\/\/www.europesays.com\/pt\/wp-json\/wp\/v2\/posts"}],"about":[{"href":"https:\/\/www.europesays.com\/pt\/wp-json\/wp\/v2\/types\/post"}],"author":[{"embeddable":true,"href":"https:\/\/www.europesays.com\/pt\/wp-json\/wp\/v2\/users\/2"}],"replies":[{"embeddable":true,"href":"https:\/\/www.europesays.com\/pt\/wp-json\/wp\/v2\/comments?post=171763"}],"version-history":[{"count":0,"href":"https:\/\/www.europesays.com\/pt\/wp-json\/wp\/v2\/posts\/171763\/revisions"}],"wp:featuredmedia":[{"embeddable":true,"href":"https:\/\/www.europesays.com\/pt\/wp-json\/wp\/v2\/media\/171764"}],"wp:attachment":[{"href":"https:\/\/www.europesays.com\/pt\/wp-json\/wp\/v2\/media?parent=171763"}],"wp:term":[{"taxonomy":"category","embeddable":true,"href":"https:\/\/www.europesays.com\/pt\/wp-json\/wp\/v2\/categories?post=171763"},{"taxonomy":"post_tag","embeddable":true,"href":"https:\/\/www.europesays.com\/pt\/wp-json\/wp\/v2\/tags?post=171763"}],"curies":[{"name":"wp","href":"https:\/\/api.w.org\/{rel}","templated":true}]}}