{"id":171765,"date":"2025-12-01T13:09:26","date_gmt":"2025-12-01T13:09:26","guid":{"rendered":"https:\/\/www.europesays.com\/pt\/171765\/"},"modified":"2025-12-01T13:09:26","modified_gmt":"2025-12-01T13:09:26","slug":"corpo-encontrado-no-rio-douro-sera-de-frances-desaparecido","status":"publish","type":"post","link":"https:\/\/www.europesays.com\/pt\/171765\/","title":{"rendered":"Corpo encontrado no rio Douro ser\u00e1 de franc\u00eas desaparecido"},"content":{"rendered":"<p>\t                Cidad\u00e3o franc\u00eas estava desaparecido h\u00e1 dez dias ap\u00f3s uma queda de um veleiro na Douro Marina<\/p>\n<p>O corpo de um homem foi este domingo encontrado a boiar na foz do rio Douro, no Porto, junto \u00e0 margem oposta \u00e0 Douro Marina na Afurada, onde desapareceu um cidad\u00e3o franc\u00eas h\u00e1 10 dias, avan\u00e7ou \u00e0 Lusa fonte oficial.<\/p>\n<p>\u201cH\u00e1 fortes ind\u00edcios de que seja o cidad\u00e3o franc\u00eas que desapareceu a 20 de novembro ap\u00f3s uma queda de um veleiro na Douro Marina\u201d, declarou \u00e0 Lusa o comandante da capitania do Douro Rui Lampreia, recordando que foram feitas buscas durante tr\u00eas dias sem sucesso na altura.<\/p>\n<p>Segundo o comandante da capitania do Douro explicou o alerta foi dado pelas 09:30 por um transeunte que passava na Rua das Flores, perto da Cantareira, e que avistou um corpo a boiar.<\/p>\n<p>Ao local deslocaram-se elementos dos Bombeiros Sapadores do Porto, Pol\u00edcia Mar\u00edtima, PSP e da Esta\u00e7\u00e3o Salva-Vidas do Douro.<\/p>\n<p>O corpo vai ser transportado para o Instituto de Medicina Legal (IML) para ser autopsiado, acrescentou Rui Lampreia.<\/p>\n<p>Em 20 de novembro um cidad\u00e3o franc\u00eas de 62 anos desapareceu ap\u00f3s cair do seu veleiro na Douro Marina, em Vila Nova de Gaia.<\/p>\n<p>O alerta foi dado pela mulher do desaparecido, de cidadania francesa, depois de o homem ter sido visto pela \u00faltima vez na \u00e1gua.<\/p>\n<p>As opera\u00e7\u00f5es de busca, que envolveram a Pol\u00edcia Mar\u00edtima, a Esta\u00e7\u00e3o de Salva-Vidas do Douro e os Bombeiros Sapadores de Vila Nova de Gaia, duraram tr\u00eas dias, mas foram interrompidas ap\u00f3s a aus\u00eancia de sucesso.<\/p>\n","protected":false},"excerpt":{"rendered":"Cidad\u00e3o franc\u00eas estava desaparecido h\u00e1 dez dias ap\u00f3s uma queda de um veleiro na Douro Marina O corpo&hellip;\n","protected":false},"author":2,"featured_media":107883,"comment_status":"","ping_status":"","sticky":false,"template":"","format":"standard","meta":{"footnotes":""},"categories":[10],"tags":[35951,609,836,611,27,28,607,608,333,3570,832,604,6939,135,610,476,15,16,19407,301,830,14,603,25,26,570,21,22,831,833,62,834,12,13,19,20,835,602,52,32,23,24,33,9414,4987,17,18,29,30,31,19426],"class_list":{"0":"post-171765","1":"post","2":"type-post","3":"status-publish","4":"format-standard","5":"has-post-thumbnail","7":"category-portugal","8":"tag-10-dias","9":"tag-alerta","10":"tag-analise","11":"tag-ao-minuto","12":"tag-breaking-news","13":"tag-breakingnews","14":"tag-cnn","15":"tag-cnn-portugal","16":"tag-comentadores","17":"tag-corpo","18":"tag-costa","19":"tag-crime","20":"tag-desaparecido","21":"tag-desporto","22":"tag-direto","23":"tag-economia","24":"tag-featured-news","25":"tag-featurednews","26":"tag-frances","27":"tag-governo","28":"tag-guerra","29":"tag-headlines","30":"tag-justica","31":"tag-latest-news","32":"tag-latestnews","33":"tag-live","34":"tag-main-news","35":"tag-mainnews","36":"tag-mais-vistas","37":"tag-marcelo","38":"tag-mundo","39":"tag-negocios","40":"tag-news","41":"tag-noticias","42":"tag-noticias-principais","43":"tag-noticiasprincipais","44":"tag-opiniao","45":"tag-pais","46":"tag-politica","47":"tag-portugal","48":"tag-principais-noticias","49":"tag-principaisnoticias","50":"tag-pt","51":"tag-queda","52":"tag-rio-douro","53":"tag-top-stories","54":"tag-topstories","55":"tag-ultimas","56":"tag-ultimas-noticias","57":"tag-ultimasnoticias","58":"tag-veleiro"},"share_on_mastodon":{"url":"","error":"Validation failed: Text character limit of 500 exceeded"},"_links":{"self":[{"href":"https:\/\/www.europesays.com\/pt\/wp-json\/wp\/v2\/posts\/171765","targetHints":{"allow":["GET"]}}],"collection":[{"href":"https:\/\/www.europesays.com\/pt\/wp-json\/wp\/v2\/posts"}],"about":[{"href":"https:\/\/www.europesays.com\/pt\/wp-json\/wp\/v2\/types\/post"}],"author":[{"embeddable":true,"href":"https:\/\/www.europesays.com\/pt\/wp-json\/wp\/v2\/users\/2"}],"replies":[{"embeddable":true,"href":"https:\/\/www.europesays.com\/pt\/wp-json\/wp\/v2\/comments?post=171765"}],"version-history":[{"count":0,"href":"https:\/\/www.europesays.com\/pt\/wp-json\/wp\/v2\/posts\/171765\/revisions"}],"wp:featuredmedia":[{"embeddable":true,"href":"https:\/\/www.europesays.com\/pt\/wp-json\/wp\/v2\/media\/107883"}],"wp:attachment":[{"href":"https:\/\/www.europesays.com\/pt\/wp-json\/wp\/v2\/media?parent=171765"}],"wp:term":[{"taxonomy":"category","embeddable":true,"href":"https:\/\/www.europesays.com\/pt\/wp-json\/wp\/v2\/categories?post=171765"},{"taxonomy":"post_tag","embeddable":true,"href":"https:\/\/www.europesays.com\/pt\/wp-json\/wp\/v2\/tags?post=171765"}],"curies":[{"name":"wp","href":"https:\/\/api.w.org\/{rel}","templated":true}]}}