{"id":171772,"date":"2025-12-01T13:19:09","date_gmt":"2025-12-01T13:19:09","guid":{"rendered":"https:\/\/www.europesays.com\/pt\/171772\/"},"modified":"2025-12-01T13:19:09","modified_gmt":"2025-12-01T13:19:09","slug":"dezembro-as-estreias-mais-esperadas-no-cinema-e","status":"publish","type":"post","link":"https:\/\/www.europesays.com\/pt\/171772\/","title":{"rendered":"Dezembro: as estreias mais esperadas no cinema e \u2026"},"content":{"rendered":"<p>Todo m\u00eas, novos filmes e s\u00e9ries chegam aos cinemas e \u00e0s plataformas de streaming. Para voc\u00ea ficar por dentro das novidades, a Antena 1 listou os lan\u00e7amentos mais aguardados de dezembro.<\/p>\n<p><strong> Um. Natal. Surreal. (3 de dezembro no Prime Video)<\/strong><\/p>\n<p><strong>Soldado de Chumbo (4 de dezembro nos cinemas)<\/strong><\/p>\n<p><strong>D.P.A. 4 &#8211; O Fant\u00e1stico Reino de Ondion (4 de dezembro nos cinemas)<\/strong><\/p>\n<p> <strong>Jay Kelly (5 de dezembro na Netflix)<\/strong><\/p>\n<p><strong>Fallout &#8211; 2\u00aa temporada (17 de dezembro no Prime Video)<\/strong><\/p>\n<p><strong>Avatar: Fogo e Cinzas (18 de dezembro nos cinemas)<\/strong><\/p>\n<p><strong> Emily em Paris &#8211; 5\u00aa temporada (18 de dezembro na Netflix)<\/strong><\/p>\n<p><strong>Stranger Things &#8211; 5\u00aa Temporada &#8211; Parte 2 (25 de dezembro na Netflix)<\/strong><\/p>\n<p><strong>Anaconda (25 de dezembro nos cinemas)<\/strong><\/p>\n<p><strong>Stranger Things &#8211; 5\u00aa Temporada &#8211; Parte 3 (31 de dezembro na Netflix)<\/strong><\/p>\n","protected":false},"excerpt":{"rendered":"Todo m\u00eas, novos filmes e s\u00e9ries chegam aos cinemas e \u00e0s plataformas de streaming. Para voc\u00ea ficar por&hellip;\n","protected":false},"author":2,"featured_media":171773,"comment_status":"","ping_status":"","sticky":false,"template":"","format":"standard","meta":{"footnotes":""},"categories":[140],"tags":[470,35952,114,115,1042,147,148,1856,878,146,1133,32,33,941,940],"class_list":{"0":"post-171772","1":"post","2":"type-post","3":"status-publish","4":"format-standard","5":"has-post-thumbnail","7":"category-filmes","8":"tag-cinema","9":"tag-dezembro","10":"tag-entertainment","11":"tag-entretenimento","12":"tag-estreias","13":"tag-film","14":"tag-filmes","15":"tag-informacao","16":"tag-lancamentos","17":"tag-movies","18":"tag-noticia","19":"tag-portugal","20":"tag-pt","21":"tag-series","22":"tag-streaming"},"share_on_mastodon":{"url":"https:\/\/pubeurope.com\/@pt\/115644515781209586","error":""},"_links":{"self":[{"href":"https:\/\/www.europesays.com\/pt\/wp-json\/wp\/v2\/posts\/171772","targetHints":{"allow":["GET"]}}],"collection":[{"href":"https:\/\/www.europesays.com\/pt\/wp-json\/wp\/v2\/posts"}],"about":[{"href":"https:\/\/www.europesays.com\/pt\/wp-json\/wp\/v2\/types\/post"}],"author":[{"embeddable":true,"href":"https:\/\/www.europesays.com\/pt\/wp-json\/wp\/v2\/users\/2"}],"replies":[{"embeddable":true,"href":"https:\/\/www.europesays.com\/pt\/wp-json\/wp\/v2\/comments?post=171772"}],"version-history":[{"count":0,"href":"https:\/\/www.europesays.com\/pt\/wp-json\/wp\/v2\/posts\/171772\/revisions"}],"wp:featuredmedia":[{"embeddable":true,"href":"https:\/\/www.europesays.com\/pt\/wp-json\/wp\/v2\/media\/171773"}],"wp:attachment":[{"href":"https:\/\/www.europesays.com\/pt\/wp-json\/wp\/v2\/media?parent=171772"}],"wp:term":[{"taxonomy":"category","embeddable":true,"href":"https:\/\/www.europesays.com\/pt\/wp-json\/wp\/v2\/categories?post=171772"},{"taxonomy":"post_tag","embeddable":true,"href":"https:\/\/www.europesays.com\/pt\/wp-json\/wp\/v2\/tags?post=171772"}],"curies":[{"name":"wp","href":"https:\/\/api.w.org\/{rel}","templated":true}]}}