{"id":171774,"date":"2025-12-01T13:20:17","date_gmt":"2025-12-01T13:20:17","guid":{"rendered":"https:\/\/www.europesays.com\/pt\/171774\/"},"modified":"2025-12-01T13:20:17","modified_gmt":"2025-12-01T13:20:17","slug":"que-panenka-foi-esse-carrasco-de-portugal-falhou-penalti-aos-906-desta-forma","status":"publish","type":"post","link":"https:\/\/www.europesays.com\/pt\/171774\/","title":{"rendered":"Que &#8216;Panenka foi esse&#8217;\u00bb &#8216;Carrasco&#8217; de Portugal falhou pen\u00e1lti aos 90+6&#8217;&#8230; desta forma"},"content":{"rendered":"<p><a target=\"_blank\" class=\"editor-link autolink-enabled\" href=\"https:\/\/www.abola.pt\/futebol\/jogador\/troy-parrott-195137\" data-resource-id=\"195137\" data-resource-type=\"player\" data-sport=\"football\" rel=\"nofollow noopener\">Troy Parrott<\/a> andou nas bocas do mundo quando, durante a paragem para os compromissos das sele\u00e7\u00f5es em novembro, carregou a <a target=\"_blank\" class=\"editor-link autolink-enabled\" href=\"https:\/\/www.abola.pt\/futebol\/republica-da-irlanda-1376\" data-resource-id=\"1376\" data-resource-type=\"team\" data-sport=\"football\" rel=\"nofollow noopener\">Irlanda<\/a> at\u00e9 ao play-off de apuramento para o Campeonato do Mundo com cinco golos em dois jogos. O avan\u00e7ado do <a target=\"_blank\" class=\"editor-link autolink-enabled\" href=\"https:\/\/www.abola.pt\/futebol\/az-alkmaar-404\" data-resource-id=\"404\" data-resource-type=\"team\" data-sport=\"football\" rel=\"nofollow noopener\">AZ Alkmaar<\/a> bisou contra Portugal (2-0), antes de rubricar um hat-trick na Hungria (3-2), abrilhantado por um golo nos momentos finais da partida.<\/p>\n<p>De regresso ao <a class=\"autolink-enabled\" data-resource-id=\"404\" data-resource-type=\"team\" data-sport=\"football\" href=\"https:\/\/www.abola.pt\/futebol\/az-alkmaar-404\" rel=\"nofollow noopener\" target=\"_blank\">AZ<\/a>, <a class=\"autolink-enabled\" data-resource-id=\"195137\" data-resource-type=\"player\" data-sport=\"football\" href=\"https:\/\/www.abola.pt\/futebol\/jogador\/troy-parrott-195137\" rel=\"nofollow noopener\" target=\"_blank\">Troy Parrott<\/a> marcou logo na visita ao <a class=\"autolink-enabled\" data-resource-id=\"402\" data-resource-type=\"team\" data-sport=\"football\" href=\"https:\/\/www.abola.pt\/futebol\/heerenveen-402\" rel=\"nofollow noopener\" target=\"_blank\">Heerenveen<\/a> (1-3), mas na jornada 14 da Eredivisie foi protagonista de um momento ins\u00f3lito. O ponta de lan\u00e7a irland\u00eas teve uma oportunidade de ouro para restabelecer o empate na desloca\u00e7\u00e3o ao terreno do <a class=\"autolink-enabled\" data-resource-id=\"386\" data-resource-type=\"team\" data-sport=\"football\" href=\"https:\/\/www.abola.pt\/futebol\/twente-386\" rel=\"nofollow noopener\" target=\"_blank\">Twente<\/a>, da marca de pen\u00e1lti, aos 90+6&#8242;.<\/p>\n<p><a target=\"_blank\" class=\"editor-link autolink-enabled\" href=\"https:\/\/www.abola.pt\/futebol\/jogador\/troy-parrott-195137\" data-resource-id=\"195137\" data-resource-type=\"player\" data-sport=\"football\" rel=\"nofollow noopener\">Parrott<\/a> quis marcar em grande estilo, \u00e0 Panenka, mas a bola sobrevoou a baliza do <a target=\"_blank\" class=\"editor-link autolink-enabled\" href=\"https:\/\/www.abola.pt\/futebol\/twente-386\" data-resource-id=\"386\" data-resource-type=\"team\" data-sport=\"football\" rel=\"nofollow noopener\">Twente<\/a> e ignorou o fundo das redes. Como se n\u00e3o tivesse sido dram\u00e1tico o suficiente ter falhado um pen\u00e1lti aos 90+6&#8242;, o avan\u00e7ado irland\u00eas ainda foi brindado pelos festejos efusivos dos advers\u00e1rios.<\/p>\n<p>O falhan\u00e7o de <a target=\"_blank\" class=\"editor-link autolink-enabled\" href=\"https:\/\/www.abola.pt\/futebol\/jogador\/troy-parrott-195137\" data-resource-id=\"195137\" data-resource-type=\"player\" data-sport=\"football\" rel=\"nofollow noopener\">Parrott<\/a> selou a vit\u00f3ria por 1-0 do <a target=\"_blank\" class=\"editor-link autolink-enabled\" href=\"https:\/\/www.abola.pt\/futebol\/twente-386\" data-resource-id=\"386\" data-resource-type=\"team\" data-sport=\"football\" rel=\"nofollow noopener\">Twente<\/a>, que contou com <a target=\"_blank\" class=\"editor-link autolink-enabled\" href=\"https:\/\/www.abola.pt\/futebol\/jogador\/guilherme-schettine-160424\" data-resource-id=\"160424\" data-resource-type=\"player\" data-sport=\"football\" rel=\"nofollow noopener\">Guilherme<\/a> <a target=\"_blank\" class=\"editor-link autolink-enabled\" href=\"https:\/\/www.abola.pt\/futebol\/jogador\/cesar-peixoto-9027\" data-resource-id=\"9027\" data-resource-type=\"player\" data-sport=\"football\" rel=\"nofollow noopener\">Peixoto<\/a> a partir dos 83&#8242;.<\/p>\n","protected":false},"excerpt":{"rendered":"Troy Parrott andou nas bocas do mundo quando, durante a paragem para os compromissos das sele\u00e7\u00f5es em novembro,&hellip;\n","protected":false},"author":2,"featured_media":171775,"comment_status":"","ping_status":"","sticky":false,"template":"","format":"standard","meta":{"footnotes":""},"categories":[87],"tags":[135,32,33,134],"class_list":{"0":"post-171774","1":"post","2":"type-post","3":"status-publish","4":"format-standard","5":"has-post-thumbnail","7":"category-desporto","8":"tag-desporto","9":"tag-portugal","10":"tag-pt","11":"tag-sports"},"share_on_mastodon":{"url":"https:\/\/pubeurope.com\/@pt\/115644519422302701","error":""},"_links":{"self":[{"href":"https:\/\/www.europesays.com\/pt\/wp-json\/wp\/v2\/posts\/171774","targetHints":{"allow":["GET"]}}],"collection":[{"href":"https:\/\/www.europesays.com\/pt\/wp-json\/wp\/v2\/posts"}],"about":[{"href":"https:\/\/www.europesays.com\/pt\/wp-json\/wp\/v2\/types\/post"}],"author":[{"embeddable":true,"href":"https:\/\/www.europesays.com\/pt\/wp-json\/wp\/v2\/users\/2"}],"replies":[{"embeddable":true,"href":"https:\/\/www.europesays.com\/pt\/wp-json\/wp\/v2\/comments?post=171774"}],"version-history":[{"count":0,"href":"https:\/\/www.europesays.com\/pt\/wp-json\/wp\/v2\/posts\/171774\/revisions"}],"wp:featuredmedia":[{"embeddable":true,"href":"https:\/\/www.europesays.com\/pt\/wp-json\/wp\/v2\/media\/171775"}],"wp:attachment":[{"href":"https:\/\/www.europesays.com\/pt\/wp-json\/wp\/v2\/media?parent=171774"}],"wp:term":[{"taxonomy":"category","embeddable":true,"href":"https:\/\/www.europesays.com\/pt\/wp-json\/wp\/v2\/categories?post=171774"},{"taxonomy":"post_tag","embeddable":true,"href":"https:\/\/www.europesays.com\/pt\/wp-json\/wp\/v2\/tags?post=171774"}],"curies":[{"name":"wp","href":"https:\/\/api.w.org\/{rel}","templated":true}]}}