{"id":171779,"date":"2025-12-01T13:24:11","date_gmt":"2025-12-01T13:24:11","guid":{"rendered":"https:\/\/www.europesays.com\/pt\/171779\/"},"modified":"2025-12-01T13:24:11","modified_gmt":"2025-12-01T13:24:11","slug":"grande-maioria-dos-avioes-a320-da-airbus-ja-receberam-atualizacao-de-software","status":"publish","type":"post","link":"https:\/\/www.europesays.com\/pt\/171779\/","title":{"rendered":"&#8220;Grande maioria&#8221; dos avi\u00f5es A320 da Airbus j\u00e1 receberam atualiza\u00e7\u00e3o de software"},"content":{"rendered":"<p>&#13;<br \/>\nA fabricante de aeronaves Airbus avan\u00e7ou esta segunda-feira que \u201ca grande maioria\u201d dos 6.000 avi\u00f5es da fam\u00edlia A320 afetados por um alerta de seguran\u00e7a j\u00e1 viram o seu software atualizado.&#13;\n<\/p>\n<p>&#13;<br \/>\n<b>Ao in\u00edcio da manh\u00e3 eram menos de uma centena as aeronaves que ainda precisaram de ser submetidas a modifica\u00e7\u00f5es.<\/b>&#13;\n<\/p>\n<p>\nEm comunicado, a empresa disse estar a trabalhar com as companhias a\u00e9reas para &#8220;modificar menos de 100 aeronaves restantes para garantir que possam ser colocadas novamente ao servi\u00e7o&#8221;.<\/p>\n<p>A gigante industrial europeia anunciou na sexta-feira \u00e0 noite <b>a necessidade de substituir com urg\u00eancia um software vulner\u00e1vel \u00e0 radia\u00e7\u00e3o solar,<\/b> ap\u00f3s um incidente no final de outubro nos Estados Unidos.<\/p>\n<p>Na altura, um voo da companhia americana JetBlue que ligava Canc\u00fan, no M\u00e9xico, a Newark, perto de Nova Iorque, teve de fazer uma aterragem de emerg\u00eancia em Tampa, na Florida, ap\u00f3s uma descida brusca de altitude.<\/p>\n<p>A Airbus, que na sexta-feira exortou os seus clientes a \u201csuspender imediatamente os voos\u201d de cerca de 6.000 aeronaves afetadas, <b>conseguiu intervir rapidamente em milhares de aeronaves nos \u00faltimos dias<\/b>, atenuando os receios de perturba\u00e7\u00f5es em grande escala no tr\u00e1fego a\u00e9reo mundial.<\/p>\n<p>A EasyJet, uma das maiores operadoras da gama A320, avan\u00e7ou esta segunda-feira que conseguiu atualizar todas as suas aeronaves afetadas &#8220;sem perturba\u00e7\u00e3o do programa de voos&#8221; durante o fim de semana.<\/p>\n<p>No domingo, <b>a portuguesa TAP disse ter conclu\u00eddo a atualiza\u00e7\u00e3o de software em todos os seus avi\u00f5es deste modelo<\/b>, \u201cum feito extraordin\u00e1rio s\u00f3 conseguido gra\u00e7as \u00e0 proatividade, coordena\u00e7\u00e3o e dedica\u00e7\u00e3o \u00edmpares\u201d das equipas da Manuten\u00e7\u00e3o &amp; Engenharia e do Centro de Controlo Operacional.<\/p>\n<p>O A320, nas suas in\u00fameras variantes, \u00e9 o avi\u00e3o comercial civil mais vendido do mundo.<\/p>\n<p>Esta segunda-feira, a Airbus renovou os seus pedidos de desculpa \u201cpelas dificuldades e atrasos causados aos passageiros e \u00e0s companhias\u201d devido a esta situa\u00e7\u00e3o, agradecendo \u201ca compreens\u00e3o em rela\u00e7\u00e3o \u00e0 decis\u00e3o de dar prioridade absoluta \u00e0 seguran\u00e7a\u201d.<\/p>\n<p>&#13;<br \/>\nc\/ ag\u00eancias&#13;<br \/>\n&#13;\n            <\/p>\n","protected":false},"excerpt":{"rendered":"&#13; A fabricante de aeronaves Airbus avan\u00e7ou esta segunda-feira que \u201ca grande maioria\u201d dos 6.000 avi\u00f5es da fam\u00edlia&hellip;\n","protected":false},"author":2,"featured_media":171780,"comment_status":"","ping_status":"","sticky":false,"template":"","format":"standard","meta":{"footnotes":""},"categories":[83],"tags":[35395,1309,8722,88,89,90,32,33,3173,1365],"class_list":{"0":"post-171779","1":"post","2":"type-post","3":"status-publish","4":"format-standard","5":"has-post-thumbnail","7":"category-empresas","8":"tag-a320","9":"tag-airbus","10":"tag-avioes","11":"tag-business","12":"tag-economy","13":"tag-empresas","14":"tag-portugal","15":"tag-pt","16":"tag-software","17":"tag-tap"},"share_on_mastodon":{"url":"https:\/\/pubeurope.com\/@pt\/115644534784126099","error":""},"_links":{"self":[{"href":"https:\/\/www.europesays.com\/pt\/wp-json\/wp\/v2\/posts\/171779","targetHints":{"allow":["GET"]}}],"collection":[{"href":"https:\/\/www.europesays.com\/pt\/wp-json\/wp\/v2\/posts"}],"about":[{"href":"https:\/\/www.europesays.com\/pt\/wp-json\/wp\/v2\/types\/post"}],"author":[{"embeddable":true,"href":"https:\/\/www.europesays.com\/pt\/wp-json\/wp\/v2\/users\/2"}],"replies":[{"embeddable":true,"href":"https:\/\/www.europesays.com\/pt\/wp-json\/wp\/v2\/comments?post=171779"}],"version-history":[{"count":0,"href":"https:\/\/www.europesays.com\/pt\/wp-json\/wp\/v2\/posts\/171779\/revisions"}],"wp:featuredmedia":[{"embeddable":true,"href":"https:\/\/www.europesays.com\/pt\/wp-json\/wp\/v2\/media\/171780"}],"wp:attachment":[{"href":"https:\/\/www.europesays.com\/pt\/wp-json\/wp\/v2\/media?parent=171779"}],"wp:term":[{"taxonomy":"category","embeddable":true,"href":"https:\/\/www.europesays.com\/pt\/wp-json\/wp\/v2\/categories?post=171779"},{"taxonomy":"post_tag","embeddable":true,"href":"https:\/\/www.europesays.com\/pt\/wp-json\/wp\/v2\/tags?post=171779"}],"curies":[{"name":"wp","href":"https:\/\/api.w.org\/{rel}","templated":true}]}}