{"id":171783,"date":"2025-12-01T13:28:08","date_gmt":"2025-12-01T13:28:08","guid":{"rendered":"https:\/\/www.europesays.com\/pt\/171783\/"},"modified":"2025-12-01T13:28:08","modified_gmt":"2025-12-01T13:28:08","slug":"manuel-pedro-historico-militante-do-pcp-morre-aos-94-anos","status":"publish","type":"post","link":"https:\/\/www.europesays.com\/pt\/171783\/","title":{"rendered":"Manuel Pedro, hist\u00f3rico militante do PCP, morre aos 94 anos"},"content":{"rendered":"<p>&#13;<br \/>\n&#8220;O Secretariado do Comit\u00e9 Central do Partido Comunista Portugu\u00eas informa com profunda m\u00e1goa e tristeza o falecimento, aos 94 anos, de Manuel Pedro, resistente antifascista e militante comunista, e transmite \u00e0s suas filhas, netas e bisnetos as suas sentidas condol\u00eancias&#8221;, l\u00ea-se num comunicado.&#13;\n<\/p>\n<p>&#13;<br \/>\nNascido em Lisboa a 19 de Agosto de 1931, Manuel Pedro era membro do PCP desde 1956, tendo entrado para os quadros de funcion\u00e1rios do PCP em maio de 1959. <b>Esteve preso por tr\u00eas vezes, tendo totalizado 11 anos de pris\u00e3o.<\/b>&#13;\n<\/p>\n<p>&#13;<br \/>\n&#8220;Em todas elas enfrentou com grande coragem o embate com os esbirros da PIDE [Pol\u00edcia Internacional e de Defesa do Estado]&#8221;, salientou o partido.&#13;\n<\/p>\n<p>&#13;<br \/>\nO PCP destaca ainda que, &#8220;com uma vida entregue ao partido, ao seu ideal e projecto, <b>Manuel Pedro \u00e9 um exemplo de coragem, frontalidade e firmeza, exemplo de militante inteiramente dedicado aos interesses dos trabalhadores e do povo<\/b>, na luta di\u00e1ria por um Portugal democr\u00e1tico, tendo sempre presente a constru\u00e7\u00e3o do socialismo e do comunismo&#8221;.<\/p>\n<p>O corpo de Manuel Pedro estar\u00e1 em c\u00e2mara ardente esta segunda-feira a partir das 17h30, na capela da Boa Hora, na Ajuda, em Lisboa.<\/p>\n<p>O funeral realizar-se-\u00e1 amanh\u00e3, dia 2 de dezembro, saindo pelas 13h30 para o cemit\u00e9rio de Barcarena, onde ser\u00e1 cremado pelas 14h40.&#13;\n<\/p>\n<p>&#13;<br \/>\nc\/ Lusa&#13;<\/p>\n","protected":false},"excerpt":{"rendered":"&#13; &#8220;O Secretariado do Comit\u00e9 Central do Partido Comunista Portugu\u00eas informa com profunda m\u00e1goa e tristeza o falecimento,&hellip;\n","protected":false},"author":2,"featured_media":171784,"comment_status":"","ping_status":"","sticky":false,"template":"","format":"standard","meta":{"footnotes":""},"categories":[10],"tags":[27,28,15,16,14,25,26,21,22,12,13,19,20,32,23,24,33,32770,17,18,29,30,31],"class_list":{"0":"post-171783","1":"post","2":"type-post","3":"status-publish","4":"format-standard","5":"has-post-thumbnail","7":"category-portugal","8":"tag-breaking-news","9":"tag-breakingnews","10":"tag-featured-news","11":"tag-featurednews","12":"tag-headlines","13":"tag-latest-news","14":"tag-latestnews","15":"tag-main-news","16":"tag-mainnews","17":"tag-news","18":"tag-noticias","19":"tag-noticias-principais","20":"tag-noticiasprincipais","21":"tag-portugal","22":"tag-principais-noticias","23":"tag-principaisnoticias","24":"tag-pt","25":"tag-secretariado","26":"tag-top-stories","27":"tag-topstories","28":"tag-ultimas","29":"tag-ultimas-noticias","30":"tag-ultimasnoticias"},"share_on_mastodon":{"url":"https:\/\/pubeurope.com\/@pt\/115644551083071083","error":""},"_links":{"self":[{"href":"https:\/\/www.europesays.com\/pt\/wp-json\/wp\/v2\/posts\/171783","targetHints":{"allow":["GET"]}}],"collection":[{"href":"https:\/\/www.europesays.com\/pt\/wp-json\/wp\/v2\/posts"}],"about":[{"href":"https:\/\/www.europesays.com\/pt\/wp-json\/wp\/v2\/types\/post"}],"author":[{"embeddable":true,"href":"https:\/\/www.europesays.com\/pt\/wp-json\/wp\/v2\/users\/2"}],"replies":[{"embeddable":true,"href":"https:\/\/www.europesays.com\/pt\/wp-json\/wp\/v2\/comments?post=171783"}],"version-history":[{"count":0,"href":"https:\/\/www.europesays.com\/pt\/wp-json\/wp\/v2\/posts\/171783\/revisions"}],"wp:featuredmedia":[{"embeddable":true,"href":"https:\/\/www.europesays.com\/pt\/wp-json\/wp\/v2\/media\/171784"}],"wp:attachment":[{"href":"https:\/\/www.europesays.com\/pt\/wp-json\/wp\/v2\/media?parent=171783"}],"wp:term":[{"taxonomy":"category","embeddable":true,"href":"https:\/\/www.europesays.com\/pt\/wp-json\/wp\/v2\/categories?post=171783"},{"taxonomy":"post_tag","embeddable":true,"href":"https:\/\/www.europesays.com\/pt\/wp-json\/wp\/v2\/tags?post=171783"}],"curies":[{"name":"wp","href":"https:\/\/api.w.org\/{rel}","templated":true}]}}