{"id":171788,"date":"2025-12-01T13:34:11","date_gmt":"2025-12-01T13:34:11","guid":{"rendered":"https:\/\/www.europesays.com\/pt\/171788\/"},"modified":"2025-12-01T13:34:11","modified_gmt":"2025-12-01T13:34:11","slug":"exclusivo-a-protegida-gina-conta-que-goncalo-e-o-pai-verdadeiro-de-nuninho-novelas","status":"publish","type":"post","link":"https:\/\/www.europesays.com\/pt\/171788\/","title":{"rendered":"Exclusivo \u00abA Protegida\u00bb: Gina conta que Gon\u00e7alo \u00e9 o pai verdadeiro de Nuninho &#8211; Novelas"},"content":{"rendered":"<p>Em \u00abA Protegida\u00bb, <a href=\"https:\/\/tvi.iol.pt\/novelas\/videos\/a-protegida-gina-deixa-nuno-frustrado-com-revelacao-inesperada\/6839c1f90cf28cf887680b32\" rel=\"nofollow noopener\" target=\"_blank\">Gina (Paula Neves)<\/a>\u00a0ajuda <a href=\"https:\/\/tvi.iol.pt\/novelas\/ator\/mariana-vilalobos\/67ac80ecd34ef72ee44224fe\" wbo-id=\"51\" rel=\"nofollow noopener\" target=\"_blank\">Mariana (Matilde Reym\u00e3o)<\/a>\u00a0a embalar a comida para dar aos ex-trabalhadores da f\u00e1brica e elogia a iniciativa dela. Mariana diz que lhe faz confus\u00e3o que <a href=\"https:\/\/tvi.iol.pt\/novelas\/joao-bettencourt\/catarina-nifo\/vem-ai-a-protegida-goncalo-fica-paralisado-no-chao\" rel=\"nofollow noopener\" target=\"_blank\">Gon\u00e7alo (Jo\u00e3o Bettencourt)<\/a>\u00a0seja t\u00e3o bom mi\u00fado, tendo sido criado por Jorge e Clarice. Gina fica nervosa com a men\u00e7\u00e3o a Gon\u00e7alo e conta a Mariana que ele \u00e9 o verdadeiro pai de Nuninho. Mariana fica em choque.<\/p>\n<p>Gina j\u00e1 contou a Mariana o que aconteceu e o pacto que fizeram os tr\u00eas. Mariana n\u00e3o concorda que escondam quem \u00e9 o verdadeiro pai de Nuninho e nem deviam impedir Gon\u00e7alo de ver o filho. Mariana relembra Gina do que fez a JD e de como percebeu que estava errada. Gina fica a pensar naquilo.\u00a0 Gon\u00e7alo diz a Nuno que est\u00e1 arrependido do que prometeu e que quer ficar em Elvas e assumir a paternidade do filho. Nuno fica em choque e diz-lhe que n\u00e3o pode fazer isso, pois n\u00e3o foi isso que combinaram. Gon\u00e7alo diz que n\u00e3o pensou bem no assunto, porque se sentia culpado, mas n\u00e3o quer que o filho cres\u00e7a envolto em mentiras.<\/p>\n<p>\u00a0Gina chega a casa e estranha ver Gon\u00e7alo. Nuno percebe que eles estiveram juntos em casa de Mariana e acha que foi por isso que Gon\u00e7alo mudou de ideias. <a href=\"https:\/\/tvi.iol.pt\/novelas\/videos\/nuno-acusa-gina-de-roubo-de-bebe-apos-telefonema-da-seguranca-social\/68a4a1420cf216cd3ad3a105\" rel=\"nofollow noopener\" target=\"_blank\">Nuno (Tiago Teot\u00f3nio Pereira)<\/a>\u00a0conta a Gina que Gon\u00e7alo voltou com a palavra atr\u00e1s e quer ficar em Elvas. Gon\u00e7alo defende que todos merecem saber a verdade, inclusive Nuninho. Gina fica sem saber o que fazer.<\/p>\n","protected":false},"excerpt":{"rendered":"Em \u00abA Protegida\u00bb, Gina (Paula Neves)\u00a0ajuda Mariana (Matilde Reym\u00e3o)\u00a0a embalar a comida para dar aos ex-trabalhadores da f\u00e1brica&hellip;\n","protected":false},"author":2,"featured_media":171789,"comment_status":"","ping_status":"","sticky":false,"template":"","format":"standard","meta":{"footnotes":""},"categories":[142],"tags":[168,160,166,114,115,157,167,3120,7991,1407,164,884,881,161,158,3119,165,159,32,33,156,163,151,162],"class_list":{"0":"post-171788","1":"post","2":"type-post","3":"status-publish","4":"format-standard","5":"has-post-thumbnail","7":"category-tv","8":"tag-a-protegida","9":"tag-ana-guiomar","10":"tag-cristina-ferreira","11":"tag-entertainment","12":"tag-entretenimento","13":"tag-festa-e-festa","14":"tag-ficcao","15":"tag-gina","16":"tag-goncalo","17":"tag-joao-bettencourt","18":"tag-jose-fidalgo","19":"tag-mariana","20":"tag-matilde-reymao","21":"tag-novelas","22":"tag-para-sempre","23":"tag-paula-neves","24":"tag-pedro-sousa","25":"tag-pedro-teixeira","26":"tag-portugal","27":"tag-pt","28":"tag-queridos-papas","29":"tag-tiago-teotonio-pereira","30":"tag-tv","31":"tag-tvi"},"share_on_mastodon":{"url":"https:\/\/pubeurope.com\/@pt\/115644574189664291","error":""},"_links":{"self":[{"href":"https:\/\/www.europesays.com\/pt\/wp-json\/wp\/v2\/posts\/171788","targetHints":{"allow":["GET"]}}],"collection":[{"href":"https:\/\/www.europesays.com\/pt\/wp-json\/wp\/v2\/posts"}],"about":[{"href":"https:\/\/www.europesays.com\/pt\/wp-json\/wp\/v2\/types\/post"}],"author":[{"embeddable":true,"href":"https:\/\/www.europesays.com\/pt\/wp-json\/wp\/v2\/users\/2"}],"replies":[{"embeddable":true,"href":"https:\/\/www.europesays.com\/pt\/wp-json\/wp\/v2\/comments?post=171788"}],"version-history":[{"count":0,"href":"https:\/\/www.europesays.com\/pt\/wp-json\/wp\/v2\/posts\/171788\/revisions"}],"wp:featuredmedia":[{"embeddable":true,"href":"https:\/\/www.europesays.com\/pt\/wp-json\/wp\/v2\/media\/171789"}],"wp:attachment":[{"href":"https:\/\/www.europesays.com\/pt\/wp-json\/wp\/v2\/media?parent=171788"}],"wp:term":[{"taxonomy":"category","embeddable":true,"href":"https:\/\/www.europesays.com\/pt\/wp-json\/wp\/v2\/categories?post=171788"},{"taxonomy":"post_tag","embeddable":true,"href":"https:\/\/www.europesays.com\/pt\/wp-json\/wp\/v2\/tags?post=171788"}],"curies":[{"name":"wp","href":"https:\/\/api.w.org\/{rel}","templated":true}]}}