{"id":171804,"date":"2025-12-01T13:47:13","date_gmt":"2025-12-01T13:47:13","guid":{"rendered":"https:\/\/www.europesays.com\/pt\/171804\/"},"modified":"2025-12-01T13:47:13","modified_gmt":"2025-12-01T13:47:13","slug":"ataque-com-drones-navais-paralisa-grande-terminal-de-petroleo-russo","status":"publish","type":"post","link":"https:\/\/www.europesays.com\/pt\/171804\/","title":{"rendered":"Ataque com drones navais paralisa grande terminal de petr\u00f3leo russo"},"content":{"rendered":"\n<p class=\" content-text__container theme-color-primary-first-letter\" data-track-category=\"Link no Texto\" data-track-links=\"\"> Um dos maiores terminais de petr\u00f3leo da R\u00fassia interrompeu suas atividades, neste s\u00e1bado (29), devido a um ataque com drones navais, antes de novos di\u00e1logos entre americanos e ucranianos para p\u00f4r fim \u00e0 guerra na Ucr\u00e2nia. <\/p>\n<ul class=\"content-unordered-list\">\n<li><strong>Leia mais:<\/strong> <a class=\"\" href=\"https:\/\/oglobo.globo.com\/mundo\/noticia\/2025\/11\/29\/ucrania-reivindica-ataque-a-petroleiros-da-frota-fantasma-russa-no-mar-negro.ghtml\" rel=\"nofollow noopener\" target=\"_blank\">Ucr\u00e2nia reivindica ataque a petroleiros da frota fantasma russa no Mar Negro<\/a><\/li>\n<li><strong>Sob press\u00e3o de Washington:<\/strong> <a class=\"\" href=\"https:\/\/oglobo.globo.com\/mundo\/noticia\/2025\/11\/25\/sob-pressao-de-washington-e-abalado-por-escandalo-de-corrupcao-zelensky-perde-forca-em-momento-critico-da-guerra.ghtml\" rel=\"nofollow noopener\" target=\"_blank\">Zelensky, abalado por esc\u00e2ndalo de corrup\u00e7\u00e3o, perde for\u00e7a em momento cr\u00edtico da guerra<\/a><\/li>\n<\/ul>\n<p class=\" content-text__container \" data-track-category=\"Link no Texto\" data-track-links=\"\"> Esse novo encontro nos Estados Unidos foi ofuscado pela destitui\u00e7\u00e3o do bra\u00e7o direito do presidente ucraniano, Volodimir Zelensky, que deveria liderar a delega\u00e7\u00e3o, e pela troca de hostilidades entre os dois lados. <\/p>\n<p class=\" content-text__container \" data-track-category=\"Link no Texto\" data-track-links=\"\"> Neste s\u00e1bado, parte da Ucr\u00e2nia acordou sob uma chuva de drones e m\u00edsseis russos, que mataram tr\u00eas pessoas e causaram danos em v\u00e1rios edif\u00edcios de Kiev, segundo as autoridades. <\/p>\n<p class=\" content-text__container \" data-track-category=\"Link no Texto\" data-track-links=\"\"> As explos\u00f5es noturnas mantiveram muitos moradores acordados durante a noite, verificaram jornalistas da AFP, e deixaram meio milh\u00e3o de resid\u00eancias sem eletricidade na capital, informou o Minist\u00e9rio da Energia. <\/p>\n<p class=\" content-text__container \" data-track-category=\"Link no Texto\" data-track-links=\"\"> &#8220;Ouvimos uma explos\u00e3o muito forte&#8221;, contou Natalia Shkoda, de 43 anos. &#8220;Meu marido disse: &#8216;Pode ter atingido nosso carro&#8217;. E quando fui l\u00e1 fora, o vi em chamas&#8221;, acrescentou. <\/p>\n<p>      <img decoding=\"async\" class=\"content-media__image\"  src=\"https:\/\/www.europesays.com\/pt\/wp-content\/uploads\/2025\/12\/afp-20251129-86jy2cr-v2-midres-topshotrussiaukraineconflict.jpg\" alt=\"As imagens divulgadas pelo Servi\u00e7o de Seguran\u00e7a da Ucr\u00e2nia mostram o que eles afirmam serem ataques de drones mar\u00edtimos contra petroleiros no Mar Negro \u2014 Foto: SERVI\u00c7O DE SEGURAN\u00c7A DA UCR\u00c2NIA \/ AFP\" width=\"1200\" height=\"686\" loading=\"lazy\"\/>  As imagens divulgadas pelo Servi\u00e7o de Seguran\u00e7a da Ucr\u00e2nia mostram o que eles afirmam serem ataques de drones mar\u00edtimos contra petroleiros no Mar Negro \u2014 Foto: SERVI\u00c7O DE SEGURAN\u00c7A DA UCR\u00c2NIA \/ AFP       <\/p>\n<p class=\" content-text__container \" data-track-category=\"Link no Texto\" data-track-links=\"\"> O chefe da administra\u00e7\u00e3o militar da cidade, Timur Tkachenko, denunciou o ocorrido como &#8220;uma tentativa por parte dos russos de pura e simplesmente aterrorizar a popula\u00e7\u00e3o civil&#8221;. Tamb\u00e9m neste s\u00e1bado, drones navais atacaram um importante terminal petrol\u00edfero no porto russo de Novorossiysk, no sul do pa\u00eds e \u00e0s margens do mar Negro. <\/p>\n<p class=\" content-text__container \" data-track-category=\"Link no Texto\" data-track-links=\"\"> O Cons\u00f3rcio do Oleoduto do C\u00e1spio (CPC), propriet\u00e1rio do terminal que inclui grupos americanos como Chevron e ExxonMobil, denunciou a a\u00e7\u00e3o como &#8220;um ataque terrorista&#8221;. Como consequ\u00eancia, um dos pontos de atraca\u00e7\u00e3o do terminal ficou inoperante e a empresa anunciou que as atividades ser\u00e3o retomadas &#8220;assim que as amea\u00e7as de drones forem eliminadas&#8221;. <\/p>\n<p class=\" content-text__container \" data-track-category=\"Link no Texto\" data-track-links=\"\"> O oleoduto do CPC, que come\u00e7a no Cazaquist\u00e3o, \u00e9 uma importante via de transporte para o petr\u00f3leo cazaque e um dos maiores do mundo em termos de volume, pois gerencia cerca de 1% do fornecimento global. A Ucr\u00e2nia n\u00e3o fez coment\u00e1rios, nem reivindicou essa a\u00e7\u00e3o. Por outro lado, assumiu a responsabilidade pelos ataques contra dois petroleiros no mar Negro, que supostamente transportavam petr\u00f3leo russo. <\/p>\n<p class=\" content-text__container \" data-track-category=\"Link no Texto\" data-track-links=\"\"> Os dois navios foram atingidos por explos\u00f5es em frente \u00e0 costa turca na sexta-feira \u00e0 tarde, indicou o Minist\u00e9rio dos Transportes do pa\u00eds eurasi\u00e1tico. Um deles foi atacado novamente no s\u00e1bado. Uma fonte do servi\u00e7o de seguran\u00e7a ucraniano SBU disse \u00e0 AFP que &#8220;drones navais atacaram com sucesso as embarca\u00e7\u00f5es&#8221;. <\/p>\n","protected":false},"excerpt":{"rendered":"Um dos maiores terminais de petr\u00f3leo da R\u00fassia interrompeu suas atividades, neste s\u00e1bado (29), devido a um ataque&hellip;\n","protected":false},"author":2,"featured_media":171805,"comment_status":"","ping_status":"","sticky":false,"template":"","format":"standard","meta":{"footnotes":""},"categories":[8],"tags":[27,28,15,16,319,14,25,26,21,22,12,13,19,20,32,23,24,33,318,17,18,29,30,31],"class_list":{"0":"post-171804","1":"post","2":"type-post","3":"status-publish","4":"format-standard","5":"has-post-thumbnail","7":"category-principais-noticias","8":"tag-breaking-news","9":"tag-breakingnews","10":"tag-featured-news","11":"tag-featurednews","12":"tag-hard-news","13":"tag-headlines","14":"tag-latest-news","15":"tag-latestnews","16":"tag-main-news","17":"tag-mainnews","18":"tag-news","19":"tag-noticias","20":"tag-noticias-principais","21":"tag-noticiasprincipais","22":"tag-portugal","23":"tag-principais-noticias","24":"tag-principaisnoticias","25":"tag-pt","26":"tag-radar","27":"tag-top-stories","28":"tag-topstories","29":"tag-ultimas","30":"tag-ultimas-noticias","31":"tag-ultimasnoticias"},"share_on_mastodon":{"url":"https:\/\/pubeurope.com\/@pt\/115644625554865578","error":""},"_links":{"self":[{"href":"https:\/\/www.europesays.com\/pt\/wp-json\/wp\/v2\/posts\/171804","targetHints":{"allow":["GET"]}}],"collection":[{"href":"https:\/\/www.europesays.com\/pt\/wp-json\/wp\/v2\/posts"}],"about":[{"href":"https:\/\/www.europesays.com\/pt\/wp-json\/wp\/v2\/types\/post"}],"author":[{"embeddable":true,"href":"https:\/\/www.europesays.com\/pt\/wp-json\/wp\/v2\/users\/2"}],"replies":[{"embeddable":true,"href":"https:\/\/www.europesays.com\/pt\/wp-json\/wp\/v2\/comments?post=171804"}],"version-history":[{"count":0,"href":"https:\/\/www.europesays.com\/pt\/wp-json\/wp\/v2\/posts\/171804\/revisions"}],"wp:featuredmedia":[{"embeddable":true,"href":"https:\/\/www.europesays.com\/pt\/wp-json\/wp\/v2\/media\/171805"}],"wp:attachment":[{"href":"https:\/\/www.europesays.com\/pt\/wp-json\/wp\/v2\/media?parent=171804"}],"wp:term":[{"taxonomy":"category","embeddable":true,"href":"https:\/\/www.europesays.com\/pt\/wp-json\/wp\/v2\/categories?post=171804"},{"taxonomy":"post_tag","embeddable":true,"href":"https:\/\/www.europesays.com\/pt\/wp-json\/wp\/v2\/tags?post=171804"}],"curies":[{"name":"wp","href":"https:\/\/api.w.org\/{rel}","templated":true}]}}