{"id":171812,"date":"2025-12-01T13:56:08","date_gmt":"2025-12-01T13:56:08","guid":{"rendered":"https:\/\/www.europesays.com\/pt\/171812\/"},"modified":"2025-12-01T13:56:08","modified_gmt":"2025-12-01T13:56:08","slug":"vicio-do-tabaco-de-szczesny-assenta-em-pacto-com-hansi-flick","status":"publish","type":"post","link":"https:\/\/www.europesays.com\/pt\/171812\/","title":{"rendered":"V\u00edcio do tabaco de Szczesny assenta em pacto com Hansi Flick"},"content":{"rendered":"<p>Por norma, os futebolistas profissionais andam de m\u00e3os dadas com h\u00e1bitos de vida saud\u00e1veis, mas, como n\u00e3o h\u00e1 regra que n\u00e3o tenha exce\u00e7\u00e3o, de vez em quando l\u00e1 aparecem casos como os de <a class=\"autolink-enabled\" data-resource-id=\"2519\" data-resource-type=\"player\" data-sport=\"football\" href=\"https:\/\/www.abola.pt\/futebol\/jogador\/wojciech-szczesny-2519\" rel=\"nofollow noopener\" target=\"_blank\">Wojciech Szczesny<\/a>.<\/p>\n<p>O guarda-redes do <a class=\"autolink-enabled\" href=\"https:\/\/www.abola.pt\/futebol\/barcelona-205\" data-resource-id=\"205\" data-resource-type=\"team\" data-sport=\"football\" rel=\"nofollow noopener\" target=\"_blank\">Barcelona<\/a> \u00e9 fumador h\u00e1 v\u00e1rios anos e, numa entrevista \u00e0 edi\u00e7\u00e3o polaca da revista GQ, revelou que firmou um pacto com o treinador, Hansi Flick, para evitar a priva\u00e7\u00e3o do tabaco. \u00abEu e o treinador est\u00e1vamos sentados na sauna e eu perguntei-lhe o que achava. Ele disse-me que o importante \u00e9 o que fa\u00e7o em campo. &#8216;Enquanto fores super profissional, podes fumar at\u00e9 durante o desfile do t\u00edtulo&#8217;, foi o que me disse\u00bb, revelou o jogador, de 35 anos.<\/p>\n<p>Por\u00e9m, nem todos os t\u00e9cnicos s\u00e3o tolerantes como o homem do leme do Bar\u00e7a e, na mesma entrevista, <a class=\"autolink-enabled\" data-resource-id=\"2519\" data-resource-type=\"player\" data-sport=\"football\" href=\"https:\/\/www.abola.pt\/futebol\/jogador\/wojciech-szczesny-2519\" rel=\"nofollow noopener\" target=\"_blank\">Szczesny<\/a> recordou um epis\u00f3dio com Ars\u00e8ne Wenger no <a class=\"autolink-enabled\" data-resource-id=\"97\" data-resource-type=\"team\" data-sport=\"football\" href=\"https:\/\/www.abola.pt\/futebol\/arsenal-97\" rel=\"nofollow noopener\" target=\"_blank\">Arsenal<\/a>, onde o guardi\u00e3o concluiu a forma\u00e7\u00e3o e atuou durante v\u00e1rias \u00e9pocas, antes de rumar \u00e0 <a class=\"autolink-enabled\" data-resource-id=\"255\" data-resource-type=\"team\" data-sport=\"football\" href=\"https:\/\/www.abola.pt\/futebol\/juventus-255\" rel=\"nofollow noopener\" target=\"_blank\">Juventus<\/a>. Ap\u00f3s uma derrota (2-0) com o <a class=\"autolink-enabled\" data-resource-id=\"84\" data-resource-type=\"team\" data-sport=\"football\" href=\"https:\/\/www.abola.pt\/futebol\/southampton-84\" rel=\"nofollow noopener\" target=\"_blank\">Southampton<\/a>, em janeiro de 2015, o internacional polaco puxou de um cigarro&#8230; que saiu caro.<\/p>\n<p>\u00abNo <a class=\"autolink-enabled\" data-resource-id=\"97\" data-resource-type=\"team\" data-sport=\"football\" href=\"https:\/\/www.abola.pt\/futebol\/arsenal-97\" rel=\"nofollow noopener\" target=\"_blank\">Arsenal<\/a>, era proibido fumar no balne\u00e1rio. O treinador sabia que eu fumava. Fumava sempre depois dos jogos. Ou melhor, eu acho que ele sabia, mas fingiu que n\u00e3o se passava nada. Naquele dia estive muito mal e, quando acendi o cigarro, Ars\u00e8ne Wenger viu-me. E expulsou-me. Hoje, seria algo que n\u00e3o aconteceria, porque teria criado uma rela\u00e7\u00e3o com o treinador que me permitiria dizer-lhe: &#8216;Lamento, mas sinto a necessidade de fumar no balne\u00e1rio. Tenho pena, sei que n\u00e3o gosta disso, mas fumarei fora do relvado para n\u00e3o dar um mau exemplo&#8217;\u00bb, prosseguiu <a class=\"autolink-enabled\" data-resource-id=\"2519\" data-resource-type=\"player\" data-sport=\"football\" href=\"https:\/\/www.abola.pt\/futebol\/jogador\/wojciech-szczesny-2519\" rel=\"nofollow noopener\" target=\"_blank\">Szczesny<\/a>.<\/p>\n<p>Depois desse epis\u00f3dio, o guarda-redes realizou apenas mais cinco encontros com a camisola dos gunners, acabando por rumar a It\u00e1lia no final da temporada.<\/p>\n<p><a target=\"_blank\" class=\"editor-link\" href=\"https:\/\/profile.google.com\/cp\/CgkvbS8wNWNjOHQ?pf=0\" rel=\"nofollow noopener\">Siga o perfil de A BOLA no Google<\/a><\/p>\n","protected":false},"excerpt":{"rendered":"Por norma, os futebolistas profissionais andam de m\u00e3os dadas com h\u00e1bitos de vida saud\u00e1veis, mas, como n\u00e3o h\u00e1&hellip;\n","protected":false},"author":2,"featured_media":171813,"comment_status":"","ping_status":"","sticky":false,"template":"","format":"standard","meta":{"footnotes":""},"categories":[87],"tags":[135,32,33,134],"class_list":{"0":"post-171812","1":"post","2":"type-post","3":"status-publish","4":"format-standard","5":"has-post-thumbnail","7":"category-desporto","8":"tag-desporto","9":"tag-portugal","10":"tag-pt","11":"tag-sports"},"share_on_mastodon":{"url":"https:\/\/pubeurope.com\/@pt\/115644660768396831","error":""},"_links":{"self":[{"href":"https:\/\/www.europesays.com\/pt\/wp-json\/wp\/v2\/posts\/171812","targetHints":{"allow":["GET"]}}],"collection":[{"href":"https:\/\/www.europesays.com\/pt\/wp-json\/wp\/v2\/posts"}],"about":[{"href":"https:\/\/www.europesays.com\/pt\/wp-json\/wp\/v2\/types\/post"}],"author":[{"embeddable":true,"href":"https:\/\/www.europesays.com\/pt\/wp-json\/wp\/v2\/users\/2"}],"replies":[{"embeddable":true,"href":"https:\/\/www.europesays.com\/pt\/wp-json\/wp\/v2\/comments?post=171812"}],"version-history":[{"count":0,"href":"https:\/\/www.europesays.com\/pt\/wp-json\/wp\/v2\/posts\/171812\/revisions"}],"wp:featuredmedia":[{"embeddable":true,"href":"https:\/\/www.europesays.com\/pt\/wp-json\/wp\/v2\/media\/171813"}],"wp:attachment":[{"href":"https:\/\/www.europesays.com\/pt\/wp-json\/wp\/v2\/media?parent=171812"}],"wp:term":[{"taxonomy":"category","embeddable":true,"href":"https:\/\/www.europesays.com\/pt\/wp-json\/wp\/v2\/categories?post=171812"},{"taxonomy":"post_tag","embeddable":true,"href":"https:\/\/www.europesays.com\/pt\/wp-json\/wp\/v2\/tags?post=171812"}],"curies":[{"name":"wp","href":"https:\/\/api.w.org\/{rel}","templated":true}]}}