{"id":171819,"date":"2025-12-01T14:01:10","date_gmt":"2025-12-01T14:01:10","guid":{"rendered":"https:\/\/www.europesays.com\/pt\/171819\/"},"modified":"2025-12-01T14:01:10","modified_gmt":"2025-12-01T14:01:10","slug":"nato-admite-resposta-mais-agressiva-as-operacoes-hibridas-da-russia","status":"publish","type":"post","link":"https:\/\/www.europesays.com\/pt\/171819\/","title":{"rendered":"NATO admite resposta mais \u201cagressiva\u201d \u00e0s opera\u00e7\u00f5es h\u00edbridas da R\u00fassia"},"content":{"rendered":"<p>\t                O chefe m\u00e1ximo militar da NATO diz que a alian\u00e7a est\u00e1 a ponderar deixar de reagir apenas depois dos ataques cibern\u00e9ticos e sabotagens atribu\u00eddos \u00e0 R\u00fassia e passar a actuar de forma mais assertiva, incluindo, em certos cen\u00e1rios, a\u00e7\u00f5es \u201cpreventivas\u201d apresentadas como defesa<\/p>\n<p data-end=\"84\" data-start=\"0\">O alerta vem do almirante Giuseppe Cavo Dragone, presidente do Comit\u00e9 Militar da NATO, num momento em que os aliados somam incidentes: cabos submarinos danificados no B\u00e1ltico, ciberataques sobre infra-estruturas civis, viola\u00e7\u00f5es de espa\u00e7o a\u00e9reo. \u201cEstamos a estudar tudo. No ciberespa\u00e7o, somos um pouco reactivos. Ser mais agressivos ou ser proactivos em vez de reactivos \u00e9 algo em que estamos a pensar\u201d, <a href=\"https:\/\/www.ft.com\/content\/dbd93caa-3c62-48bb-9eba-08c25f31ab02\" rel=\"nofollow noopener\" target=\"_blank\">disse Dragone ao Financial Times<\/a>.<\/p>\n<p data-end=\"84\" data-start=\"0\">O almirante chegou a admitir que, em determinadas circunst\u00e2ncias, um \u201cataque preventivo\u201d possa ser entendido como \u201cac\u00e7\u00e3o defensiva\u201d, embora sublinhe que essa abordagem est\u00e1 \u201clonge da nossa forma normal de pensar e de agir\u201d.<\/p>\n<p data-end=\"2003\" data-start=\"1128\">A press\u00e3o vem sobretudo da ala Leste da alian\u00e7a, que h\u00e1 anos reclama uma postura menos passiva face ao que classifica como guerra h\u00edbrida russa. Pequenos golpes baratos para Moscovo, caros para quem os sofre. Dragone admite que \u201cser mais agressivo em compara\u00e7\u00e3o com a agressividade do nosso contraparte\u201d \u00e9 uma hip\u00f3tese em cima da mesa, mas lembra que h\u00e1 obst\u00e1culos de peso. \u201cQuadro legal, quadro jurisdicional: quem \u00e9 que o faz?\u201d, questionou, ao\u00a0Financial Times.<\/p>\n<p data-end=\"2003\" data-start=\"1128\">O caso da Eagle S, um navio ligado \u00e0 R\u00fassia suspeito de ter danificado cabos de energia e dados no B\u00e1ltico, ilustra essas limita\u00e7\u00f5es: um tribunal finland\u00eas arquivou o processo por o incidente ter ocorrido em \u00e1guas internacionais, o que, nas palavras da ministra dos Neg\u00f3cios Estrangeiros finlandesa, Elina Valtonen, acaba por dar \u201ccarta branca\u201d a navios russos fora das \u00e1guas territoriais, mesmo com aliados a pedir uma resposta mais firme.<\/p>\n<p data-end=\"2653\" data-start=\"2005\">Ao mesmo tempo, Dragone aponta para o exerc\u00edcio Baltic Sentry como prova de que a dissuas\u00e3o ainda funciona. Desde que navios, avi\u00f5es e drones navais aliados passaram a patrulhar as infra-estruturas cr\u00edticas no B\u00e1ltico, \u201cnada aconteceu\u201d, diz, o que para a NATO significa que a presen\u00e7a tem travado novos ataques.<\/p>\n<p data-end=\"2653\" data-start=\"2005\">A quest\u00e3o, insiste o almirante, \u00e9 o que fazer a seguir: \u201cComo \u00e9 que se alcan\u00e7a a dissuas\u00e3o \u2014 atrav\u00e9s de retalia\u00e7\u00e3o, atrav\u00e9s de um ataque preventivo \u2014 \u00e9 algo que temos de analisar em profundidade, porque no futuro poder\u00e1 haver ainda mais press\u00e3o\u201d. Press\u00e3o para responder a opera\u00e7\u00f5es h\u00edbridas com meios que v\u00e3o al\u00e9m dos comunicados de condena\u00e7\u00e3o.<\/p>\n","protected":false},"excerpt":{"rendered":"O chefe m\u00e1ximo militar da NATO diz que a alian\u00e7a est\u00e1 a ponderar deixar de reagir apenas depois&hellip;\n","protected":false},"author":2,"featured_media":171820,"comment_status":"","ping_status":"","sticky":false,"template":"","format":"standard","meta":{"footnotes":""},"categories":[50],"tags":[609,27131,611,27,28,607,608,610,15,16,830,14,82,25,26,570,21,22,62,3400,12,13,19,20,23,24,3813,839,17,18,840,29,30,31,63,64,65,3814],"class_list":{"0":"post-171819","1":"post","2":"type-post","3":"status-publish","4":"format-standard","5":"has-post-thumbnail","7":"category-mundo","8":"tag-alerta","9":"tag-ameacas","10":"tag-ao-minuto","11":"tag-breaking-news","12":"tag-breakingnews","13":"tag-cnn","14":"tag-cnn-portugal","15":"tag-direto","16":"tag-featured-news","17":"tag-featurednews","18":"tag-guerra","19":"tag-headlines","20":"tag-internacional","21":"tag-latest-news","22":"tag-latestnews","23":"tag-live","24":"tag-main-news","25":"tag-mainnews","26":"tag-mundo","27":"tag-nato","28":"tag-news","29":"tag-noticias","30":"tag-noticias-principais","31":"tag-noticiasprincipais","32":"tag-principais-noticias","33":"tag-principaisnoticias","34":"tag-putin","35":"tag-russia","36":"tag-top-stories","37":"tag-topstories","38":"tag-ucrania","39":"tag-ultimas","40":"tag-ultimas-noticias","41":"tag-ultimasnoticias","42":"tag-world","43":"tag-world-news","44":"tag-worldnews","45":"tag-zelensky"},"share_on_mastodon":{"url":"","error":"Validation failed: Text character limit of 500 exceeded"},"_links":{"self":[{"href":"https:\/\/www.europesays.com\/pt\/wp-json\/wp\/v2\/posts\/171819","targetHints":{"allow":["GET"]}}],"collection":[{"href":"https:\/\/www.europesays.com\/pt\/wp-json\/wp\/v2\/posts"}],"about":[{"href":"https:\/\/www.europesays.com\/pt\/wp-json\/wp\/v2\/types\/post"}],"author":[{"embeddable":true,"href":"https:\/\/www.europesays.com\/pt\/wp-json\/wp\/v2\/users\/2"}],"replies":[{"embeddable":true,"href":"https:\/\/www.europesays.com\/pt\/wp-json\/wp\/v2\/comments?post=171819"}],"version-history":[{"count":0,"href":"https:\/\/www.europesays.com\/pt\/wp-json\/wp\/v2\/posts\/171819\/revisions"}],"wp:featuredmedia":[{"embeddable":true,"href":"https:\/\/www.europesays.com\/pt\/wp-json\/wp\/v2\/media\/171820"}],"wp:attachment":[{"href":"https:\/\/www.europesays.com\/pt\/wp-json\/wp\/v2\/media?parent=171819"}],"wp:term":[{"taxonomy":"category","embeddable":true,"href":"https:\/\/www.europesays.com\/pt\/wp-json\/wp\/v2\/categories?post=171819"},{"taxonomy":"post_tag","embeddable":true,"href":"https:\/\/www.europesays.com\/pt\/wp-json\/wp\/v2\/tags?post=171819"}],"curies":[{"name":"wp","href":"https:\/\/api.w.org\/{rel}","templated":true}]}}