{"id":171821,"date":"2025-12-01T14:02:14","date_gmt":"2025-12-01T14:02:14","guid":{"rendered":"https:\/\/www.europesays.com\/pt\/171821\/"},"modified":"2025-12-01T14:02:14","modified_gmt":"2025-12-01T14:02:14","slug":"venezuela-secretario-de-estado-garante-que-comunidade-portuguesa-esta-tranquila","status":"publish","type":"post","link":"https:\/\/www.europesays.com\/pt\/171821\/","title":{"rendered":"Venezuela. Secret\u00e1rio de Estado garante que comunidade portuguesa &#8220;est\u00e1 tranquila&#8221;"},"content":{"rendered":"<p>De acordo com os dados oficiais do executivo, <b>h\u00e1 300 mil portugueses ou lusodescendentes a viver na Venezuela. No entanto, o secret\u00e1rio de Estado admite que este n\u00famero possa ser muito mais elevado porque muitos n\u00e3o estar\u00e3o registados.\u00a0 <\/b><br \/>\n          <img decoding=\"async\" itemprop=\"image\" class=\"img-fluid\"   src=\"https:\/\/www.europesays.com\/pt\/wp-content\/uploads\/2025\/12\/151fc90319abc93435a2729516108531_N.jpg\"\/><\/p>\n<p>\u00a0Questionado sobre a recente tens\u00e3o entre Caracas e Washington, <b>o secret\u00e1rio de Estado das Comunidades real\u00e7ou a situa\u00e7\u00e3o de &#8220;perfeita normalidade&#8221; para os portugueses na Venezuela, com a comunidade &#8220;perfeitamente tranquila&#8221;, at\u00e9 porque j\u00e1 tem &#8220;alguma experi\u00eancia de situa\u00e7\u00f5es de crise&#8221;.\u00a0&#13;<br \/>\n<\/b><\/p>\n<p>&#13;<br \/>\nEm\u00eddio Sousa vincou que tem falado com os servi\u00e7os oficiais mas tamb\u00e9m com amigos que est\u00e3o no pa\u00eds. Este domingo, por exemplo, &#8220;as pessoas fizeram a sua vida habitual&#8221;, garantiu.\u00a0&#13;\n<\/p>\n<p>&#13;<br \/>\nQuestionado sobre um eventual regresso de lusodescendentes a Portugal, <b>o secret\u00e1rio de Estado voltou a insistir que a comunidade portuguesa &#8220;est\u00e1 tranquila&#8221; e lembrou que o pa\u00eds &#8220;vive uma situa\u00e7\u00e3o de crise j\u00e1 h\u00e1 alguns anos&#8221;.&#13;<br \/>\n<\/b>&#13;\n<\/p>\n<p>&#13;<br \/>\nO respons\u00e1vel afirmou que est\u00e1 em contacto permanente com os c\u00f4nsules e com o embaixador, ressalvando os canais de contacto com os Consulados e a Embaixada, bem como os canais de WhatsApp entretanto divulgados pelo Minist\u00e9rio dos Neg\u00f3cios Estrangeiros.&#13;\n<\/p>\n<p>Este domingo, em <a href=\"https:\/\/www.rtp.pt\/noticias\/mundo\/venezuela-mne-diz-nao-ter-registo-de-situacoes-com-portugueses-que-justifiquem-alarme_n1701719\" target=\"_blank\" rel=\"nofollow noopener\">comunicado<\/a>,\u00a0o Minist\u00e9rio dos Neg\u00f3cios Estrangeiros indicava que n\u00e3o havia, at\u00e9 ao momento, &#8220;qualquer situa\u00e7\u00e3o que justifique alarme&#8221;, mas garantindo que tem planos de conting\u00eancias de natureza &#8220;naturalmente reservada&#8221;.<\/p>\n<p>Desde setembro que as tens\u00f5es entre Caracas e Washington se t\u00eam exacerbado, <b>com os Estados Unidos a enviarem um destacamento naval e a\u00e9reo para as \u00e1guas das Cara\u00edbas perto da Venezuela, com o pretexto de combate ao narcotr\u00e1fico.\u00a0<\/b><\/p>\n<p>Uma portuguesa que vive na Venezuela h\u00e1 mais de 50 anos descrevia este domingo, <a href=\"https:\/\/www.rtp.pt\/noticias\/mundo\/portuguesa-na-venezuela-denuncia-miseria-e-caos-no-pais_v1701739\" target=\"_blank\" rel=\"nofollow noopener\">em entrevista \u00e0 RTP<\/a>, o cen\u00e1rio de &#8220;caos e mis\u00e9ria&#8221; no pa\u00eds.\u00a0&#13;<\/p>\n<p>\nA situa\u00e7\u00e3o levou a Administra\u00e7\u00e3o Federal de Avia\u00e7\u00e3o dos Estados Unidos (FAA) a recomendar &#8220;extrema cautela&#8221; ao sobrevoar a Venezuela e o sul das Cara\u00edbas no passado dia 21 de novembro, citando uma situa\u00e7\u00e3o &#8220;potencialmente perigosa&#8221; na regi\u00e3o. <\/p>\n<p>V\u00e1rias companhias a\u00e9reas, incluindo a TAP, ordenaram a suspens\u00e3o dos voos para aquele pa\u00eds e <b>o Governo de Caracas respondeu com a revoga\u00e7\u00e3o das licen\u00e7as de opera\u00e7\u00e3o da TAP<\/b>, Iberia, Avianca, Latam Colombia, Turkish Airlines e Gol, acusando estas transportadoras de se &#8220;unirem a atos de terrorismo&#8221; promovidos pelos EUA. <\/p>\n<p>Na \u00faltima quinta-feira, Donald Trump admitiu mesmo opera\u00e7\u00f5es terrestres em territ\u00f3rio venezuelano na luta contra os cart\u00e9is de droga. E no s\u00e1bado, o presidente norte-americano avisou que o espa\u00e7o a\u00e9reo da Venezuela <a href=\"https:\/\/www.rtp.pt\/noticias\/mundo\/trump-afirma-que-espaco-aereo-da-venezuela-esta-totalmente-fechado_n1701525\" target=\"_blank\" rel=\"nofollow noopener\">deve ser considerado &#8220;totalmente fechado&#8221;<\/a>. Nicol\u00e1s Maduro respondeu que se trata de uma &#8220;amea\u00e7a colonialista&#8221; por parte dos Estados Unidos.\u00a0&#13;<\/p>\n","protected":false},"excerpt":{"rendered":"De acordo com os dados oficiais do executivo, h\u00e1 300 mil portugueses ou lusodescendentes a viver na Venezuela.&hellip;\n","protected":false},"author":2,"featured_media":171822,"comment_status":"","ping_status":"","sticky":false,"template":"","format":"standard","meta":{"footnotes":""},"categories":[10],"tags":[27,28,16355,15,16,14,25,26,21,22,12,13,19,20,32,8168,23,24,33,17,18,29,30,31,3023],"class_list":{"0":"post-171821","1":"post","2":"type-post","3":"status-publish","4":"format-standard","5":"has-post-thumbnail","7":"category-portugal","8":"tag-breaking-news","9":"tag-breakingnews","10":"tag-comunidade","11":"tag-featured-news","12":"tag-featurednews","13":"tag-headlines","14":"tag-latest-news","15":"tag-latestnews","16":"tag-main-news","17":"tag-mainnews","18":"tag-news","19":"tag-noticias","20":"tag-noticias-principais","21":"tag-noticiasprincipais","22":"tag-portugal","23":"tag-portugueses","24":"tag-principais-noticias","25":"tag-principaisnoticias","26":"tag-pt","27":"tag-top-stories","28":"tag-topstories","29":"tag-ultimas","30":"tag-ultimas-noticias","31":"tag-ultimasnoticias","32":"tag-venezuela"},"share_on_mastodon":{"url":"https:\/\/pubeurope.com\/@pt\/115644684380900034","error":""},"_links":{"self":[{"href":"https:\/\/www.europesays.com\/pt\/wp-json\/wp\/v2\/posts\/171821","targetHints":{"allow":["GET"]}}],"collection":[{"href":"https:\/\/www.europesays.com\/pt\/wp-json\/wp\/v2\/posts"}],"about":[{"href":"https:\/\/www.europesays.com\/pt\/wp-json\/wp\/v2\/types\/post"}],"author":[{"embeddable":true,"href":"https:\/\/www.europesays.com\/pt\/wp-json\/wp\/v2\/users\/2"}],"replies":[{"embeddable":true,"href":"https:\/\/www.europesays.com\/pt\/wp-json\/wp\/v2\/comments?post=171821"}],"version-history":[{"count":0,"href":"https:\/\/www.europesays.com\/pt\/wp-json\/wp\/v2\/posts\/171821\/revisions"}],"wp:featuredmedia":[{"embeddable":true,"href":"https:\/\/www.europesays.com\/pt\/wp-json\/wp\/v2\/media\/171822"}],"wp:attachment":[{"href":"https:\/\/www.europesays.com\/pt\/wp-json\/wp\/v2\/media?parent=171821"}],"wp:term":[{"taxonomy":"category","embeddable":true,"href":"https:\/\/www.europesays.com\/pt\/wp-json\/wp\/v2\/categories?post=171821"},{"taxonomy":"post_tag","embeddable":true,"href":"https:\/\/www.europesays.com\/pt\/wp-json\/wp\/v2\/tags?post=171821"}],"curies":[{"name":"wp","href":"https:\/\/api.w.org\/{rel}","templated":true}]}}