{"id":171825,"date":"2025-12-01T14:07:58","date_gmt":"2025-12-01T14:07:58","guid":{"rendered":"https:\/\/www.europesays.com\/pt\/171825\/"},"modified":"2025-12-01T14:07:58","modified_gmt":"2025-12-01T14:07:58","slug":"vitoria-strada-e-jayme-matarazzo-estrelarao-primeira-producao-de-nova-plataforma-brasileira-dedicada-a-novelas-verticais","status":"publish","type":"post","link":"https:\/\/www.europesays.com\/pt\/171825\/","title":{"rendered":"Vit\u00f3ria Strada e Jayme Matarazzo estrelar\u00e3o primeira produ\u00e7\u00e3o de nova plataforma brasileira dedicada a novelas verticais"},"content":{"rendered":"\n<p class=\" content-text__container theme-color-primary-first-letter\" data-track-category=\"Link no Texto\" data-track-links=\"\"> <a class=\"\" href=\"https:\/\/oglobo.globo.com\/tudo-sobre\/personalidade\/vitoria-strada\" rel=\"nofollow noopener\" target=\"_blank\">Vit\u00f3ria Strada<\/a> e <a class=\"\" href=\"https:\/\/oglobo.globo.com\/tudo-sobre\/personalidade\/jayme-matarazzo\" rel=\"nofollow noopener\" target=\"_blank\">Jayme Matarazzo<\/a> ser\u00e3o os protagonistas de \u201cA boa, a m\u00e1 e o marido gigol\u00f4\u201d, microdrama da Tele Tele, nova plataforma brasileira inteiramente dedicada a novelas verticais (produ\u00e7\u00f5es com cap\u00edtulos curt\u00edssimos para consumo pelo celular). A hist\u00f3ria ser\u00e1 lan\u00e7ada juntamente com o aplicativo, no primeiro semestre do ano que vem. <\/p>\n<ul class=\"content-unordered-list\">\n<li><strong>Novela vertical: <\/strong><a class=\"\" href=\"https:\/\/oglobo.globo.com\/play\/novelas\/noticia\/2025\/11\/28\/novela-vertical-plano-da-globo-e-investir-em-outros-generos-alem-do-melodrama-veja-quais.ghtml\" rel=\"nofollow noopener\" target=\"_blank\">plano da Globo \u00e9 investir em outros g\u00eaneros al\u00e9m do melodrama. Veja quais<\/a><\/li>\n<li><strong>Entrevista: <\/strong><a class=\"\" href=\"https:\/\/oglobo.globo.com\/play\/entrevistas\/noticia\/2025\/11\/15\/gustavo-mioto-fala-da-estreia-como-ator-em-novela-vertical-do-globoplay.ghtml\" rel=\"nofollow noopener\" target=\"_blank\">Gustavo Mioto fala sobre constrangimento em primeira cena de beijo de nova novela vertical do Globoplay<\/a><\/li>\n<\/ul>\n<p class=\" content-text__container \" data-track-category=\"Link no Texto\" data-track-links=\"\"> A trama trata de vingan\u00e7a e reden\u00e7\u00e3o. O roteiro \u00e9 de Antonio Prata e Chico Mattoso. Thiago Teitelroit assina a dire\u00e7\u00e3o. Os tr\u00eas trabalharam na Globo. Teitelroit e Prata criaram a empresa ao lado de Camila Guerreiro. Mattoso Gustavo Mayrink entraram como parceiros estrat\u00e9gicos. J\u00e1 <a class=\"\" href=\"https:\/\/oglobo.globo.com\/tudo-sobre\/personalidade\/pedro-bial\" rel=\"nofollow noopener\" target=\"_blank\">Pedro Bial<\/a> e <a class=\"\" href=\"https:\/\/oglobo.globo.com\/tudo-sobre\/personalidade\/fernando-meirelles\" rel=\"nofollow noopener\" target=\"_blank\">Fernando Meirelles<\/a> <a class=\"\" href=\"https:\/\/oglobo.globo.com\/play\/novelas\/noticia\/2025\/10\/01\/pedro-bial-e-fernando-meirelles-integram-conselho-criativo-da-primeira-plataforma-de-novelas-verticais-do-brasil-veja-quem-mais-esta-no-projeto.ghtml\" rel=\"nofollow noopener\" target=\"_blank\">integram o conselho criativo da Tele Tele<\/a>. <\/p>\n<ul class=\"content-unordered-list\">\n<li><strong>TV e famosos: <\/strong><a class=\"\" href=\"https:\/\/www.whatsapp.com\/channel\/0029Va3JQfiDTkJwvhCFGq1r\" target=\"_blank\" rel=\"nofollow noopener\">se inscreva no canal da coluna Play no WhatsApp<\/a><\/li>\n<\/ul>\n<p class=\" content-text__container \" data-track-category=\"Link no Texto\" data-track-links=\"\"> A <a class=\"\" href=\"https:\/\/oglobo.globo.com\/tudo-sobre\/canal\/tv-globo\/\" rel=\"nofollow noopener\" target=\"_blank\">TV Globo<\/a> j\u00e1 estreou sua primeira novela vertical. &#8220;Tudo por uma segunda chance&#8221;, estrelada por <a class=\"\" href=\"https:\/\/oglobo.globo.com\/tudo-sobre\/personalidade\/daniel-rangel\" rel=\"nofollow noopener\" target=\"_blank\">Daniel Rangel<\/a>, <a class=\"\" href=\"https:\/\/oglobo.globo.com\/tudo-sobre\/personalidade\/debora-ozorio\/\" rel=\"nofollow noopener\" target=\"_blank\">Debora Oz\u00f3rio<\/a> e <a class=\"\" href=\"https:\/\/oglobo.globo.com\/tudo-sobre\/personalidade\/jade-picon\/\" rel=\"nofollow noopener\" target=\"_blank\">Jade Picon<\/a>, chegou na semana passada \u00e0s redes sociais da emissora. <\/p>\n<p class=\" content-text__container \" data-track-category=\"Link no Texto\" data-track-links=\"\"> Em 12 de dezembro, ser\u00e1 a vez do <a class=\"\" href=\"https:\/\/oglobo.globo.com\/tudo-sobre\/streaming\/globoplay\/\" rel=\"nofollow noopener\" target=\"_blank\">Globoplay<\/a>, com<a class=\"\" href=\"https:\/\/oglobo.globo.com\/play\/novelas\/noticia\/2025\/10\/03\/suzy-rego-fara-novela-vertical-do-globoplay-estrelada-por-gustavo-mioto-saiba-quem-mais-esta-no-elenco.ghtml\" rel=\"nofollow noopener\" target=\"_blank\"> &#8220;Cinderela e o segredo do pobre milion\u00e1rio&#8221;<\/a>, de Ricardo Hofstetter. <a class=\"\" href=\"https:\/\/oglobo.globo.com\/tudo-sobre\/grupo-musical\/gustavo-mioto\" rel=\"nofollow noopener\" target=\"_blank\">Gustavo Mioto<\/a> e Maya Aniceto fazem os pap\u00e9is principais. A plataforma tem mais tr\u00eas produ\u00e7\u00f5es em andamento: <a class=\"\" href=\"https:\/\/oglobo.globo.com\/play\/novelas\/noticia\/2025\/11\/24\/confira-os-detalhes-da-segunda-novela-vertical-de-ricardo-hofstetter-no-globoplay.ghtml\" rel=\"nofollow noopener\" target=\"_blank\">outra de Hofstetter<\/a> e <a class=\"\" href=\"https:\/\/oglobo.globo.com\/play\/novelas\/noticia\/2025\/11\/21\/gustavo-reiz-volta-a-globo-e-escrevera-novelas-verticais.ghtml\" rel=\"nofollow noopener\" target=\"_blank\">duas de<\/a> <a class=\"\" href=\"https:\/\/oglobo.globo.com\/tudo-sobre\/personalidade\/gustavo-reiz\" rel=\"nofollow noopener\" target=\"_blank\">Gustavo Reiz<\/a>. <\/p>\n<p class=\" content-text__container \" data-track-category=\"Link no Texto\" data-track-links=\"\"> Vit\u00f3ria Strada tem ainda um outro projeto. Ela <a class=\"\" href=\"https:\/\/oglobo.globo.com\/play\/noticia\/2025\/09\/03\/apos-bbb-25-vitoria-strada-tem-novo-projeto-na-globo.ghtml\" rel=\"nofollow noopener\" target=\"_blank\">protagoniza um telefilme da Globo<\/a> que come\u00e7ou a ser rodado em setembro, em Porto Alegre. O longa dever\u00e1 ser lan\u00e7ado em 2026. J\u00e1 Matarazzo est\u00e1 afastado das telas desde &#8220;<a class=\"\" href=\"https:\/\/oglobo.globo.com\/tudo-sobre\/novela\/familia-e-tudo\/\" rel=\"nofollow noopener\" target=\"_blank\">Fam\u00edlia \u00e9 tudo<\/a>&#8220;, em 2024. <\/p>\n<p>    Vit\u00f3ria Strada mostra seu apartamento no Rio de Janeiro           <img decoding=\"async\" id=\"image-id-tumb-0ff4b57c-dae8-4e7f-b146-8973fe3797fb\" alt=\"A atriz Vit\u00f3ria Strada mostra seu apartamento no Rio de Janeiro \u2014 Foto: Ana Branco\/Ag\u00eancia O Globo\" src=\"https:\/\/www.europesays.com\/pt\/wp-content\/uploads\/2025\/12\/108601792-coluna-play-exclusivo-rio-de-janeiro-rj-25-09-2024-atriz-vitoria-strada-em-seu-apartamento.jpeg\" loading=\"lazy\" height=\"1120\" width=\"1680\" data-posicao=\"1\" role=\"button\" tabindex=\"0\"\/>    <img decoding=\"async\" id=\"image-id-0ff4b57c-dae8-4e7f-b146-8973fe3797fb\" class=\"gallery-photo\" alt=\"A atriz Vit\u00f3ria Strada mostra seu apartamento no Rio de Janeiro \u2014 Foto: Ana Branco\/Ag\u00eancia O Globo\" src=\"https:\/\/www.europesays.com\/pt\/wp-content\/uploads\/2025\/12\/1764598065_742_108601792-coluna-play-exclusivo-rio-de-janeiro-rj-25-09-2024-atriz-vitoria-strada-em-seu-apartamento.jpeg\" loading=\"lazy\" height=\"1120\" width=\"1680\"\/>  <\/p>\n<p> 1 de 22 <br \/>&#13;A atriz Vit\u00f3ria Strada mostra seu apartamento no Rio de Janeiro \u2014 Foto: Ana Branco\/Ag\u00eancia O Globo <\/p>\n<p>     <img decoding=\"async\" id=\"image-id-tumb-ac52ebad-0269-4d9b-ac6f-9967343ab64f\" alt=\"O apartamento de Vit\u00f3ria Strada \u2014 Foto: Ana Branco\/Ag\u00eancia O Globo\" src=\"https:\/\/www.europesays.com\/pt\/wp-content\/uploads\/2025\/12\/108601806-coluna-play-exclusivo-rio-de-janeiro-rj-25-09-2024-atriz-vitoria-strada-em-seu-apartamento.jpeg\" loading=\"lazy\" height=\"1120\" width=\"1680\" data-posicao=\"2\" role=\"button\" tabindex=\"0\"\/>    <img decoding=\"async\" id=\"image-id-ac52ebad-0269-4d9b-ac6f-9967343ab64f\" class=\"gallery-photo\" alt=\"O apartamento de Vit\u00f3ria Strada \u2014 Foto: Ana Branco\/Ag\u00eancia O Globo\" src=\"https:\/\/www.europesays.com\/pt\/wp-content\/uploads\/2025\/12\/1764598066_388_108601806-coluna-play-exclusivo-rio-de-janeiro-rj-25-09-2024-atriz-vitoria-strada-em-seu-apartamento.jpeg\" loading=\"lazy\" height=\"1120\" width=\"1680\"\/>  <\/p>\n<p> 2 de 22 <br \/>&#13;O apartamento de Vit\u00f3ria Strada \u2014 Foto: Ana Branco\/Ag\u00eancia O Globo <\/p>\n<p>     Pular    <\/p>\n<p> X de 22 <br \/>Publicidade <\/p>\n<p>      <img decoding=\"async\" id=\"image-id-tumb-608a6669-7aa0-4f89-af25-4dd258dc8d7a\" alt=\"A atriz Vit\u00f3ria Strada em sua casa \u2014 Foto: Ana Branco\/Ag\u00eancia O Globo\" src=\"https:\/\/www.europesays.com\/pt\/wp-content\/uploads\/2025\/12\/108601757-coluna-play-exclusivo-rio-de-janeiro-rj-25-09-2024-atriz-vitoria-strada-em-seu-apartamento.jpeg\" loading=\"lazy\" height=\"1120\" width=\"1680\" data-posicao=\"3\" role=\"button\" tabindex=\"0\"\/>    <img decoding=\"async\" id=\"image-id-608a6669-7aa0-4f89-af25-4dd258dc8d7a\" class=\"gallery-photo\" alt=\"A atriz Vit\u00f3ria Strada em sua casa \u2014 Foto: Ana Branco\/Ag\u00eancia O Globo\" src=\"https:\/\/www.europesays.com\/pt\/wp-content\/uploads\/2025\/12\/1764598067_135_108601757-coluna-play-exclusivo-rio-de-janeiro-rj-25-09-2024-atriz-vitoria-strada-em-seu-apartamento.jpeg\" loading=\"lazy\" height=\"1120\" width=\"1680\"\/>  <\/p>\n<p> 3 de 22 <br \/>&#13;A atriz Vit\u00f3ria Strada em sua casa \u2014 Foto: Ana Branco\/Ag\u00eancia O Globo <\/p>\n<p>      <img decoding=\"async\" id=\"image-id-24c7b5e8-7e15-4d7f-afa4-c47ec6e2a059\" class=\"gallery-photo\" alt=\"A atriz Vit\u00f3ria Strada usa presentes dos f\u00e3s na decora\u00e7\u00e3o de seu apartamento \u2014 Foto: Ana Branco\/Ag\u00eancia O Globo\" src=\"https:\/\/www.europesays.com\/pt\/wp-content\/uploads\/2025\/12\/108601794-coluna-play-exclusivo-rio-de-janeiro-rj-25-09-2024-atriz-vitoria-strada-em-seu-apartamento.jpeg\" loading=\"lazy\" height=\"1120\" width=\"1680\"\/>  <\/p>\n<p> 4 de 22 <br \/>&#13;A atriz Vit\u00f3ria Strada usa presentes dos f\u00e3s na decora\u00e7\u00e3o de seu apartamento \u2014 Foto: Ana Branco\/Ag\u00eancia O Globo <\/p>\n<p>     Pular    <\/p>\n<p> X de 22 <br \/>Publicidade <\/p>\n<p>      <img decoding=\"async\" id=\"image-id-7f0b9861-5cf4-4189-82f5-b24f7c6664aa\" class=\"gallery-photo\" alt=\"Detalhes do apartamento de Vit\u00f3ria Strada \u2014 Foto: Ana Branco\/Ag\u00eancia O Globo\" src=\"https:\/\/www.europesays.com\/pt\/wp-content\/uploads\/2025\/12\/108601810-coluna-play-exclusivo-rio-de-janeiro-rj-25-09-2024-atriz-vitoria-strada-em-seu-apartamento.jpeg\" loading=\"lazy\" height=\"1120\" width=\"1680\"\/>  <\/p>\n<p> 5 de 22 <br \/>&#13;Detalhes do apartamento de Vit\u00f3ria Strada \u2014 Foto: Ana Branco\/Ag\u00eancia O Globo <\/p>\n<p>      <img decoding=\"async\" id=\"image-id-09026cb9-54d6-4369-a320-945e5e6bacc4\" class=\"gallery-photo\" alt=\"Detalhes do apartamento de Vit\u00f3ria Strada \u2014 Foto: Ana Branco\/Ag\u00eancia O Globo\" src=\"https:\/\/www.europesays.com\/pt\/wp-content\/uploads\/2025\/12\/108601812-coluna-play-exclusivo-rio-de-janeiro-rj-25-09-2024-atriz-vitoria-strada-em-seu-apartamento.jpeg\" loading=\"lazy\" height=\"1480\" width=\"987\"\/>  <\/p>\n<p> 6 de 22 <br \/>&#13;Detalhes do apartamento de Vit\u00f3ria Strada \u2014 Foto: Ana Branco\/Ag\u00eancia O Globo <\/p>\n<p>     Pular    <\/p>\n<p> X de 22 <br \/>Publicidade <\/p>\n<p>      <img decoding=\"async\" id=\"image-id-99ecd396-2137-4653-b77e-5198dc7aab02\" class=\"gallery-photo\" alt=\"A atriz Vit\u00f3ria Strada em seu apartamento \u2014 Foto: Ana Branco\/Ag\u00eancia O Globo\" src=\"https:\/\/www.europesays.com\/pt\/wp-content\/uploads\/2025\/12\/108601744-coluna-play-exclusivo-rio-de-janeiro-rj-25-09-2024-atriz-vitoria-strada-em-seu-apartamento.jpeg\" loading=\"lazy\" height=\"1120\" width=\"1680\"\/>  <\/p>\n<p> 7 de 22 <br \/>&#13;A atriz Vit\u00f3ria Strada em seu apartamento \u2014 Foto: Ana Branco\/Ag\u00eancia O Globo <\/p>\n<p>      <img decoding=\"async\" id=\"image-id-e1d073f0-187c-4d44-a5dd-06c6455c70b4\" class=\"gallery-photo\" alt=\"O apartamento de Vit\u00f3ria Strada \u2014 Foto: Ana Branco\/Ag\u00eancia O Globo\" src=\"https:\/\/www.europesays.com\/pt\/wp-content\/uploads\/2025\/12\/108601800-coluna-play-exclusivo-rio-de-janeiro-rj-25-09-2024-atriz-vitoria-strada-em-seu-apartamento.jpeg\" loading=\"lazy\" height=\"1120\" width=\"1680\"\/>  <\/p>\n<p> 8 de 22 <br \/>&#13;O apartamento de Vit\u00f3ria Strada \u2014 Foto: Ana Branco\/Ag\u00eancia O Globo <\/p>\n<p>     Pular    <\/p>\n<p> X de 22 <br \/>Publicidade <\/p>\n<p>      <img decoding=\"async\" id=\"image-id-1a346f48-4a19-4a84-8672-b4241897238a\" class=\"gallery-photo\" alt=\"O apartamento de Vit\u00f3ria Strada \u2014 Foto: Ana Branco\/Ag\u00eancia O Globo\" src=\"https:\/\/www.europesays.com\/pt\/wp-content\/uploads\/2025\/12\/108601804-coluna-play-exclusivo-rio-de-janeiro-rj-25-09-2024-atriz-vitoria-strada-em-seu-apartamento.jpeg\" loading=\"lazy\" height=\"1680\" width=\"1120\"\/>  <\/p>\n<p> 9 de 22 <br \/>&#13;O apartamento de Vit\u00f3ria Strada \u2014 Foto: Ana Branco\/Ag\u00eancia O Globo <\/p>\n<p>      <img decoding=\"async\" id=\"image-id-38dcbeb9-4d02-456e-80be-af9b5d49ddb3\" class=\"gallery-photo\" alt=\"O apartamento de Vit\u00f3ria Strada \u2014 Foto: Ana Branco\/Ag\u00eancia O Globo\" src=\"https:\/\/www.europesays.com\/pt\/wp-content\/uploads\/2025\/12\/108601796-coluna-play-exclusivo-rio-de-janeiro-rj-25-09-2024-atriz-vitoria-strada-em-seu-apartamento.jpeg\" loading=\"lazy\" height=\"1120\" width=\"1680\"\/>  <\/p>\n<p> 10 de 22 <br \/>&#13;O apartamento de Vit\u00f3ria Strada \u2014 Foto: Ana Branco\/Ag\u00eancia O Globo <\/p>\n<p>     Pular    <\/p>\n<p> X de 22 <br \/>Publicidade <\/p>\n<p>      <img decoding=\"async\" id=\"image-id-0bb7bdbc-82c6-49e8-8830-b88580c8ff43\" class=\"gallery-photo\" alt=\"Vit\u00f3ria Strada na varanda do seu apartamento \u2014 Foto: Ana Branco\/Ag\u00eancia O Globo\" src=\"https:\/\/www.europesays.com\/pt\/wp-content\/uploads\/2025\/12\/108601784-coluna-play-exclusivo-rio-de-janeiro-rj-25-09-2024-atriz-vitoria-strada-em-seu-apartamento.jpeg\" loading=\"lazy\" height=\"1120\" width=\"1680\"\/>  <\/p>\n<p> 11 de 22 <br \/>&#13;Vit\u00f3ria Strada na varanda do seu apartamento \u2014 Foto: Ana Branco\/Ag\u00eancia O Globo <\/p>\n<p>      <img decoding=\"async\" id=\"image-id-4a9ca4b8-cd01-4c60-8a34-a15ba0cba6cd\" class=\"gallery-photo\" alt=\"O apartamento de Vit\u00f3ria Strada \u2014 Foto: Ana Branco\/Ag\u00eancia O Globo\" src=\"https:\/\/www.europesays.com\/pt\/wp-content\/uploads\/2025\/12\/108601788-coluna-play-exclusivo-rio-de-janeiro-rj-25-09-2024-atriz-vitoria-strada-em-seu-apartamento.jpeg\" loading=\"lazy\" height=\"830\" width=\"1308\"\/>  <\/p>\n<p> 12 de 22 <br \/>&#13;O apartamento de Vit\u00f3ria Strada \u2014 Foto: Ana Branco\/Ag\u00eancia O Globo <\/p>\n<p>     Pular    <\/p>\n<p> X de 22 <br \/>Publicidade <\/p>\n<p>      <img decoding=\"async\" id=\"image-id-e68470c3-f536-4c2c-a9ff-633340fbacd4\" class=\"gallery-photo\" alt=\"Vit\u00f3ria Strada desenhando no seu apartamento \u2014 Foto: Ana Branco\/Ag\u00eancia O Globo\" src=\"https:\/\/www.europesays.com\/pt\/wp-content\/uploads\/2025\/12\/108601782-coluna-play-exclusivo-rio-de-janeiro-rj-25-09-2024-atriz-vitoria-strada-em-seu-apartamento.jpeg\" loading=\"lazy\" height=\"1099\" width=\"1608\"\/>  <\/p>\n<p> 13 de 22 <br \/>&#13;Vit\u00f3ria Strada desenhando no seu apartamento \u2014 Foto: Ana Branco\/Ag\u00eancia O Globo <\/p>\n<p>      <img decoding=\"async\" id=\"image-id-91e9cf84-efd0-48a1-a552-7b6baa514eeb\" class=\"gallery-photo\" alt=\"Sala do apartamento de Vit\u00f3ria Strada \u2014 Foto: Ana Branco\/Ag\u00eancia O Globo\" src=\"https:\/\/www.europesays.com\/pt\/wp-content\/uploads\/2025\/12\/108601774-coluna-play-exclusivo-rio-de-janeiro-rj-25-09-2024-atriz-vitoria-strada-em-seu-apartamento.jpeg\" loading=\"lazy\" height=\"1120\" width=\"1680\"\/>  <\/p>\n<p> 14 de 22 <br \/>&#13;Sala do apartamento de Vit\u00f3ria Strada \u2014 Foto: Ana Branco\/Ag\u00eancia O Globo <\/p>\n<p>     Pular    <\/p>\n<p> X de 22 <br \/>Publicidade <\/p>\n<p>      <img decoding=\"async\" id=\"image-id-11a2bd03-9654-4179-98e1-dedf8d066b74\" class=\"gallery-photo\" alt=\"Um dos quartos do apartamento de Vit\u00f3ria Strada \u2014 Foto: Ana Branco\/Ag\u00eancia O Globo\" src=\"https:\/\/www.europesays.com\/pt\/wp-content\/uploads\/2025\/12\/108605881-coluna-play-exclusivo-rio-de-janeiro-rj-25-09-2024-atriz-vitoria-strada-em-seu-apartamento.jpeg\" loading=\"lazy\" height=\"1120\" width=\"1680\"\/>  <\/p>\n<p> 15 de 22 <br \/>&#13;Um dos quartos do apartamento de Vit\u00f3ria Strada \u2014 Foto: Ana Branco\/Ag\u00eancia O Globo <\/p>\n<p>      <img decoding=\"async\" id=\"image-id-77b3c64c-e7fa-4ad9-9913-78ede004b8c5\" class=\"gallery-photo\" alt=\"Vit\u00f3ria Strada na varanda do seu apartamento \u2014 Foto: Ana Branco\/Ag\u00eancia O Globo\" src=\"https:\/\/www.europesays.com\/pt\/wp-content\/uploads\/2025\/12\/108601768-coluna-play-exclusivo-rio-de-janeiro-rj-25-09-2024-atriz-vitoria-strada-em-seu-apartamento.png\" loading=\"lazy\" height=\"1120\" width=\"1680\"\/>  <\/p>\n<p> 16 de 22 <br \/>&#13;Vit\u00f3ria Strada na varanda do seu apartamento \u2014 Foto: Ana Branco\/Ag\u00eancia O Globo <\/p>\n<p>     Pular    <\/p>\n<p> X de 22 <br \/>Publicidade <\/p>\n<p>      <img decoding=\"async\" id=\"image-id-ffadde5f-37e5-4aec-a8ee-170b5ca30799\" class=\"gallery-photo\" alt=\"Varanda do apartamento de Vit\u00f3ria Strada \u2014 Foto: Ana Branco\/Ag\u00eancia O Globo\" src=\"https:\/\/www.europesays.com\/pt\/wp-content\/uploads\/2025\/12\/108605865-coluna-play-exclusivo-rio-de-janeiro-rj-25-09-2024-atriz-vitoria-strada-em-seu-apartamento.jpeg\" loading=\"lazy\" height=\"1120\" width=\"1680\"\/>  <\/p>\n<p> 17 de 22 <br \/>&#13;Varanda do apartamento de Vit\u00f3ria Strada \u2014 Foto: Ana Branco\/Ag\u00eancia O Globo <\/p>\n<p>      <img decoding=\"async\" id=\"image-id-5bca6cce-8088-46cd-82c3-1071977f3225\" class=\"gallery-photo\" alt=\"Vit\u00f3ria Strada usa seus desenhos para decorar o apartamento \u2014 Foto: Ana Branco\/Ag\u00eancia O Globo\" src=\"https:\/\/www.europesays.com\/pt\/wp-content\/uploads\/2025\/12\/108601772-coluna-play-exclusivo-rio-de-janeiro-rj-25-09-2024-atriz-vitoria-strada-em-seu-apartamento.jpeg\" loading=\"lazy\" height=\"740\" width=\"1109\"\/>  <\/p>\n<p> 18 de 22 <br \/>&#13;Vit\u00f3ria Strada usa seus desenhos para decorar o apartamento \u2014 Foto: Ana Branco\/Ag\u00eancia O Globo <\/p>\n<p>     Pular    <\/p>\n<p> X de 22 <br \/>Publicidade <\/p>\n<p>      <img decoding=\"async\" id=\"image-id-4ff1fc2d-3301-495b-be3e-c77c2c8f36d5\" class=\"gallery-photo\" alt=\"Os desenhos de Vit\u00f3ria Strada \u2014 Foto: Ana Branco\/Ag\u00eancia O Globo\" src=\"https:\/\/www.europesays.com\/pt\/wp-content\/uploads\/2025\/12\/108601780-coluna-play-exclusivo-rio-de-janeiro-rj-25-09-2024-atriz-vitoria-strada-em-seu-apartamento.jpeg\" loading=\"lazy\" height=\"1045\" width=\"1617\"\/>  <\/p>\n<p> 19 de 22 <br \/>&#13;Os desenhos de Vit\u00f3ria Strada \u2014 Foto: Ana Branco\/Ag\u00eancia O Globo <\/p>\n<p>      <img decoding=\"async\" id=\"image-id-1e464783-fbb4-493e-921a-5ba6bd10f0cf\" class=\"gallery-photo\" alt=\"O apartamento de Vit\u00f3ria Strada \u2014 Foto: Ana Branco\/Ag\u00eancia O Globo\" src=\"https:\/\/www.europesays.com\/pt\/wp-content\/uploads\/2025\/12\/108601798-coluna-play-exclusivo-rio-de-janeiro-rj-25-09-2024-atriz-vitoria-strada-em-seu-apartamento.jpeg\" loading=\"lazy\" height=\"952\" width=\"1253\"\/>  <\/p>\n<p> 20 de 22 <br \/>&#13;O apartamento de Vit\u00f3ria Strada \u2014 Foto: Ana Branco\/Ag\u00eancia O Globo <\/p>\n<p>     Pular    <\/p>\n<p> X de 22 <br \/>Publicidade <\/p>\n<p>      <img decoding=\"async\" id=\"image-id-d55dce62-bb91-46ba-8caf-01e4456e1aae\" class=\"gallery-photo\" alt=\"O apartamento de Vit\u00f3ria Strada \u2014 Foto: Ana Branco\/Ag\u00eancia O Globo\" src=\"https:\/\/www.europesays.com\/pt\/wp-content\/uploads\/2025\/12\/108601778-coluna-play-exclusivo-rio-de-janeiro-rj-25-09-2024-atriz-vitoria-strada-em-seu-apartamento.jpeg\" loading=\"lazy\" height=\"1600\" width=\"1048\"\/>  <\/p>\n<p> 21 de 22 <br \/>&#13;O apartamento de Vit\u00f3ria Strada \u2014 Foto: Ana Branco\/Ag\u00eancia O Globo <\/p>\n<p>      <img decoding=\"async\" id=\"image-id-210d246d-a256-4e84-a729-0ffd4e21fa4d\" class=\"gallery-photo\" alt=\"Sala do apartamento de Vit\u00f3ria Strada \u2014 Foto: Ana Branco\/Ag\u00eancia O Globo\" src=\"https:\/\/www.europesays.com\/pt\/wp-content\/uploads\/2025\/12\/108605877-coluna-play-exclusivo-rio-de-janeiro-rj-25-09-2024-atriz-vitoria-strada-em-seu-apartamento.jpeg\" loading=\"lazy\" height=\"933\" width=\"1525\"\/>  <\/p>\n<p> 22 de 22 <br \/>&#13;Sala do apartamento de Vit\u00f3ria Strada \u2014 Foto: Ana Branco\/Ag\u00eancia O Globo <\/p>\n<p>     Pular    <\/p>\n<p> X de 22 <br \/>Publicidade <\/p>\n<p>.<\/p>\n","protected":false},"excerpt":{"rendered":"Vit\u00f3ria Strada e Jayme Matarazzo ser\u00e3o os protagonistas de \u201cA boa, a m\u00e1 e o marido gigol\u00f4\u201d, microdrama&hellip;\n","protected":false},"author":2,"featured_media":171826,"comment_status":"","ping_status":"","sticky":false,"template":"","format":"standard","meta":{"footnotes":""},"categories":[142],"tags":[24567,24566,114,115,35958,7240,3179,24564,35957,24568,6113,35956,9987,6111,32,33,679,151,2323,35955],"class_list":{"0":"post-171825","1":"post","2":"type-post","3":"status-publish","4":"format-standard","5":"has-post-thumbnail","7":"category-tv","8":"tag-daniel-rangel","9":"tag-debora-ozorio","10":"tag-entertainment","11":"tag-entretenimento","12":"tag-familia-e-tudo","13":"tag-fernando-meirelles","14":"tag-globoplay","15":"tag-gustavo-mioto","16":"tag-gustavo-reiz","17":"tag-influenciadora-e-ex-bbb","18":"tag-jade-picon","19":"tag-jayme-matarazzo","20":"tag-pedro-bial","21":"tag-plataforma-digital-de-streaming-de-videos-e-audios-sob-demanda-do-grupo-globo","22":"tag-portugal","23":"tag-pt","24":"tag-reportagem","25":"tag-tv","26":"tag-tv-globo","27":"tag-vitoria-strada"},"share_on_mastodon":{"url":"https:\/\/pubeurope.com\/@pt\/115644709165138080","error":""},"_links":{"self":[{"href":"https:\/\/www.europesays.com\/pt\/wp-json\/wp\/v2\/posts\/171825","targetHints":{"allow":["GET"]}}],"collection":[{"href":"https:\/\/www.europesays.com\/pt\/wp-json\/wp\/v2\/posts"}],"about":[{"href":"https:\/\/www.europesays.com\/pt\/wp-json\/wp\/v2\/types\/post"}],"author":[{"embeddable":true,"href":"https:\/\/www.europesays.com\/pt\/wp-json\/wp\/v2\/users\/2"}],"replies":[{"embeddable":true,"href":"https:\/\/www.europesays.com\/pt\/wp-json\/wp\/v2\/comments?post=171825"}],"version-history":[{"count":0,"href":"https:\/\/www.europesays.com\/pt\/wp-json\/wp\/v2\/posts\/171825\/revisions"}],"wp:featuredmedia":[{"embeddable":true,"href":"https:\/\/www.europesays.com\/pt\/wp-json\/wp\/v2\/media\/171826"}],"wp:attachment":[{"href":"https:\/\/www.europesays.com\/pt\/wp-json\/wp\/v2\/media?parent=171825"}],"wp:term":[{"taxonomy":"category","embeddable":true,"href":"https:\/\/www.europesays.com\/pt\/wp-json\/wp\/v2\/categories?post=171825"},{"taxonomy":"post_tag","embeddable":true,"href":"https:\/\/www.europesays.com\/pt\/wp-json\/wp\/v2\/tags?post=171825"}],"curies":[{"name":"wp","href":"https:\/\/api.w.org\/{rel}","templated":true}]}}