{"id":171827,"date":"2025-12-01T14:10:10","date_gmt":"2025-12-01T14:10:10","guid":{"rendered":"https:\/\/www.europesays.com\/pt\/171827\/"},"modified":"2025-12-01T14:10:10","modified_gmt":"2025-12-01T14:10:10","slug":"diretor-de-wicked-e-o-melhor-nome-para-assumir-um-filme-star-wars","status":"publish","type":"post","link":"https:\/\/www.europesays.com\/pt\/171827\/","title":{"rendered":"Diretor de Wicked \u00e9 o melhor nome para assumir um filme Star Wars"},"content":{"rendered":"<p>O impacto de <a href=\"https:\/\/tangerina.uol.com.br\/filmes-series\/10-melhores-filmes-que-voce-precisa-ver-antes-de-2025-acabar\/\" target=\"_blank\" rel=\"noreferrer noopener nofollow\">Wicked: Parte 2<\/a> nos cinemas reacendeu uma discuss\u00e3o importante no mercado: Jon M. Chu se tornou um dos diretores mais completos de Hollywood. Depois de comandar dois filmes de enorme escala, ele mostrou dom\u00ednio absoluto de constru\u00e7\u00e3o de mundos, precis\u00e3o narrativa e ambi\u00e7\u00e3o visual. Esses elementos formam exatamente o perfil que a Lucasfilm procura para a<strong> nova fase de Star Wars<\/strong> nas telonas.<\/p>\n<p>A adapta\u00e7\u00e3o de Wicked envolve um desafio incomum. Chu precisou unir a mitologia dos livros de Gregory Maguire, o musical da Broadway e refer\u00eancias ao cl\u00e1ssico de 1939, criando uma continuidade densa sem perder clareza. O resultado prova que ele sabe navegar por universos com m\u00faltiplas fontes e cronologias, algo essencial quando se fala de Star Wars, que re\u00fane d\u00e9cadas de hist\u00f3rias interligadas e expans\u00f5es paralelas. Tudo precisa fazer sentido dentro de um cintur\u00e3o de canon complexo, e Chu demonstrou que domina esse tipo de equil\u00edbrio.<\/p>\n<p>Outro ponto crucial \u00e9 sua habilidade de lidar com narrativas pol\u00edticas dentro da fantasia. Wicked apresenta temas como propaganda, manipula\u00e7\u00e3o p\u00fablica e corrup\u00e7\u00e3o institucional de forma acess\u00edvel, mas sem diluir o peso dram\u00e1tico. Star Wars sempre oscilou entre aventura espacial e disputas ideol\u00f3gicas profundas, e Chu prova que sabe conduzir esse tipo de discuss\u00e3o com clareza, emo\u00e7\u00e3o e ritmo.<\/p>\n<p>Visualmente, o diretor entrega exatamente o que um blockbuster da franquia exige. Wicked e a Parte 2 s\u00e3o repletos de sequ\u00eancias grandiosas, cen\u00e1rios expansivos e momentos que conectam espet\u00e1culo e emo\u00e7\u00e3o. Chu entende que cenas de impacto n\u00e3o funcionam apenas pela est\u00e9tica, mas pelo que significam para a jornada dos personagens. Esse \u00e9 o DNA das melhores produ\u00e7\u00f5es de Star Wars.<\/p>\n<p>Wicked abriu portas para o diretor<\/p>\n<p>As rela\u00e7\u00f5es humanas tamb\u00e9m aparecem como um dos seus maiores trunfos. Ao longo dos dois filmes, a hist\u00f3ria de Elphaba (Cynthia Erivo) e Glinda (Ariana Grande) \u00e9 desenvolvida com profundidade, sensibilidade e payoff emocional. \u00c9 imposs\u00edvel n\u00e3o tra\u00e7ar paralelos com o que <a href=\"https:\/\/www.disneyplus.com\/pt-br\/browse\/page-b4e74f38-aa35-4b12-965c-93f4a931f78a\" target=\"_blank\" rel=\"noreferrer noopener nofollow\">Star Wars<\/a> precisa para funcionar: conex\u00f5es fortes, personagens transformados pelos v\u00ednculos que criam e hist\u00f3rias que dependem dessas emo\u00e7\u00f5es para avan\u00e7ar.<\/p>\n<p>Al\u00e9m disso, Chu domina a condu\u00e7\u00e3o de tons variados dentro de uma mesma obra. Wicked alterna humor, trag\u00e9dia, romance e fantasia sem perder unidade. Esse controle \u00e9 raro e conversa diretamente com o esp\u00edrito cl\u00e1ssico de Star Wars, que sempre misturou drama m\u00edtico com leveza e aventura.<\/p>\n<p>Com esse conjunto de habilidades, Jon M. Chu surge como o nome mais preparado para assumir um futuro filme de Star Wars. Ele respeita legados, amplia mitologias, cria mundos vibrantes e desenvolve personagens com for\u00e7a emocional. Wicked: Parte 2, j\u00e1 em cartaz nos cinemas, apenas confirma que ele est\u00e1 pronto para entrar de vez na gal\u00e1xia muito, muito distante.<\/p>\n<p>Os pr\u00f3ximos anos tamb\u00e9m marcam uma nova fase para a franquia nos cinemas. The Mandalorian &amp; Grogu estreia em 21 de maio de 2026 e abre o caminho para o retorno definitivo de Star Wars \u00e0s telonas. Depois disso, Starfighter, dirigido por Shawn Levy e estrelado por Ryan Gosling, chega em 27 de maio de 2027 como a grande aposta de a\u00e7\u00e3o espacial do est\u00fadio. <\/p>\n<p>J\u00e1 o novo filme da New Jedi Order, estrelado por Daisy Ridley e comandado por Sharmeen Obaid Chinoy, ainda n\u00e3o tem data definida, mas segue como um dos projetos mais aguardados dessa nova etapa da saga.<\/p>\n","protected":false},"excerpt":{"rendered":"O impacto de Wicked: Parte 2 nos cinemas reacendeu uma discuss\u00e3o importante no mercado: Jon M. Chu se&hellip;\n","protected":false},"author":2,"featured_media":171828,"comment_status":"","ping_status":"","sticky":false,"template":"","format":"standard","meta":{"footnotes":""},"categories":[140],"tags":[114,115,147,148,146,1642,32,33,5418],"class_list":{"0":"post-171827","1":"post","2":"type-post","3":"status-publish","4":"format-standard","5":"has-post-thumbnail","7":"category-filmes","8":"tag-entertainment","9":"tag-entretenimento","10":"tag-film","11":"tag-filmes","12":"tag-movies","13":"tag-musical","14":"tag-portugal","15":"tag-pt","16":"tag-star-wars"},"share_on_mastodon":{"url":"","error":""},"_links":{"self":[{"href":"https:\/\/www.europesays.com\/pt\/wp-json\/wp\/v2\/posts\/171827","targetHints":{"allow":["GET"]}}],"collection":[{"href":"https:\/\/www.europesays.com\/pt\/wp-json\/wp\/v2\/posts"}],"about":[{"href":"https:\/\/www.europesays.com\/pt\/wp-json\/wp\/v2\/types\/post"}],"author":[{"embeddable":true,"href":"https:\/\/www.europesays.com\/pt\/wp-json\/wp\/v2\/users\/2"}],"replies":[{"embeddable":true,"href":"https:\/\/www.europesays.com\/pt\/wp-json\/wp\/v2\/comments?post=171827"}],"version-history":[{"count":0,"href":"https:\/\/www.europesays.com\/pt\/wp-json\/wp\/v2\/posts\/171827\/revisions"}],"wp:featuredmedia":[{"embeddable":true,"href":"https:\/\/www.europesays.com\/pt\/wp-json\/wp\/v2\/media\/171828"}],"wp:attachment":[{"href":"https:\/\/www.europesays.com\/pt\/wp-json\/wp\/v2\/media?parent=171827"}],"wp:term":[{"taxonomy":"category","embeddable":true,"href":"https:\/\/www.europesays.com\/pt\/wp-json\/wp\/v2\/categories?post=171827"},{"taxonomy":"post_tag","embeddable":true,"href":"https:\/\/www.europesays.com\/pt\/wp-json\/wp\/v2\/tags?post=171827"}],"curies":[{"name":"wp","href":"https:\/\/api.w.org\/{rel}","templated":true}]}}