{"id":171829,"date":"2025-12-01T14:11:34","date_gmt":"2025-12-01T14:11:34","guid":{"rendered":"https:\/\/www.europesays.com\/pt\/171829\/"},"modified":"2025-12-01T14:11:34","modified_gmt":"2025-12-01T14:11:34","slug":"benfica-gdessa-jogo-liga-betclic-feminina","status":"publish","type":"post","link":"https:\/\/www.europesays.com\/pt\/171829\/","title":{"rendered":"Benfica GDESSA Jogo Liga Betclic Feminina"},"content":{"rendered":"<p>                            <strong>RESUMO DO JOGO<\/strong><\/p>\n<p>Neste domingo, 30 de novembro, no Pavilh\u00e3o Fidelidade, a equipa feminina de basquetebol do <a href=\"https:\/\/www.slbenfica.pt\/pt-pt\/modalidades\/basquetebol?teamGender=female&amp;teamRank=16094ecf-9e78-4e3e-bcdf-28e4f765de9f\" rel=\"nofollow noopener\" target=\"_blank\"><strong>Benfica<\/strong><\/a> bateu o GDESSA, por 66-65, num embate da 8.\u00aa jornada da 1.\u00aa fase da Liga Betclic Feminina.<\/p>\n<p><strong>Eug\u00e9nio Rodrigues<\/strong> escalou um cinco inicial composto por <strong>In\u00eas Faustino, Maria Jo\u00e3o Bettencourt, Emanuely de Oliveira<\/strong> \u2013 de volta \u00e0 competi\u00e7\u00e3o ap\u00f3s <a href=\"https:\/\/www.slbenfica.pt\/pt-pt\/agora\/noticias\/2025\/10\/09\/basquetebol-feminino-benfica-emanuely-de-oliveira-informacao-clinica\" rel=\"nofollow noopener\" target=\"_blank\"><strong>les\u00e3o<\/strong><\/a> \u2013, <strong>Zuzanna Puc e Let\u00edcia Soares<\/strong> para o <strong>regresso \u00e0 Luz<\/strong>, onde as \u00e1guias n\u00e3o competiam desde 12 de outubro.<\/p>\n<p>A esmagadora maioria do 1.\u00ba per\u00edodo foi <strong>bastante renhida<\/strong>, num ritmo de parada e resposta (<strong>14-14<\/strong>, aos 7&#8242;). Contudo, na reta final desta etapa, as <strong>\u00e1guias dispararam<\/strong> gra\u00e7as a dois lan\u00e7amentos triplos de <strong>Maria Jo\u00e3o Bettencourt<\/strong> e outro de <strong>Marcy Gon\u00e7alves<\/strong>, chegando ao 2.\u00ba quarto a vencer por <strong>23-14<\/strong>.<\/p>\n<p><img decoding=\"async\" src=\"https:\/\/www.europesays.com\/pt\/wp-content\/uploads\/2025\/12\/emanuely-de-oliveira-1-thumbnail.jpg\" alt=\"Benfica-GDESSA\" height=\"522px\" width=\"926px\"\/><\/p>\n<p>Neste, as forasteiras foram paulatinamente <strong>encurtando a margem no marcador<\/strong>, que chegou a ser de apenas 1 ponto (<strong>31-30<\/strong>, aos 7&#8242;). Apesar de a forma\u00e7\u00e3o do Barreiro ter levado a melhor neste parcial, as <strong>visitadas conservaram a lideran\u00e7a<\/strong>. Assim, ao <strong>intervalo<\/strong>, o placar indicava <strong>34-32<\/strong>.<\/p>\n<p>O GDESSA entrou na 2.\u00aa metade a <strong>dar a volta ao resultado<\/strong> (<strong>34-36<\/strong>, aos 3&#8242;), e, num equilibrado remanescente de 3.\u00ba per\u00edodo, registaram-se <strong>sucessivas altern\u00e2ncias na dianteira<\/strong>. Consequentemente, as visitantes fecharam o parcial\u00a0com uma <strong>vantagem tangencial<\/strong> (<strong>47-48<\/strong>).<\/p>\n<p>As setubalenses tornaram a ter um bom arranque no 4.\u00ba quarto, <strong>igualando o maior avan\u00e7o benfiquista na contenda<\/strong>, de 9 pontos (<strong>47-56<\/strong>, aos 2&#8242;).<\/p>\n<p>Pouco depois, numa demonstra\u00e7\u00e3o de <strong>resili\u00eancia e de qualidade<\/strong>, o Benfica, que perdia por 8 pontos (<strong>50-58<\/strong>, aos 4&#8242;), relan\u00e7ou o duelo com um not\u00e1vel parcial de <strong>6-0<\/strong>, edificado por <strong>Let\u00edcia Soares<\/strong> e <strong>Zuzanna Puc<\/strong> (<strong>56-58<\/strong>, aos 7&#8242;).<\/p>\n<p><img decoding=\"async\" src=\"https:\/\/www.europesays.com\/pt\/wp-content\/uploads\/2025\/12\/leticia-soares-1-thumbnail.jpg\" alt=\"Benfica-GDESSA\" height=\"522px\" width=\"926px\"\/><\/p>\n<p>O GDESSA dilatou a discrep\u00e2ncia para 4 pontos em dois momentos (<strong>56-60<\/strong> e <strong>58-62<\/strong>, aos 8&#8242;), mas as encarnadas nunca deitaram a toalha ao ch\u00e3o e, com dois lan\u00e7amentos livres de <strong>In\u00eas Faustino<\/strong> e um triplo de <strong>Marta Martins<\/strong>, <strong>voltaram para a frente a menos de 40 segundos do fim<\/strong> (<strong>63-62<\/strong>).<\/p>\n<p>Ap\u00f3s falharem o ataque seguinte, as visitantes recorreram \u00e0s faltas, e as \u00e1guias distanciaram-se com dois lan\u00e7amentos livres de <strong>Maria Jo\u00e3o Bettencourt<\/strong> (<strong>melhor pontuadora do duelo<\/strong>, com impressionantes <strong>24 pontos<\/strong>) e outro de <strong>In\u00eas Faustino<\/strong> (<strong>66-62<\/strong>). At\u00e9 ao soar da buzina, as barreirenses reduziram, para <strong>66-65<\/strong>, mas o score n\u00e3o sofreu mais altera\u00e7\u00f5es e o triunfo n\u00e3o fugiu \u00e0 equipa da casa.<\/p>\n<p>O Benfica compete novamente no <strong>Pavilh\u00e3o Fidelidade<\/strong> j\u00e1 nesta quarta-feira, <strong>3 de dezembro<\/strong>, \u00e0s <strong>21h00<\/strong>, frente ao <strong>Sporting<\/strong>, no d\u00e9rbi em atraso da 6.\u00aa jornada da 1.\u00aa fase da <strong>Liga Betclic Feminina<\/strong>.<\/p>\n<p><img decoding=\"async\" src=\"https:\/\/www.europesays.com\/pt\/wp-content\/uploads\/2025\/12\/eugenio-rodrigues-1-thumbnail.jpg\" alt=\"Benfica-GDESSA\" height=\"522px\" width=\"926px\"\/><\/p>\n<p><strong>DECLARA\u00c7\u00d5ES<\/strong><\/p>\n<p><strong>Eug\u00e9nio Rodrigues (treinador do Benfica):<\/strong> &#8220;Foi um jogo de altos e baixos no que toca \u00e0 concentra\u00e7\u00e3o, e essa concentra\u00e7\u00e3o, ou a falta de concentra\u00e7\u00e3o, nos baixos da equipa do Benfica, refletiu-se, sobretudo, na leitura da estrat\u00e9gia defensiva ao bloqueio direto. O advers\u00e1rio foi alterando, foi fazendo uma ou outra estrat\u00e9gia ligeiramente diferente daquela que estava planeada, e n\u00f3s demor\u00e1mos demasiado tempo a entrar nas solu\u00e7\u00f5es ofensivas, por um lado. Por outro lado, a focagem no tiro. \u00c9 fundamental que o tiro, neste tipo de jogos \u2013 que s\u00e3o ponto l\u00e1, ponto c\u00e1 \u2013, esteja em \u00edndices de performance muito acima. N\u00e3o nos podemos dar ao luxo de falhar 11 lances livres, porque, a dada altura do jogo \u2013 n\u00e3o \u00e9 tanto no final, mas \u00e9 durante \u2013, podemos matar, de facto, em termos motivacionais, o advers\u00e1rio, com o castigar da linha de lance livre, e n\u00e3o o fazemos. Temos de trabalhar mais. Como \u00e9 evidente, elas t\u00eam talento, esta equipa n\u00e3o falha 11 lances livres, falha bastante menos. Foi por a\u00ed. Em contraponto, soubemos tamb\u00e9m ir buscar o jogo. Tivemos a tal resili\u00eancia, capacidade de sacrif\u00edcio, extremamente cansados como estamos. Trein\u00e1mos dois treinos, um deles quase a passo, depois de virmos da Ch\u00e9quia [<a href=\"https:\/\/www.slbenfica.pt\/pt-pt\/agora\/noticias\/2025\/11\/26\/basquetebol-feminino-ostrava-benfica-jogo-6-jornada-grupo-k-eurocup-women\" rel=\"nofollow noopener\" target=\"_blank\"><strong>jogo europeu<\/strong><\/a> a meio da semana]. Essa capacidade de resili\u00eancia esteve aqui hoje tamb\u00e9m. A unidade entre as jogadoras foi muito importante.&#8221;<\/p>\n<p><img decoding=\"async\" src=\"https:\/\/www.europesays.com\/pt\/wp-content\/uploads\/2025\/12\/maria-joao-bettencourt-1-thumbnail.jpg\" alt=\"Benfica-GDESSA\" height=\"522px\" width=\"926px\"\/><\/p>\n<p><strong>Maria Jo\u00e3o Bettencourt (base\/extrema do Benfica):<\/strong> &#8220;Foi uma vit\u00f3ria de bastante esfor\u00e7o. Na verdade, custou-nos muito, mas, no fim de contas, ganhar por um \u00e9 um jogo ganho, mesmo que seja a sofrer. Acho que essas vit\u00f3rias, \u00e0s vezes, ainda valem a dobrar, porque custa, e acho que s\u00f3 temos de estar orgulhosas pela vit\u00f3ria. Quem me conhece, sabe que eu n\u00e3o olho aos n\u00fameros. Olho a ajudar a equipa naquilo que posso, a contribuir com o que posso. Hoje, correu-me bem a mim, podia ter sido a qualquer uma, mas, para mim, o que conta mesmo \u00e9 ter ganho e que a equipa esteja a crescer. Isso \u00e9 o que mais me importa, na verdade.&#8221;<\/p>\n<p><img decoding=\"async\" src=\"https:\/\/www.europesays.com\/pt\/wp-content\/uploads\/2025\/12\/roda-1-thumbnail.jpg\" alt=\"Benfica-GDESSA\" height=\"522px\" width=\"926px\"\/><\/p>\n<tr>\n<td style=\"background-color: #f2f2f2!important;\" colspan=\"4\"><strong>Liga Betclic Feminina (1.\u00aa fase) | 8.\u00aa jornada | 30\/11\/2025<\/strong><\/td>\n<\/tr>\n<tr style=\"background-color: #ffffff;\">\n<td style=\"font-size: 25px !important; font-weight: 500; padding: 0 0 20px;\" colspan=\"4\">Benfica-GDESSA<br \/>66-65<br \/>Pavilh\u00e3o Fidelidade<\/td>\n<\/tr>\n<tr>\n<td style=\"background-color: #f2f2f2!important;\" colspan=\"4\"><strong>Cinco inicial do Benfica<\/strong><\/td>\n<\/tr>\n<tr>\n<td style=\"padding: 15px 20px;\" colspan=\"4\">In\u00eas Faustino, Maria Jo\u00e3o Bettencourt, Emanuely de Oliveira, Zuzanna Puc e Let\u00edcia Soares<\/td>\n<\/tr>\n<tr>\n<td style=\"background-color: #f2f2f2!important;\" colspan=\"4\"><strong>Suplentes<\/strong><\/td>\n<\/tr>\n<tr>\n<td style=\"padding: 15px 20px;\" colspan=\"4\">Sara Rodrigues, Art\u00e9mis Afonso, Marcy Gon\u00e7alves, Marta Martins, Joana Soeiro, Fatumata Bald\u00e9 e Gabriela Fernandes<\/td>\n<\/tr>\n<tr>\n<td style=\"background-color: #f2f2f2!important;\" colspan=\"4\"><strong>Treinador do Benfica<\/strong><\/td>\n<\/tr>\n<tr>\n<td style=\"padding: 15px 20px;\" colspan=\"4\">Eug\u00e9nio Rodrigues<\/td>\n<\/tr>\n<tr>\n<td style=\"background-color: #f2f2f2!important;\" colspan=\"4\"><strong>Cinco inicial do GDESSA<\/strong><\/td>\n<\/tr>\n<tr>\n<td style=\"padding: 15px 20px;\" colspan=\"4\">Maianca Umabano, Mya Burns, Maria Oliveira, Let\u00edcia Vieira e M\u00e1rcia Costa Robalo<\/td>\n<\/tr>\n<tr>\n<td style=\"background-color: #f2f2f2!important;\" colspan=\"4\"><strong>Suplentes<\/strong><\/td>\n<\/tr>\n<tr>\n<td style=\"padding: 15px 20px;\" colspan=\"4\">Sofia Cabrita, Laura Ferreira, Abigail Rafferty, Teresa Cabrita, Diana Ramos, Francisca Rosa e Leonor Casinha<\/td>\n<\/tr>\n<tr style=\"border-bottom: 1px solid white; background-color: #f2f2f2!important;\">\n<td style=\"border-right: 1px solid #f4f4f4;\"><strong>1.\u00ba quarto<\/strong><\/td>\n<td style=\"border-right: 1px solid #f4f4f4;\"><strong>2.\u00ba quarto<\/strong><\/td>\n<td><strong>3.\u00ba quarto<\/strong><\/td>\n<td><strong>4.\u00ba quarto<\/strong><\/td>\n<\/tr>\n<tr>\n<td style=\"border-right: 1px solid #f4f4f4;\">23-14<\/td>\n<td style=\"border-right: 1px solid #f4f4f4;\">34-32<\/td>\n<td style=\"border-right: 1px solid #f4f4f4;\">47-48<\/td>\n<td>66-65<\/td>\n<\/tr>\n<tr>\n<td style=\"background-color: #f2f2f2!important;\" colspan=\"4\"><strong>Pontuadoras do Benfica<\/strong><\/td>\n<\/tr>\n<tr>\n<td style=\"padding: 15px 20px;\" colspan=\"4\">Maria Jo\u00e3o Bettencourt (24), Let\u00edcia Soares (10), Emanuely de Oliveira (8), Marcy Gon\u00e7alves (8), In\u00eas Faustino (7), Zuzanna Puc (4), Marta Martins (3) e Joana Soeiro (2)<\/td>\n<\/tr>\n<p><a href=\" https:\/\/www.slbenfica.pt\/loja\/campanhas\/black-friday \"><img decoding=\"async\" src=\" https:\/\/media.slbenfica.pt\/-\/media\/DCM\/Adds\/Epoca-25-26\/principal\/campanhas-loja\/black-friday\/noticias\/Banner-notcia-926x300 \" alt=\"black-friday-benfica\" width=\"936px\" height=\"300px\"\/><\/a><\/p>\n","protected":false},"excerpt":{"rendered":"RESUMO DO JOGO Neste domingo, 30 de novembro, no Pavilh\u00e3o Fidelidade, a equipa feminina de basquetebol do Benfica&hellip;\n","protected":false},"author":2,"featured_media":171830,"comment_status":"","ping_status":"","sticky":false,"template":"","format":"standard","meta":{"footnotes":""},"categories":[87],"tags":[135,32,33,134],"class_list":{"0":"post-171829","1":"post","2":"type-post","3":"status-publish","4":"format-standard","5":"has-post-thumbnail","7":"category-desporto","8":"tag-desporto","9":"tag-portugal","10":"tag-pt","11":"tag-sports"},"share_on_mastodon":{"url":"https:\/\/pubeurope.com\/@pt\/115644719912898304","error":""},"_links":{"self":[{"href":"https:\/\/www.europesays.com\/pt\/wp-json\/wp\/v2\/posts\/171829","targetHints":{"allow":["GET"]}}],"collection":[{"href":"https:\/\/www.europesays.com\/pt\/wp-json\/wp\/v2\/posts"}],"about":[{"href":"https:\/\/www.europesays.com\/pt\/wp-json\/wp\/v2\/types\/post"}],"author":[{"embeddable":true,"href":"https:\/\/www.europesays.com\/pt\/wp-json\/wp\/v2\/users\/2"}],"replies":[{"embeddable":true,"href":"https:\/\/www.europesays.com\/pt\/wp-json\/wp\/v2\/comments?post=171829"}],"version-history":[{"count":0,"href":"https:\/\/www.europesays.com\/pt\/wp-json\/wp\/v2\/posts\/171829\/revisions"}],"wp:featuredmedia":[{"embeddable":true,"href":"https:\/\/www.europesays.com\/pt\/wp-json\/wp\/v2\/media\/171830"}],"wp:attachment":[{"href":"https:\/\/www.europesays.com\/pt\/wp-json\/wp\/v2\/media?parent=171829"}],"wp:term":[{"taxonomy":"category","embeddable":true,"href":"https:\/\/www.europesays.com\/pt\/wp-json\/wp\/v2\/categories?post=171829"},{"taxonomy":"post_tag","embeddable":true,"href":"https:\/\/www.europesays.com\/pt\/wp-json\/wp\/v2\/tags?post=171829"}],"curies":[{"name":"wp","href":"https:\/\/api.w.org\/{rel}","templated":true}]}}