{"id":171837,"date":"2025-12-01T14:20:11","date_gmt":"2025-12-01T14:20:11","guid":{"rendered":"https:\/\/www.europesays.com\/pt\/171837\/"},"modified":"2025-12-01T14:20:11","modified_gmt":"2025-12-01T14:20:11","slug":"jade-picon-e-barbara-labres-colocam-tanquinhos-para-jogo-em-dia-de-futevolei-na-barra-da-tijuca","status":"publish","type":"post","link":"https:\/\/www.europesays.com\/pt\/171837\/","title":{"rendered":"Jade Picon e B\u00e1rbara Labres colocam tanquinhos para jogo em dia de futev\u00f4lei na Barra da Tijuca"},"content":{"rendered":"\n<p class=\" content-text__container \" data-track-category=\"Link no Texto\" data-track-links=\"\"> A Soraia de Tudo Por Uma Segunda Chance, a primeira novela vertical da Globo, escolheu um biqu\u00edni verde-musgo para praticar o esporte. J\u00e1 a artista, que \u00e9 ex-namorada de <strong>Gabriela Versiani<\/strong>, combinou um top branco com shorts confort\u00e1veis. Jade \u00e9 vista com frequ\u00eancia nas quadras de areia da regi\u00e3o desde que se mudou para o Rio de Janeiro em 2022, ap\u00f3s protagonizar a novela das 21h Travessia. <\/p>\n","protected":false},"excerpt":{"rendered":"A Soraia de Tudo Por Uma Segunda Chance, a primeira novela vertical da Globo, escolheu um biqu\u00edni verde-musgo&hellip;\n","protected":false},"author":2,"featured_media":171838,"comment_status":"","ping_status":"","sticky":false,"template":"","format":"standard","meta":{"footnotes":""},"categories":[145],"tags":[35960,211,210,114,115,6113,32,33],"class_list":{"0":"post-171837","1":"post","2":"type-post","3":"status-publish","4":"format-standard","5":"has-post-thumbnail","7":"category-celebridades","8":"tag-barbara-labres","9":"tag-celebridades","10":"tag-celebrities","11":"tag-entertainment","12":"tag-entretenimento","13":"tag-jade-picon","14":"tag-portugal","15":"tag-pt"},"share_on_mastodon":{"url":"https:\/\/pubeurope.com\/@pt\/115644755999018408","error":""},"_links":{"self":[{"href":"https:\/\/www.europesays.com\/pt\/wp-json\/wp\/v2\/posts\/171837","targetHints":{"allow":["GET"]}}],"collection":[{"href":"https:\/\/www.europesays.com\/pt\/wp-json\/wp\/v2\/posts"}],"about":[{"href":"https:\/\/www.europesays.com\/pt\/wp-json\/wp\/v2\/types\/post"}],"author":[{"embeddable":true,"href":"https:\/\/www.europesays.com\/pt\/wp-json\/wp\/v2\/users\/2"}],"replies":[{"embeddable":true,"href":"https:\/\/www.europesays.com\/pt\/wp-json\/wp\/v2\/comments?post=171837"}],"version-history":[{"count":0,"href":"https:\/\/www.europesays.com\/pt\/wp-json\/wp\/v2\/posts\/171837\/revisions"}],"wp:featuredmedia":[{"embeddable":true,"href":"https:\/\/www.europesays.com\/pt\/wp-json\/wp\/v2\/media\/171838"}],"wp:attachment":[{"href":"https:\/\/www.europesays.com\/pt\/wp-json\/wp\/v2\/media?parent=171837"}],"wp:term":[{"taxonomy":"category","embeddable":true,"href":"https:\/\/www.europesays.com\/pt\/wp-json\/wp\/v2\/categories?post=171837"},{"taxonomy":"post_tag","embeddable":true,"href":"https:\/\/www.europesays.com\/pt\/wp-json\/wp\/v2\/tags?post=171837"}],"curies":[{"name":"wp","href":"https:\/\/api.w.org\/{rel}","templated":true}]}}