{"id":171839,"date":"2025-12-01T14:21:26","date_gmt":"2025-12-01T14:21:26","guid":{"rendered":"https:\/\/www.europesays.com\/pt\/171839\/"},"modified":"2025-12-01T14:21:26","modified_gmt":"2025-12-01T14:21:26","slug":"casa-haras-cinco-solidos","status":"publish","type":"post","link":"https:\/\/www.europesays.com\/pt\/171839\/","title":{"rendered":"Casa Haras \/ Cinco S\u00f3lidos"},"content":{"rendered":"<p><a class=\"js-image-size__link \" href=\"https:\/\/www.archdaily.com.br\/br\/1036413\/casa-haras-cinco-solidos\/6926e1e2d38c2301887e910a-casa-haras-cinco-solidos-foto\" rel=\"attachment nofollow noopener\" style=\"width: 100%; height: 100%;\" target=\"_blank\"><img decoding=\"async\" alt=\"Casa Haras \/ Cinco S\u00f3lidos - Imagem 1 de 29\" data-nr-picture-id=\"6926e1e2d38c2301887e910a\" fetchpriority=\"high\" height=\"402\" itemprop=\"image\" loading=\"eager\" longdesc=\"https:\/\/www.archdaily.com.br\/br\/1036413\/casa-haras-cinco-solidos\/6926e1e2d38c2301887e910a-casa-haras-cinco-solidos-foto\" src=\"https:\/\/www.europesays.com\/pt\/wp-content\/uploads\/2025\/12\/casa-haras-cinco-solidos_13.jpg\" style=\"min-height: var(--featured-height, auto); aspect-ratio: auto 640 \/ 402\" width=\"640\"\/><\/a>\u00a9 Monica Barreneche<\/p>\n<p class=\"thumbs afd-desktop-e clearfix\"><a class=\"thumbs__link\" data-nr-picture-id=\"6926e1e2d38c235e2d8914be\" href=\"https:\/\/www.archdaily.com.br\/br\/1036413\/casa-haras-cinco-solidos\/6926e1e2d38c235e2d8914be-casa-haras-cinco-solidos-foto\" rel=\"attachment nofollow noopener\" target=\"_blank\"><img loading=\"lazy\" decoding=\"async\" alt=\"Casa Haras \/ Cinco S\u00f3lidos - Imagem 2 de 29\" class=\"thumbs__img b-lazy\" data-nr-picture-id=\"6926e1e2d38c235e2d8914be\" data-pin-nopin=\"true\" src=\"https:\/\/www.europesays.com\/pt\/wp-content\/uploads\/2025\/12\/casa-haras-cinco-solidos_17.jpg\" height=\"125\" longdesc=\"https:\/\/www.archdaily.com.br\/br\/1036413\/casa-haras-cinco-solidos\/6926e1e2d38c235e2d8914be-casa-haras-cinco-solidos-foto\" title=\"\u00a9 Monica Barreneche\" width=\"125\"\/><\/a><a class=\"thumbs__link\" data-nr-picture-id=\"6926e1e30c983069473e2740\" href=\"https:\/\/www.archdaily.com.br\/br\/1036413\/casa-haras-cinco-solidos\/6926e1e30c983069473e2740-casa-haras-cinco-solidos-foto\" rel=\"attachment nofollow noopener\" target=\"_blank\"><img loading=\"lazy\" decoding=\"async\" alt=\"Casa Haras \/ Cinco S\u00f3lidos - Fotografia de Interiores, Sala de Estar, Madeira\" class=\"thumbs__img b-lazy\" data-nr-picture-id=\"6926e1e30c983069473e2740\" data-pin-nopin=\"true\" src=\"https:\/\/www.europesays.com\/pt\/wp-content\/uploads\/2025\/12\/casa-haras-cinco-solidos_24.jpg\" height=\"125\" longdesc=\"https:\/\/www.archdaily.com.br\/br\/1036413\/casa-haras-cinco-solidos\/6926e1e30c983069473e2740-casa-haras-cinco-solidos-foto\" title=\"\u00a9 Monica Barreneche\" width=\"125\"\/><\/a><a class=\"thumbs__link\" data-nr-picture-id=\"6926e1e50c98300188b1c4d3\" href=\"https:\/\/www.archdaily.com.br\/br\/1036413\/casa-haras-cinco-solidos\/6926e1e50c98300188b1c4d3-casa-haras-cinco-solidos-foto\" rel=\"attachment nofollow noopener\" target=\"_blank\"><img loading=\"lazy\" decoding=\"async\" alt=\"Casa Haras \/ Cinco S\u00f3lidos - Imagem 4 de 29\" class=\"thumbs__img b-lazy\" data-nr-picture-id=\"6926e1e50c98300188b1c4d3\" data-pin-nopin=\"true\" src=\"https:\/\/www.europesays.com\/pt\/wp-content\/uploads\/2025\/12\/casa-haras-cinco-solidos_3.jpg\" height=\"125\" longdesc=\"https:\/\/www.archdaily.com.br\/br\/1036413\/casa-haras-cinco-solidos\/6926e1e50c98300188b1c4d3-casa-haras-cinco-solidos-foto\" title=\"\u00a9 Monica Barreneche\" width=\"125\"\/><\/a><a class=\"thumbs__link\" data-nr-picture-id=\"6926e1e10c983069473e273f\" href=\"https:\/\/www.archdaily.com.br\/br\/1036413\/casa-haras-cinco-solidos\/6926e1e10c983069473e273f-casa-haras-cinco-solidos-foto\" rel=\"attachment nofollow noopener\" target=\"_blank\"><img loading=\"lazy\" decoding=\"async\" alt=\"Casa Haras \/ Cinco S\u00f3lidos - Imagem 5 de 29\" class=\"thumbs__img b-lazy\" data-nr-picture-id=\"6926e1e10c983069473e273f\" data-pin-nopin=\"true\" src=\"https:\/\/www.europesays.com\/pt\/wp-content\/uploads\/2025\/12\/casa-haras-cinco-solidos_4.jpg\" height=\"125\" longdesc=\"https:\/\/www.archdaily.com.br\/br\/1036413\/casa-haras-cinco-solidos\/6926e1e10c983069473e273f-casa-haras-cinco-solidos-foto\" title=\"\u00a9 Monica Barreneche\" width=\"125\"\/><\/a><a class=\"gallery-link afd-desktop-e\" href=\"https:\/\/www.archdaily.com.br\/br\/1036413\/casa-haras-cinco-solidos\/6926e1e2d38c2301887e910a-casa-haras-cinco-solidos-foto\" rel=\"nofollow noopener\" target=\"_blank\"><img decoding=\"async\" alt=\"Casa Haras \/ Cinco S\u00f3lidos - Mais Imagens\" class=\"thumbs__img b-lazy\" src=\"https:\/\/www.europesays.com\/pt\/wp-content\/uploads\/2025\/12\/casa-haras-cinco-solidos_13.jpg\" itemprop=\"image\" bad-src=\"data:image\/gif;base64,R0lGODlhAQABAIAAAAUEBAAAACwAAAAAAQABAAACAkQBADs=\"\/>+ 24<\/a><\/p>\n<p>    Compartilhar<\/p>\n<p>Compartilhar<\/p>\n<ul class=\"afd-share__networks clearfix\">\n<li class=\"afd-share__social\"><a aria-label=\"Facebook\" class=\"afd-share__button\" data-insights-category=\"share\" data-insights-label=\"facebook_sharing_options\" data-insights-value=\"1036413\" data-social=\"facebook\" href=\"https:\/\/www.facebook.com\/sharer\/sharer.php?u=https:\/\/www.archdaily.com.br\/br\/1036413\/casa-haras-cinco-solidos\" rel=\"nofollow noopener\" target=\"_blank\"><\/a>\n<p>Facebook<\/p>\n<\/li>\n<li class=\"afd-share__social\"><a aria-label=\"Twitter\" class=\"afd-share__button\" data-insights-category=\"share\" data-insights-label=\"twitter_sharing_options\" data-insights-value=\"1036413\" data-social=\"twitter\" href=\"https:\/\/twitter.com\/intent\/tweet?text=Casa%20Haras%20%2F%20Cinco%20S%C3%B3lidos&amp;url=https:\/\/www.archdaily.com.br\/br\/1036413\/casa-haras-cinco-solidos&amp;via=archdailybr\" rel=\"nofollow noopener\" target=\"_blank\"><\/a>\n<p>Twitter<\/p>\n<\/li>\n<li class=\"afd-share__social\"><a class=\"afd-share__button\" data-insights-category=\"share\" data-insights-label=\"email_sharing_options\" data-insights-value=\"1036413\" data-social=\"email\" href=\"mailto:?subject=Casa Haras \/ Cinco S\u00f3lidos&amp;body=https:\/\/www.archdaily.com.br\/br\/1036413\/casa-haras-cinco-solidos\"><\/a>\n<p>Mail<\/p>\n<\/li>\n<li class=\"afd-share__social\"><a aria-label=\"Pinterest\" class=\"afd-share__button\" data-insights-category=\"share\" data-insights-label=\"pinterest_sharing_options\" data-insights-value=\"1036413\" data-social=\"pinterest\" href=\"https:\/\/pinterest.com\/pin\/create\/button\/?url=https%3A%2F%2Fwww.archdaily.com.br%2Fbr%2F1036413%2Fcasa-haras-cinco-solidos&amp;media=https%3A%2F%2Fimages.adsttc.com%2Fmedia%2Fimages%2F6926%2Fe1e2%2Fd38c%2F2301%2F887e%2F910a%2Flarge_jpg%2Fcasa-haras-cinco-solidos_13.jpg%3F1764155989&amp;description=Casa%20Haras%20%2F%20Cinco%20S%C3%B3lidos\" rel=\"nofollow noopener\" target=\"_blank\"><\/a>\n<p>Pinterest<\/p>\n<\/li>\n<li class=\"afd-share__social\"><a aria-label=\"Whatsapp\" class=\"afd-share__button\" data-action=\"share\/whatsapp\/share\" data-insights-category=\"share\" data-insights-label=\"whatsapp_sharing_options\" data-insights-value=\"1036413\" data-social=\"whatsapp\" href=\"whatsapp:\/\/send?text=Casa+Haras+%2F+Cinco+S%C3%B3lidos+%7C+https%3A%2F%2Fwww.archdaily.com.br%2Fbr%2F1036413%2Fcasa-haras-cinco-solidos%3Futm_source%3DWhatsapp%26utm_medium%3DIM%26utm_campaign%3Dshare-button\" rel=\"nofollow\"><\/a>\n<p>Whatsapp<\/p>\n<\/li>\n<\/ul>\n<p>Ou<\/p>\n<p>https:\/\/www.archdaily.com.br\/br\/1036413\/casa-haras-cinco-solidos<br \/>\n<a class=\"js-image-size__link lazy-anchor\" href=\"https:\/\/www.archdaily.com.br\/br\/1036413\/casa-haras-cinco-solidos\/6926e1e2d38c235e2d8914be-casa-haras-cinco-solidos-foto\" rel=\"nofollow noopener\" target=\"_blank\"><img decoding=\"async\" alt=\"Casa Haras \/ Cinco S\u00f3lidos - Imagem 2 de 29\" data-nr-picture-id=\"6926e1e2d38c235e2d8914be\" height=\"427\" itemprop=\"image\" loading=\"lazy\" longdesc=\"https:\/\/www.archdaily.com.br\/br\/1036413\/casa-haras-cinco-solidos\/6926e1e2d38c235e2d8914be-casa-haras-cinco-solidos-foto\" src=\"https:\/\/www.europesays.com\/pt\/wp-content\/uploads\/2025\/12\/1764598875_169_casa-haras-cinco-solidos_17.jpg\" width=\"640\"\/>\u00a9 Monica Barreneche<\/a><\/p>\n<p>Nesta casa, a luz e a arquitetura dialogam diariamente. Um lugar onde materiais nobres e espacialidades generosas honram a beleza do simples.<\/p>\n<p><a class=\"js-image-size__link lazy-anchor\" href=\"https:\/\/www.archdaily.com.br\/br\/1036413\/casa-haras-cinco-solidos\/6926e1e50c98300188b1c4d3-casa-haras-cinco-solidos-foto\" rel=\"nofollow noopener\" target=\"_blank\"><img decoding=\"async\" alt=\"Casa Haras \/ Cinco S\u00f3lidos - Imagem 4 de 29\" data-nr-picture-id=\"6926e1e50c98300188b1c4d3\" height=\"427\" itemprop=\"image\" loading=\"lazy\" longdesc=\"https:\/\/www.archdaily.com.br\/br\/1036413\/casa-haras-cinco-solidos\/6926e1e50c98300188b1c4d3-casa-haras-cinco-solidos-foto\" src=\"https:\/\/www.europesays.com\/pt\/wp-content\/uploads\/2025\/12\/1764598876_963_casa-haras-cinco-solidos_3.jpg\" width=\"640\"\/>\u00a9 Monica Barreneche<\/a><\/p>\n<p>Uma evidente admira\u00e7\u00e3o pela arquitetura monumental e brutalista abriu a conversa e a possibilidade criativa entre o est\u00fadio de arquitetura antioque\u00f1o Cinco S\u00f3lidos e quem habita esta casa de campo de 780m2 nas montanhas colombianas.\u00a0\u201cFicou claro desde o in\u00edcio que a inten\u00e7\u00e3o era que a pr\u00f3pria casa funcionasse como uma escultura. Decidimos manter o desenho o mais limpo poss\u00edvel para que, ao ampli\u00e1-lo para grandes volumes, a materialidade n\u00e3o nos limitasse\u201d, afirma Mar\u00eda Jos\u00e9 Fern\u00e1ndez, cofundadora do est\u00fadio.<\/p>\n<p><a class=\"js-image-size__link lazy-anchor\" href=\"https:\/\/www.archdaily.com.br\/br\/1036413\/casa-haras-cinco-solidos\/6926e1e2d38c2301887e9108-casa-haras-cinco-solidos-foto\" rel=\"nofollow noopener\" target=\"_blank\"><img decoding=\"async\" alt=\"Casa Haras \/ Cinco S\u00f3lidos - Fotografia de Interiores, Sala de Estar\" data-nr-picture-id=\"6926e1e2d38c2301887e9108\" height=\"427\" itemprop=\"image\" loading=\"lazy\" longdesc=\"https:\/\/www.archdaily.com.br\/br\/1036413\/casa-haras-cinco-solidos\/6926e1e2d38c2301887e9108-casa-haras-cinco-solidos-foto\" src=\"https:\/\/www.europesays.com\/pt\/wp-content\/uploads\/2025\/12\/casa-haras-cinco-solidos_14.jpg\" width=\"640\"\/>\u00a9 Monica Barreneche<\/a><\/p>\n<p>Embora a geometria do projeto seja percebida como b\u00e1sica ou elementar, n\u00e3o o \u00e9 em sua dimensionalidade nem em seus detalhes construtivos. De uma perspectiva a\u00e9rea, dois volumes retangulares se sobrep\u00f5em criando uma simetria em que os telhados s\u00e3o tratados com a mesma relev\u00e2ncia de uma fachada frontal. &#8220;Poucas vezes se pensa o design de cima para baixo, o que pode resultar em descuidos tanto na visualiza\u00e7\u00e3o quanto nos acabamentos, por isso, quisemos revesti-los com pedras naturais de rio para dar a mesma relev\u00e2ncia das suas outras quatro fachadas&#8221;, acrescenta Mar\u00eda Jos\u00e9.<\/p>\n<p><a class=\"js-image-size__link lazy-anchor\" href=\"https:\/\/www.archdaily.com.br\/br\/1036413\/casa-haras-cinco-solidos\/6926e1e30c983069473e2740-casa-haras-cinco-solidos-foto\" rel=\"nofollow noopener\" target=\"_blank\"><img decoding=\"async\" alt=\"Casa Haras \/ Cinco S\u00f3lidos - Fotografia de Interiores, Sala de Estar, Madeira\" data-nr-picture-id=\"6926e1e30c983069473e2740\" height=\"427\" itemprop=\"image\" loading=\"lazy\" longdesc=\"https:\/\/www.archdaily.com.br\/br\/1036413\/casa-haras-cinco-solidos\/6926e1e30c983069473e2740-casa-haras-cinco-solidos-foto\" src=\"https:\/\/www.europesays.com\/pt\/wp-content\/uploads\/2025\/12\/1764598878_959_casa-haras-cinco-solidos_24.jpg\" width=\"640\"\/>\u00a9 Monica Barreneche<\/a><\/p>\n<p>De baixo e de fora, o objetivo de manter um design simples se evidencia na sele\u00e7\u00e3o dos materiais: a\u00e7o, alum\u00ednio nas fachadas e concreto. Uma proposta que delimita o interior do exterior, assegurando a intimidade da vida interna da casa. Essa privacidade desaparece ao cruzar o portal de entrada, onde a sensa\u00e7\u00e3o de solidez volum\u00e9trica, pr\u00f3pria da arquitetura de tons brutalistas, se desvanece dentro de um espa\u00e7o et\u00e9reo.<\/p>\n<p><a class=\"js-image-size__link lazy-anchor\" href=\"https:\/\/www.archdaily.com.br\/br\/1036413\/casa-haras-cinco-solidos\/6926e1e10c983069473e273f-casa-haras-cinco-solidos-foto\" rel=\"nofollow noopener\" target=\"_blank\"><img decoding=\"async\" alt=\"Casa Haras \/ Cinco S\u00f3lidos - Imagem 5 de 29\" data-nr-picture-id=\"6926e1e10c983069473e273f\" height=\"427\" itemprop=\"image\" loading=\"lazy\" longdesc=\"https:\/\/www.archdaily.com.br\/br\/1036413\/casa-haras-cinco-solidos\/6926e1e10c983069473e273f-casa-haras-cinco-solidos-foto\" src=\"https:\/\/www.europesays.com\/pt\/wp-content\/uploads\/2025\/12\/1764598878_350_casa-haras-cinco-solidos_4.jpg\" width=\"640\"\/>\u00a9 Monica Barreneche<\/a><a class=\"js-image-size__link lazy-anchor\" href=\"https:\/\/www.archdaily.com.br\/br\/1036413\/casa-haras-cinco-solidos\/6926e1e20c983069c73e273d-casa-haras-cinco-solidos-foto\" rel=\"nofollow noopener\" target=\"_blank\"><img decoding=\"async\" alt=\"Casa Haras \/ Cinco S\u00f3lidos - Imagem 13 de 29\" data-nr-picture-id=\"6926e1e20c983069c73e273d\" height=\"427\" itemprop=\"image\" loading=\"lazy\" longdesc=\"https:\/\/www.archdaily.com.br\/br\/1036413\/casa-haras-cinco-solidos\/6926e1e20c983069c73e273d-casa-haras-cinco-solidos-foto\" src=\"https:\/\/www.europesays.com\/pt\/wp-content\/uploads\/2025\/12\/casa-haras-cinco-solidos_5.jpg\" width=\"640\"\/>\u00a9 Monica Barreneche<\/a><a class=\"js-image-size__link lazy-anchor\" href=\"https:\/\/www.archdaily.com.br\/br\/1036413\/casa-haras-cinco-solidos\/6926e1e1d38c23614a100891-casa-haras-cinco-solidos-foto\" rel=\"nofollow noopener\" target=\"_blank\"><img decoding=\"async\" alt=\"Casa Haras \/ Cinco S\u00f3lidos - Fotografia de Interiores, Dormit\u00f3rio, Madeira, Ilumina\u00e7\u00e3o, Cama\" data-nr-picture-id=\"6926e1e1d38c23614a100891\" height=\"427\" itemprop=\"image\" loading=\"lazy\" longdesc=\"https:\/\/www.archdaily.com.br\/br\/1036413\/casa-haras-cinco-solidos\/6926e1e1d38c23614a100891-casa-haras-cinco-solidos-foto\" src=\"https:\/\/www.europesays.com\/pt\/wp-content\/uploads\/2025\/12\/casa-haras-cinco-solidos_7.jpg\" width=\"640\"\/>\u00a9 Monica Barreneche<\/a><\/p>\n<p data-start=\"87\" data-end=\"813\">&#8220;A comunica\u00e7\u00e3o fluida entre todos estabeleceu uma base de confian\u00e7a que se refletiu na integridade deste projeto. Nem todos se arriscam a viver entre muros, pisos e tetos de concreto\u201d, afirma o est\u00fadio de arquitetura. Nesse contexto, a decis\u00e3o de revestir a imponente escada em caracol, o pilar adjacente, a porta e os closets ocultos da entrada com chapa de carvalho americano mostrou-se especialmente acertada: al\u00e9m de enquadrar os volumes paralelos, o material introduz uma sensa\u00e7\u00e3o de acolhimento ao interior. Esse calor \u00e9 intensificado pela curadoria de mobili\u00e1rio do Studio KP2, em colabora\u00e7\u00e3o com Cinco S\u00f3lidos, bem como pelas texturas dos tapetes de grande formato em algod\u00e3o e pelas cortinas de linho nos dormit\u00f3rios.<\/p>\n<p><a class=\"js-image-size__link lazy-anchor\" href=\"https:\/\/www.archdaily.com.br\/br\/1036413\/casa-haras-cinco-solidos\/6926e1e10c983069473e273e-casa-haras-cinco-solidos-foto\" rel=\"nofollow noopener\" target=\"_blank\"><img decoding=\"async\" alt=\"Casa Haras \/ Cinco S\u00f3lidos - Fotografia de Interiores\" data-nr-picture-id=\"6926e1e10c983069473e273e\" height=\"427\" itemprop=\"image\" loading=\"lazy\" longdesc=\"https:\/\/www.archdaily.com.br\/br\/1036413\/casa-haras-cinco-solidos\/6926e1e10c983069473e273e-casa-haras-cinco-solidos-foto\" src=\"https:\/\/www.europesays.com\/pt\/wp-content\/uploads\/2025\/12\/casa-haras-cinco-solidos_8.jpg\" width=\"640\"\/>\u00a9 Monica Barreneche<\/a><a class=\"js-image-size__link lazy-anchor\" href=\"https:\/\/www.archdaily.com.br\/br\/1036413\/casa-haras-cinco-solidos\/6926e1e3d38c235e2d8914c0-casa-haras-cinco-solidos-foto\" rel=\"nofollow noopener\" target=\"_blank\"><img decoding=\"async\" alt=\"Casa Haras \/ Cinco S\u00f3lidos - Imagem 22 de 29\" data-nr-picture-id=\"6926e1e3d38c235e2d8914c0\" height=\"427\" itemprop=\"image\" loading=\"lazy\" longdesc=\"https:\/\/www.archdaily.com.br\/br\/1036413\/casa-haras-cinco-solidos\/6926e1e3d38c235e2d8914c0-casa-haras-cinco-solidos-foto\" src=\"https:\/\/www.europesays.com\/pt\/wp-content\/uploads\/2025\/12\/casa-haras-cinco-solidos_21.jpg\" width=\"640\"\/>\u00a9 Monica Barreneche<\/a><\/p>\n<p data-start=\"72\" data-end=\"836\">No primeiro contato com o interior, uma ampla sala com p\u00e9-direito duplo se abre tanto para dentro quanto para fora, articulando toda a zona social. Esse espa\u00e7o re\u00fane diferentes momentos de conviv\u00eancia: uma sala de jantar para dez pessoas, a cozinha, a piscina e a sala de estar externa. Ao habitar essa \u00e1rea, torna-se imposs\u00edvel ignorar um elemento que, segundo seus criadores, funciona como o eixo central da casa: um pilar de concreto em formato de \u201cV\u201d que mergulha na piscina revestida com azulejos de pedra Bali negra. Al\u00e9m de sustentar a ala superior direita, essa estrutura confere identidade ao projeto. \u201cExplorando a funcionalidade estrutural, rotacionamos a pe\u00e7a para tirar o m\u00e1ximo proveito dela\u201d, acrescenta Daniel Correa, co-fundador do Cinco S\u00f3lidos.<\/p>\n<p><a class=\"js-image-size__link lazy-anchor\" href=\"https:\/\/www.archdaily.com.br\/br\/1036413\/casa-haras-cinco-solidos\/6926e1e30c98300188b1c4d2-casa-haras-cinco-solidos-foto\" rel=\"nofollow noopener\" target=\"_blank\"><img decoding=\"async\" alt=\"Casa Haras \/ Cinco S\u00f3lidos - Fotografia de Interiores, Concreto\" data-nr-picture-id=\"6926e1e30c98300188b1c4d2\" height=\"427\" itemprop=\"image\" loading=\"lazy\" longdesc=\"https:\/\/www.archdaily.com.br\/br\/1036413\/casa-haras-cinco-solidos\/6926e1e30c98300188b1c4d2-casa-haras-cinco-solidos-foto\" src=\"https:\/\/www.europesays.com\/pt\/wp-content\/uploads\/2025\/12\/casa-haras-cinco-solidos_26.jpg\" width=\"640\"\/>\u00a9 Monica Barreneche<\/a><a class=\"js-image-size__link lazy-anchor\" href=\"https:\/\/www.archdaily.com.br\/br\/1036413\/casa-haras-cinco-solidos\/6926e1e3d38c235e2d8914bf-casa-haras-cinco-solidos-foto\" rel=\"nofollow noopener\" target=\"_blank\"><img decoding=\"async\" alt=\"Casa Haras \/ Cinco S\u00f3lidos - Fotografia de Interiores, Concreto\" data-nr-picture-id=\"6926e1e3d38c235e2d8914bf\" height=\"427\" itemprop=\"image\" loading=\"lazy\" longdesc=\"https:\/\/www.archdaily.com.br\/br\/1036413\/casa-haras-cinco-solidos\/6926e1e3d38c235e2d8914bf-casa-haras-cinco-solidos-foto\" src=\"https:\/\/www.europesays.com\/pt\/wp-content\/uploads\/2025\/12\/casa-haras-cinco-solidos_15.jpg\" width=\"640\"\/>\u00a9 Monica Barreneche<\/a><\/p>\n<p data-start=\"92\" data-end=\"769\">Neste pavimento encontram-se tamb\u00e9m ambientes discretos, como uma academia integrada ao exterior, um banheiro social, uma sala de cinema, um quarto privado, uma cozinha auxiliar com depend\u00eancias de servi\u00e7o e, por fim, a garagem. Ao subir pela escada escult\u00f3rica, alcan\u00e7a-se o segundo andar, onde o manejo preciso da luz natural envolve um hall que separa a su\u00edte principal das quatro su\u00edtes secund\u00e1rias. \u201cA partir desse hall \u00e9 poss\u00edvel observar a origem das colunas verticais, que se repetem como um padr\u00e3o no interior da fachada principal. Esse elemento, al\u00e9m de conferir coer\u00eancia ao volume, desempenha um papel essencial no controle da luminosidade\u201d, acrescenta Fern\u00e1ndez.<\/p>\n<p><a class=\"js-image-size__link lazy-anchor\" href=\"https:\/\/www.archdaily.com.br\/br\/1036413\/casa-haras-cinco-solidos\/6926e1e6d38c2301887e9110-casa-haras-cinco-solidos-foto\" rel=\"nofollow noopener\" target=\"_blank\"><img decoding=\"async\" alt=\"Casa Haras \/ Cinco S\u00f3lidos - Imagem 16 de 29\" data-nr-picture-id=\"6926e1e6d38c2301887e9110\" height=\"427\" itemprop=\"image\" loading=\"lazy\" longdesc=\"https:\/\/www.archdaily.com.br\/br\/1036413\/casa-haras-cinco-solidos\/6926e1e6d38c2301887e9110-casa-haras-cinco-solidos-foto\" src=\"https:\/\/www.europesays.com\/pt\/wp-content\/uploads\/2025\/12\/casa-haras-cinco-solidos_19.jpg\" width=\"640\"\/>\u00a9 Monica Barreneche<\/a><\/p>\n<p>&#8220;A robustez desta casa gera uma sensa\u00e7\u00e3o de seguran\u00e7a e, para mim, representa tamb\u00e9m o importante e o bonito que \u00e9 estar localizado em seu pr\u00f3prio centro&#8221;, afirma quem agora habita esta casa de exterior impenetr\u00e1vel e de interior amig\u00e1vel e acolhedor.<\/p>\n<p><a class=\"js-image-size__link lazy-anchor\" href=\"https:\/\/www.archdaily.com.br\/br\/1036413\/casa-haras-cinco-solidos\/6926e1e1d38c235e2d8914bc-casa-haras-cinco-solidos-foto\" rel=\"nofollow noopener\" target=\"_blank\"><img decoding=\"async\" alt=\"Casa Haras \/ Cinco S\u00f3lidos - Imagem 28 de 29\" data-nr-picture-id=\"6926e1e1d38c235e2d8914bc\" height=\"427\" itemprop=\"image\" loading=\"lazy\" longdesc=\"https:\/\/www.archdaily.com.br\/br\/1036413\/casa-haras-cinco-solidos\/6926e1e1d38c235e2d8914bc-casa-haras-cinco-solidos-foto\" src=\"https:\/\/www.europesays.com\/pt\/wp-content\/uploads\/2025\/12\/casa-haras-cinco-solidos_2.jpg\" width=\"640\"\/>\u00a9 Monica Barreneche<\/a><script async src=\"https:\/\/platform.twitter.com\/widgets.js\" charset=\"utf-8\"><\/script><\/p>\n","protected":false},"excerpt":{"rendered":"\u00a9 Monica Barreneche + 24 Compartilhar Compartilhar Facebook Twitter Mail Pinterest Whatsapp Ou https:\/\/www.archdaily.com.br\/br\/1036413\/casa-haras-cinco-solidos \u00a9 Monica Barreneche Nesta&hellip;\n","protected":false},"author":2,"featured_media":171840,"comment_status":"","ping_status":"","sticky":false,"template":"","format":"standard","meta":{"footnotes":""},"categories":[144],"tags":[304,361,207,205,206,203,201,202,362,204,114,115,32,33,35961],"class_list":{"0":"post-171839","1":"post","2":"type-post","3":"status-publish","4":"format-standard","5":"has-post-thumbnail","7":"category-arte-e-design","8":"tag-arquitetura","9":"tag-arquitetura-residencial","10":"tag-arte","11":"tag-arte-e-design","12":"tag-artedesign","13":"tag-arts","14":"tag-arts-and-design","15":"tag-artsanddesign","16":"tag-casas","17":"tag-design","18":"tag-entertainment","19":"tag-entretenimento","20":"tag-portugal","21":"tag-pt","22":"tag-rionegro"},"share_on_mastodon":{"url":"https:\/\/pubeurope.com\/@pt\/115644759757561489","error":""},"_links":{"self":[{"href":"https:\/\/www.europesays.com\/pt\/wp-json\/wp\/v2\/posts\/171839","targetHints":{"allow":["GET"]}}],"collection":[{"href":"https:\/\/www.europesays.com\/pt\/wp-json\/wp\/v2\/posts"}],"about":[{"href":"https:\/\/www.europesays.com\/pt\/wp-json\/wp\/v2\/types\/post"}],"author":[{"embeddable":true,"href":"https:\/\/www.europesays.com\/pt\/wp-json\/wp\/v2\/users\/2"}],"replies":[{"embeddable":true,"href":"https:\/\/www.europesays.com\/pt\/wp-json\/wp\/v2\/comments?post=171839"}],"version-history":[{"count":0,"href":"https:\/\/www.europesays.com\/pt\/wp-json\/wp\/v2\/posts\/171839\/revisions"}],"wp:featuredmedia":[{"embeddable":true,"href":"https:\/\/www.europesays.com\/pt\/wp-json\/wp\/v2\/media\/171840"}],"wp:attachment":[{"href":"https:\/\/www.europesays.com\/pt\/wp-json\/wp\/v2\/media?parent=171839"}],"wp:term":[{"taxonomy":"category","embeddable":true,"href":"https:\/\/www.europesays.com\/pt\/wp-json\/wp\/v2\/categories?post=171839"},{"taxonomy":"post_tag","embeddable":true,"href":"https:\/\/www.europesays.com\/pt\/wp-json\/wp\/v2\/tags?post=171839"}],"curies":[{"name":"wp","href":"https:\/\/api.w.org\/{rel}","templated":true}]}}