{"id":171847,"date":"2025-12-01T14:26:09","date_gmt":"2025-12-01T14:26:09","guid":{"rendered":"https:\/\/www.europesays.com\/pt\/171847\/"},"modified":"2025-12-01T14:26:09","modified_gmt":"2025-12-01T14:26:09","slug":"mourinho-pede-filip-kostic-ao-benfica-ja-para-janeiro","status":"publish","type":"post","link":"https:\/\/www.europesays.com\/pt\/171847\/","title":{"rendered":"Mourinho pede Filip Kostic ao Benfica j\u00e1 para janeiro"},"content":{"rendered":"<p>O Benfica ter\u00e1 demonstrado interesse na aquisi\u00e7\u00e3o de Filip Kostic, jogador que termina contrato com a Juventus j\u00e1 no pr\u00f3ximo m\u00eas de junho, de acordo com informa\u00e7\u00f5es adiantadas, esta segunda-feira, pelo jornalista italiano Nicol\u00f2 Schira, especializado em quest\u00f5es relacionadas com o mercado de transfer\u00eancias.<\/p>\n<p>Os encarnados j\u00e1 ter\u00e3o &#8216;piscado o olho&#8217; ao internacional s\u00e9rvio na passada janela de ver\u00e3o, mas este acabou por permanecer em Turim, a pedido expresso do ent\u00e3o treinador, o croata Igor Tudor, que acabou por ser demitido, devido aos maus resultados, e substitu\u00eddo por Luciano Spalletti, que, curiosamente, at\u00e9 tem vindo a utiliz\u00e1-lo mais do que o antecessor.<\/p>\n<p>Desde que assumiu o leme da Vecchia Signora, no in\u00edcio do passado m\u00eas de novembro, o antigo selecionador italiano utilizou-o em quatro dos seis jogos disputados, entre eles, o empate a uma bola com o Sporting, quando o lan\u00e7ou para o lugar do internacional portugu\u00eas Francisco Concei\u00e7\u00e3o, \u00e0 passagem dos 72 minutos.<\/p>\n<p>Ainda assim, o canhoto de 33 anos de idade n\u00e3o tem continuidade assegurada no plantel bianconero, o que ter\u00e1 chamado a aten\u00e7\u00e3o, sobretudo, do treinador das \u00e1guias, Jos\u00e9 Mourinho, um confesso apreciador das suas qualidades, desde que o orientou, no Fenerbah\u00e7e, na passada temporada de 2024\/25.<\/p>\n<p>Sob as ordens do Special One, Filip Kostic somou um total de sete golos e duas assist\u00eancias ao cabo de 35 partidas, tendo em conta todas as competi\u00e7\u00f5es. Agora, estar\u00e1 em cima da mesa a possibilidade de o vir a reencontrar, j\u00e1 no defeso de inverno, que abre dentro de, sensivelmente, um m\u00eas.<\/p>\n<blockquote class=\"twitter-tweet\"><p>&#13;<\/p>\n<p dir=\"ltr\" lang=\"en\"><a href=\"https:\/\/twitter.com\/hashtag\/Benfica?src=hash&amp;ref_src=twsrc%5Etfw\" rel=\"nofollow noopener\" target=\"_blank\">#Benfica<\/a> are monitoring <a href=\"https:\/\/twitter.com\/hashtag\/Juventus?src=hash&amp;ref_src=twsrc%5Etfw\" rel=\"nofollow noopener\" target=\"_blank\">#Juventus<\/a>\u2019 fullback Filip <a href=\"https:\/\/twitter.com\/hashtag\/Kostic?src=hash&amp;ref_src=twsrc%5Etfw\" rel=\"nofollow noopener\" target=\"_blank\">#Kostic<\/a>. Jos\u00e8 <a href=\"https:\/\/twitter.com\/hashtag\/Mourinho?src=hash&amp;ref_src=twsrc%5Etfw\" rel=\"nofollow noopener\" target=\"_blank\">#Mourinho<\/a> loves him since they were together at Fenerbahce and Benfica had already shown interest in the serbian player last summer. Kostic\u2019s contract with <a href=\"https:\/\/twitter.com\/hashtag\/Juve?src=hash&amp;ref_src=twsrc%5Etfw\" rel=\"nofollow noopener\" target=\"_blank\">#Juve<\/a> expires in June 2026. <a href=\"https:\/\/twitter.com\/hashtag\/transfers?src=hash&amp;ref_src=twsrc%5Etfw\" rel=\"nofollow noopener\" target=\"_blank\">#transfers<\/a><\/p>\n<p>&#13;<br \/>\n                                                    \u2014 Nicol\u00f2 Schira (@NicoSchira) <a href=\"https:\/\/twitter.com\/NicoSchira\/status\/1995374171484991948?ref_src=twsrc%5Etfw\" rel=\"nofollow noopener\" target=\"_blank\">December 1, 2025<\/a><\/p><\/blockquote>\n<p>                                                    Polival\u00eancia \u00e9 uma das &#8216;armas&#8217; de Filip Kostic<\/p>\n<p>Natural de Kragujevac, na S\u00e9rvia, Filip Kostic come\u00e7ou por dar nas vistas ao servi\u00e7o do Radnicki 1923, ao ponto de ter chamado a aten\u00e7\u00e3o do Groningen, que, no ver\u00e3o de 2012, pagou qualquer coisa com um milh\u00e3o de euros pelo seu passe. A afirma\u00e7\u00e3o tardou&#8230; mas n\u00e3o falhou, e, logo na segunda \u00e9poca, somou 12 golos marcados ao cabo de 41 jogos.<\/p>\n<p>Em 2014, mudou-se para o Estugarda, a troco de seis milh\u00f5es de euros, e, em 2016, para o Hamburgo, por 14 milh\u00f5es de euros. J\u00e1 em 2018, rumou ao Eintracht Frankfurt, por perto de sete milh\u00f5es de euros, onde viveu os melhores anos da carreira, que o &#8216;catapultaram&#8217; para a Juventus, em 2022, por quase 15 milh\u00f5es de euros.<\/p>\n<p>A primeira \u00e9poca em solo italiano foi feita &#8216;a todo o g\u00e1s&#8217;, com 12 assist\u00eancias e tr\u00eas golos em 54 jogos, mas a segunda n\u00e3o correu t\u00e3o bem, pelo que acabou por ser emprestado ao Fenerbah\u00e7e, onde teve a oportunidade de trabalhar sob os comandos de Jos\u00e9 Mourinho, treinador que, agora, o quer &#8216;resgatar&#8217; para o Benfica.<\/p>\n<p>Perigoso no \u00faltimo ter\u00e7o, mas tamb\u00e9m detentor de qualidades defensivas, Filip Kostic \u00e9 capaz de cumprir todas as fun\u00e7\u00f5es na ala esquerda. A\u00ed, na defesa, o treinador portugu\u00eas conta com Samuel Dahl (que n\u00e3o o convence) e Rafa Obrador (ao qual tarda a dar oportunidades), ao passo que, no ataque, as les\u00f5es de Bruma e Dodi Luk\u00e9bakio complicam-lhe as contas.<\/p>\n<p>Leia Tamb\u00e9m: <a href=\"https:\/\/www.noticiasaominuto.com\/desporto\/2897139\/afinal-ha-vida-no-banco-como-mal-amados-de-mourinho-safaram-o-benfica\" target=\"_blank\" rel=\"noopener noreferrer nofollow\">Afinal, h\u00e1 vida no banco. Como mal-amados de Mourinho &#8216;safaram&#8217; o Benfica<\/a><\/p>\n<p>                                            <script async src=\"https:\/\/platform.twitter.com\/widgets.js\" charset=\"utf-8\"><\/script><\/p>\n","protected":false},"excerpt":{"rendered":"O Benfica ter\u00e1 demonstrado interesse na aquisi\u00e7\u00e3o de Filip Kostic, jogador que termina contrato com a Juventus j\u00e1&hellip;\n","protected":false},"author":2,"featured_media":171848,"comment_status":"","ping_status":"","sticky":false,"template":"","format":"standard","meta":{"footnotes":""},"categories":[87],"tags":[135,32,33,134],"class_list":{"0":"post-171847","1":"post","2":"type-post","3":"status-publish","4":"format-standard","5":"has-post-thumbnail","7":"category-desporto","8":"tag-desporto","9":"tag-portugal","10":"tag-pt","11":"tag-sports"},"share_on_mastodon":{"url":"https:\/\/pubeurope.com\/@pt\/115644778760078439","error":""},"_links":{"self":[{"href":"https:\/\/www.europesays.com\/pt\/wp-json\/wp\/v2\/posts\/171847","targetHints":{"allow":["GET"]}}],"collection":[{"href":"https:\/\/www.europesays.com\/pt\/wp-json\/wp\/v2\/posts"}],"about":[{"href":"https:\/\/www.europesays.com\/pt\/wp-json\/wp\/v2\/types\/post"}],"author":[{"embeddable":true,"href":"https:\/\/www.europesays.com\/pt\/wp-json\/wp\/v2\/users\/2"}],"replies":[{"embeddable":true,"href":"https:\/\/www.europesays.com\/pt\/wp-json\/wp\/v2\/comments?post=171847"}],"version-history":[{"count":0,"href":"https:\/\/www.europesays.com\/pt\/wp-json\/wp\/v2\/posts\/171847\/revisions"}],"wp:featuredmedia":[{"embeddable":true,"href":"https:\/\/www.europesays.com\/pt\/wp-json\/wp\/v2\/media\/171848"}],"wp:attachment":[{"href":"https:\/\/www.europesays.com\/pt\/wp-json\/wp\/v2\/media?parent=171847"}],"wp:term":[{"taxonomy":"category","embeddable":true,"href":"https:\/\/www.europesays.com\/pt\/wp-json\/wp\/v2\/categories?post=171847"},{"taxonomy":"post_tag","embeddable":true,"href":"https:\/\/www.europesays.com\/pt\/wp-json\/wp\/v2\/tags?post=171847"}],"curies":[{"name":"wp","href":"https:\/\/api.w.org\/{rel}","templated":true}]}}