{"id":171873,"date":"2025-12-01T14:52:10","date_gmt":"2025-12-01T14:52:10","guid":{"rendered":"https:\/\/www.europesays.com\/pt\/171873\/"},"modified":"2025-12-01T14:52:10","modified_gmt":"2025-12-01T14:52:10","slug":"nunca-pensei-que-ela-estivesse-comigo-pelo-dinheiro","status":"publish","type":"post","link":"https:\/\/www.europesays.com\/pt\/171873\/","title":{"rendered":"\u201cNunca pensei que ela estivesse comigo pelo dinheiro\u201d"},"content":{"rendered":"<p>Ap\u00f3s o <a href=\"https:\/\/tvi.iol.pt\/secretstory\" rel=\"nofollow noopener\" target=\"_blank\">Secret Story<\/a>, Dylan quebra o sil\u00eancio sobre In\u00eas: \u201cNunca pensei que ela estivesse comigo pelo dinheiro\u201d, disse.<\/p>\n<p>Cristina Ferreira confronta Dylan sobre \u201cinteresse\u201d de In\u00eas<\/p>\n<p>A manh\u00e3 no \u201cDois \u00e0s 10\u201d foi marcada por um dos temas mais pol\u00e9micos da edi\u00e7\u00e3o: a rela\u00e7\u00e3o entre Dylan e In\u00eas. Desde o in\u00edcio, o romance levantou d\u00favidas devido \u00e0 rapidez com que In\u00eas terminou o namoro c\u00e1 fora para se envolver com o colega da Casa dos Segredos.<\/p>\n<p>Assim, Cristina Ferreira foi direta ao ponto e levantou a quest\u00e3o que muitos espectadores colocam.<\/p>\n<p><strong>\u201cEm algum momento, at\u00e9 pelo teu historial, pensaste que ela estava a fazer isto s\u00f3 pelo que podia conquistar?\u201d<\/strong>, perguntou, fazendo refer\u00eancia \u00e0 conhecida viagem a Las Vegas partilhada por Dylan no passado.<\/p>\n<p>\u201cNunca na vida\u201d: Dylan rejeita ideia de interesse financeiro<\/p>\n<p>Sem hesita\u00e7\u00f5es, Dylan afastou por completo a possibilidade de que In\u00eas pudesse ter segundas inten\u00e7\u00f5es.<\/p>\n<p><strong>\u201cNunca. Foi exatamente o que eu disse \u00e0 Voz, quando eu entrei falei um pouco da minha vida e dava para perceber que eu tinha algumas posses, mas nunca na vida que os meus pais s\u00e3o milion\u00e1rios\u201d<\/strong>, esclareceu.<\/p>\n<p>O ex-concorrente fez ainda quest\u00e3o de relativizar o tema da viagem que muitos consideraram \u201cluxuosa\u201d.<\/p>\n<p><strong>\u201cEu duvido que algu\u00e9m termine uma rela\u00e7\u00e3o para ir para Las Vegas porque isso tamb\u00e9m n\u00e3o \u00e9 uma fortuna\u201d<\/strong>, afirmou.<\/p>\n<p>\u201cFoi acontecendo naturalmente\u201d: Dylan garante que In\u00eas n\u00e3o pensava no ex<\/p>\n<p>Al\u00e9m disso, Dylan explicou que In\u00eas nunca demonstrou estar presa ao namoro anterior.<\/p>\n<p><strong>\u201cEla nunca falou do namorado l\u00e1 dentro, falou pouqu\u00edssimo (\u2026) mas pelo que diz j\u00e1 estava com inten\u00e7\u00f5es de terminar\u201d<\/strong>, garantiu.<\/p>\n<p>Por fim, o ex-concorrente sublinhou que nada foi planeado.<\/p>\n<p><strong>\u201cAcabou por nos irmos aproximando, e foi uma coisa que foi acontecendo naturalmente. Eu n\u00e3o estava \u00e0 espera para ser sincero\u201d<\/strong>, rematou.<\/p>\n<p><a href=\"https:\/\/news.google.com\/publications\/CAAqBwgKMKfIoAswtNK4Aw\" target=\"_blank\" rel=\"noopener noreferrer nofollow\"><img loading=\"lazy\" data-lazyloaded=\"1\" width=\"481\" height=\"161\" decoding=\"async\" src=\"\/wp-content\/uploads\/2024\/02\/GN_siganos.png\" alt=\"Siga-nos no Google News\" style=\"margin-top:20px;\"\/><\/a><\/p>\n","protected":false},"excerpt":{"rendered":"Ap\u00f3s o Secret Story, Dylan quebra o sil\u00eancio sobre In\u00eas: \u201cNunca pensei que ela estivesse comigo pelo dinheiro\u201d,&hellip;\n","protected":false},"author":2,"featured_media":110143,"comment_status":"","ping_status":"","sticky":false,"template":"","format":"standard","meta":{"footnotes":""},"categories":[142],"tags":[2632,21040,114,115,25393,32,33,151],"class_list":{"0":"post-171873","1":"post","2":"type-post","3":"status-publish","4":"format-standard","5":"has-post-thumbnail","7":"category-tv","8":"tag-casa-dos-segredos","9":"tag-dylan-fonte","10":"tag-entertainment","11":"tag-entretenimento","12":"tag-ines-gama","13":"tag-portugal","14":"tag-pt","15":"tag-tv"},"share_on_mastodon":{"url":"https:\/\/pubeurope.com\/@pt\/115644881445872976","error":""},"_links":{"self":[{"href":"https:\/\/www.europesays.com\/pt\/wp-json\/wp\/v2\/posts\/171873","targetHints":{"allow":["GET"]}}],"collection":[{"href":"https:\/\/www.europesays.com\/pt\/wp-json\/wp\/v2\/posts"}],"about":[{"href":"https:\/\/www.europesays.com\/pt\/wp-json\/wp\/v2\/types\/post"}],"author":[{"embeddable":true,"href":"https:\/\/www.europesays.com\/pt\/wp-json\/wp\/v2\/users\/2"}],"replies":[{"embeddable":true,"href":"https:\/\/www.europesays.com\/pt\/wp-json\/wp\/v2\/comments?post=171873"}],"version-history":[{"count":0,"href":"https:\/\/www.europesays.com\/pt\/wp-json\/wp\/v2\/posts\/171873\/revisions"}],"wp:featuredmedia":[{"embeddable":true,"href":"https:\/\/www.europesays.com\/pt\/wp-json\/wp\/v2\/media\/110143"}],"wp:attachment":[{"href":"https:\/\/www.europesays.com\/pt\/wp-json\/wp\/v2\/media?parent=171873"}],"wp:term":[{"taxonomy":"category","embeddable":true,"href":"https:\/\/www.europesays.com\/pt\/wp-json\/wp\/v2\/categories?post=171873"},{"taxonomy":"post_tag","embeddable":true,"href":"https:\/\/www.europesays.com\/pt\/wp-json\/wp\/v2\/tags?post=171873"}],"curies":[{"name":"wp","href":"https:\/\/api.w.org\/{rel}","templated":true}]}}